{"id":929,"date":"2026-09-03T22:20:19","date_gmt":"2026-09-04T01:20:19","guid":{"rendered":"https:\/\/fronteiralivre.com.br\/es\/?p=929"},"modified":"2026-09-03T22:23:53","modified_gmt":"2026-09-04T01:23:53","slug":"el-salvador-de-bukele-menos-homicidios-mas-cuestionamientos","status":"publish","type":"post","link":"https:\/\/fronteiralivre.com.br\/es\/el-salvador-de-bukele-menos-homicidios-mas-cuestionamientos\/","title":{"rendered":"El Salvador de Bukele: menos homicidios, m\u00e1s cuestionamientos"},"content":{"rendered":"\n<p class=\"wp-block-paragraph\"><strong>San Salvador, SLV<\/strong> &#8211; Caminando por un vecindario construido sobre una colina, Ad\u00e9lia Rosales se\u00f1ala hacia un callej\u00f3n de La Campanera, en las afueras de San Salvador.<\/p>\n\n\n\n<p class=\"wp-block-paragraph\"><em>&#8220;Aqu\u00ed aparecieron cinco muertos&#8221;<\/em>, recuerda la maestra de preescolar, que durante a\u00f1os vivi\u00f3 en la zona junto a su esposo y sus dos hijos peque\u00f1os.<\/p>\n\n\n\n<p class=\"wp-block-paragraph\">La Campanera se gan\u00f3 durante la \u00faltima d\u00e9cada la reputaci\u00f3n de ser uno de los barrios m\u00e1s peligrosos de El Salvador. En ese per\u00edodo, la comunidad alberg\u00f3 a l\u00edderes del Barrio 18, una de las pandillas que durante a\u00f1os protagoniz\u00f3 una violenta disputa con la Mara Salvatrucha, conocida como MS-13.<\/p>\n\n\n\n<p class=\"wp-block-paragraph\">En 2015, El Salvador registr\u00f3 103 homicidios por cada 100.000 habitantes, la tasa m\u00e1s alta del mundo ese a\u00f1o y el peor indicador registrado en la historia del pa\u00eds. Gran parte de los asesinatos estaba relacionada con la guerra entre las dos principales organizaciones criminales.<\/p>\n\n\n\n<p class=\"wp-block-paragraph\"><em>&#8220;\u00cdbamos a la iglesia con mis hijos cuando escuchamos el alboroto&#8221;, recuerda Rosales.&nbsp;&#8220;Fue entonces cuando nos dimos cuenta de que hab\u00eda muchos muertos en la colonia&#8221;.<\/em><\/p>\n\n\n\n<p class=\"wp-block-paragraph\">Pero, seg\u00fan la maestra, la situaci\u00f3n comenz\u00f3 a cambiar en 2022.<\/p>\n\n\n\n<p class=\"wp-block-paragraph\">Ese a\u00f1o, la Asamblea Legislativa, controlada por aliados de Nayib Bukele, aprob\u00f3 un r\u00e9gimen de excepci\u00f3n para combatir la violencia. La medida, que contin\u00faa vigente, ampli\u00f3 las facultades de las fuerzas de seguridad y permiti\u00f3, entre otras disposiciones, realizar detenciones sin orden judicial y mantener a personas privadas de libertad durante per\u00edodos prolongados antes de una acusaci\u00f3n formal.<\/p>\n\n\n\n<p class=\"wp-block-paragraph\">Las restricciones tambi\u00e9n dificultaron el acceso de los detenidos a la defensa. Desde el inicio del r\u00e9gimen, unas 90.000 personas han sido encarceladas y acusadas de tener v\u00ednculos con pandillas. Entre ellas, seg\u00fan Rosales, estaban los criminales que durante a\u00f1os hab\u00edan aterrorizado a los habitantes de La Campanera.<\/p>\n\n\n\n<p class=\"wp-block-paragraph\"><em>&#8220;Ni en sue\u00f1os imaginaba que alg\u00fan d\u00eda eso cambiar\u00eda, \u00a1y que lo har\u00eda tan r\u00e1pido!&#8221;, afirma la maestra.<\/em><\/p>\n\n\n\n<p class=\"wp-block-paragraph\">Durante una visita realizada a La Campanera a finales de mayo, no se identificaron se\u00f1ales visibles de presencia de pandillas. Ni\u00f1os jugaban en las calles hasta altas horas de la noche, clientes permanec\u00edan en puestos de comida y decenas de soldados armados patrullaban el vecindario.<\/p>\n\n\n\n<h4 class=\"wp-block-heading\"><strong>El modelo de seguridad de Bukele<\/strong><\/h4>\n\n\n\n<p class=\"wp-block-paragraph\">La transformaci\u00f3n de La Campanera se convirti\u00f3 en uno de los ejemplos m\u00e1s visibles del resultado de la pol\u00edtica de seguridad de Bukele. El modelo salvadore\u00f1o tambi\u00e9n comenz\u00f3 a ser citado por candidatos y pol\u00edticos de otros pa\u00edses de Am\u00e9rica Latina.<\/p>\n\n\n\n<p class=\"wp-block-paragraph\">En Brasil, la estrategia de Bukele entr\u00f3 en el debate pol\u00edtico de cara a las elecciones generales de octubre. Candidatos como Fl\u00e1vio Bolsonaro (PL), Renan Santos (Misi\u00f3n), Ronaldo Caiado (PSD) y Romeu Zema (Novo) han expresado su admiraci\u00f3n por el presidente salvadore\u00f1o y defendido pol\u00edticas de seguridad inspiradas en sus m\u00e9todos. Bukele se convirti\u00f3 en una referencia para sectores pol\u00edticos de la regi\u00f3n y mantiene una elevada popularidad en El Salvador.<\/p>\n\n\n\n<p class=\"wp-block-paragraph\">En julio, un ranking de la consultora CB Global Data le atribuy\u00f3 un 67,4% de aprobaci\u00f3n, el mayor \u00edndice entre los l\u00edderes de Am\u00e9rica Latina incluidos en la medici\u00f3n.<\/p>\n\n\n\n<p class=\"wp-block-paragraph\">La pol\u00edtica de seguridad, sin embargo, estuvo acompa\u00f1ada por una fuerte concentraci\u00f3n de poder. Actualmente, 57 de los 60 diputados de la Asamblea Legislativa apoyan a Bukele. Para Rosales, muchos electores ni siquiera conocen los nombres de los parlamentarios.<\/p>\n\n\n\n<p class=\"wp-block-paragraph\"><em>&#8220;Votamos a ciegas, mientras se comprometan a apoyar al presidente&#8221;, admite.<\/em><\/p>\n\n\n\n<p class=\"wp-block-paragraph\">Desde 2021, el mandatario tampoco enfrenta una oposici\u00f3n relevante en el Poder Judicial. Ese a\u00f1o, el Congreso destituy\u00f3 a cinco magistrados de la Sala de lo Constitucional de la Corte Suprema de Justicia y los reemplaz\u00f3 por jueces afines al gobierno.<\/p>\n\n\n\n<p class=\"wp-block-paragraph\">Otros cambios legales y decisiones judiciales recientes allanaron el camino para una posible reelecci\u00f3n ilimitada y ampliaron el mandato presidencial a seis a\u00f1os. Bukele ya anunci\u00f3 que buscar\u00e1 un tercer mandato en las elecciones de 2027. Si vuelve a ganar, permanecer\u00eda en el poder hasta 2033, con un total de 14 a\u00f1os en la Presidencia.<\/p>\n\n\n\n<h4 class=\"wp-block-heading\"><strong>Menos homicidios, m\u00e1s pobreza<\/strong><\/h4>\n\n\n\n<p class=\"wp-block-paragraph\">La reducci\u00f3n de la violencia coincide con un per\u00edodo de crecimiento econ\u00f3mico, aunque los indicadores sociales muestran un panorama m\u00e1s complejo. El equipo period\u00edstico que recorri\u00f3 El Salvador durante 10 d\u00edas entre mayo y junio visit\u00f3 diferentes regiones del interior y de la costa, adem\u00e1s de San Salvador.<\/p>\n\n\n\n<p class=\"wp-block-paragraph\">Uno de los cambios m\u00e1s visibles es el crecimiento del mercado inmobiliario, impulsado en parte por salvadore\u00f1os residentes en el extranjero que apoyan a Bukele e invierten en el pa\u00eds. En proyectos inmobiliarios de la costa y de San Salvador, un apartamento de tres habitaciones puede superar los US$500.000. El Salvador utiliza el d\u00f3lar estadounidense como moneda desde 2001.<\/p>\n\n\n\n<p class=\"wp-block-paragraph\">En 2025, seg\u00fan el Fondo Monetario Internacional (FMI), la econom\u00eda salvadore\u00f1a creci\u00f3 3,9%, por encima del promedio de Centroam\u00e9rica, de 2,6%, y del promedio registrado durante los cinco a\u00f1os anteriores al gobierno de Bukele, de 2,4%.<\/p>\n\n\n\n<p class=\"wp-block-paragraph\">El desempleo cerr\u00f3 ese a\u00f1o en 4,72%. Los indicadores econ\u00f3micos, sin embargo, no se tradujeron en una reducci\u00f3n de la pobreza. Seg\u00fan el Banco Mundial, entre 2019 y 2023 la proporci\u00f3n de hogares salvadore\u00f1os por debajo de la l\u00ednea nacional de pobreza pas\u00f3 del 22,8% al 27,2%. En el mismo per\u00edodo, la proporci\u00f3n de familias por debajo de la l\u00ednea de pobreza extrema aument\u00f3 del 4,3% al 8,8%. <\/p>\n\n\n\n<p class=\"wp-block-paragraph\">El Banco Mundial atribuye parte de este aumento a la reducci\u00f3n de los ingresos y al deterioro de la calidad del empleo entre los sectores m\u00e1s pobres de la poblaci\u00f3n.<\/p>\n\n\n\n<p class=\"wp-block-paragraph\">Durante las entrevistas realizadas en el pa\u00eds, varios salvadore\u00f1os expresaron preocupaci\u00f3n por la situaci\u00f3n econ\u00f3mica, el mercado laboral y el costo de vida. En el centro de San Salvador, donde el gobierno desarrolla un proceso de renovaci\u00f3n urbana, los contrastes son visibles. <\/p>\n\n\n\n<p class=\"wp-block-paragraph\">En las \u00e1reas revitalizadas hay turistas, parques y aceras cuidadas, mientras el cableado el\u00e9ctrico fue enterrado. En las calles cercanas, sin embargo, persisten la basura, los vendedores ambulantes y los edificios deteriorados. Jos\u00e9 Manuel, vendedor de chatarra, considera que pocos salvadore\u00f1os se beneficiaron del crecimiento econ\u00f3mico.<\/p>\n\n\n\n<p class=\"wp-block-paragraph\"><em>&#8220;Es un maquillaje para que crean que estamos bien&#8221;, afirma al referirse a la renovaci\u00f3n del centro hist\u00f3rico.<\/em><\/p>\n\n\n\n<p class=\"wp-block-paragraph\"><em>&#8220;No hay esperanza de salir de este ciclo, porque no hay trabajos&#8221;<\/em>, <em>sostiene mientras camina entre televisores viejos, bicicletas usadas y otros objetos desechados.<\/em><\/p>\n\n\n\n<figure class=\"wp-block-image size-large\"><img loading=\"lazy\" decoding=\"async\" width=\"1024\" height=\"512\" src=\"https:\/\/fronteiralivre.com.br\/es\/wp-content\/uploads\/2026\/09\/Untitled-design-2-1024x512.webp\" alt=\"\" class=\"wp-image-933\" srcset=\"https:\/\/fronteiralivre.com.br\/es\/wp-content\/uploads\/2026\/09\/Untitled-design-2-1024x512.webp 1024w, https:\/\/fronteiralivre.com.br\/es\/wp-content\/uploads\/2026\/09\/Untitled-design-2-300x150.webp 300w, https:\/\/fronteiralivre.com.br\/es\/wp-content\/uploads\/2026\/09\/Untitled-design-2-768x384.webp 768w, https:\/\/fronteiralivre.com.br\/es\/wp-content\/uploads\/2026\/09\/Untitled-design-2.webp 1140w\" sizes=\"auto, (max-width: 1024px) 100vw, 1024px\" \/><figcaption class=\"wp-element-caption\">Foto: Colprensa.<\/figcaption><\/figure>\n\n\n\n<h4 class=\"wp-block-heading\"><strong>Las causas estructurales de la violencia<\/strong><\/h4>\n\n\n\n<p class=\"wp-block-paragraph\">Para Juan Carlos Torres, analista de seguridad y profesor de la Universidad Don Bosco, en San Salvador, Bukele consigui\u00f3 atacar la expresi\u00f3n m\u00e1s visible de la violencia, pero no necesariamente sus causas estructurales, entre ellas la pobreza y la desigualdad.<\/p>\n\n\n\n<p class=\"wp-block-paragraph\">Torres considera que parte de la popularidad del presidente tambi\u00e9n est\u00e1 relacionada con su capacidad de comunicaci\u00f3n y con el mensaje de que El Salvador se convirti\u00f3 en uno de los pa\u00edses m\u00e1s seguros del mundo.<\/p>\n\n\n\n<p class=\"wp-block-paragraph\"><em>&#8220;Eso hace que la gente crea eso y que levante el tel\u00e9fono para denunciar si ve a alg\u00fan delincuente&#8221;, afirma.<\/em><\/p>\n\n\n\n<p class=\"wp-block-paragraph\">En 2025, El Salvador registr\u00f3 1,3 homicidios por cada 100.000 habitantes, la tasa m\u00e1s baja de las Am\u00e9ricas. El indicador estuvo por debajo de Estados Unidos, con 4,0; Argentina, con 3,6; y Canad\u00e1, con 2,0. El contraste con 2015 es radical: aquel a\u00f1o, el pa\u00eds registr\u00f3 103 homicidios por cada 100.000 habitantes.<\/p>\n\n\n\n<p class=\"wp-block-paragraph\">La reducci\u00f3n de la violencia estuvo acompa\u00f1ada, sin embargo, por un aumento extraordinario de la poblaci\u00f3n penitenciaria.<\/p>\n\n\n\n<p class=\"wp-block-paragraph\">El Salvador registra actualmente 1.659 presos por cada 100.000 habitantes, equivalente al 1,6% de la poblaci\u00f3n. Es la tasa de encarcelamiento m\u00e1s alta del mundo. En Estados Unidos la tasa es de 542 presos por cada 100.000 habitantes y en Cuba alcanza 794, seg\u00fan World Prison Brief. Brasil ocupa el puesto 15 del ranking mundial, con una tasa de 460 presos por cada 100.000 habitantes.<\/p>\n\n\n\n<p class=\"wp-block-paragraph\">Organizaciones de derechos humanos cuestionan los criterios utilizados para realizar parte de las detenciones. Seg\u00fan estas entidades, algunos arrestos se basaron en denuncias an\u00f3nimas, caracter\u00edsticas f\u00edsicas o pruebas consideradas d\u00e9biles.<\/p>\n\n\n\n<p class=\"wp-block-paragraph\">El gobierno salvadore\u00f1o sostiene que las detenciones est\u00e1n respaldadas por la ley y afirma que unas 9.000 personas arrestadas durante el r\u00e9gimen de excepci\u00f3n fueron liberadas despu\u00e9s de que las investigaciones concluyeran que no ten\u00edan v\u00ednculos con organizaciones criminales. Ese grupo representa aproximadamente el 10% del total de personas detenidas bajo el r\u00e9gimen.<\/p>\n\n\n\n<h4 class=\"wp-block-heading\"><strong>Familias que todav\u00eda esperan respuestas<\/strong><\/h4>\n\n\n\n<p class=\"wp-block-paragraph\">Los hermanos Jos\u00e9 Alfredo y Vidal Adalberto Vega Gonz\u00e1lez fueron arrestados el 17 de mayo de 2022. Viv\u00edan en Bajo Lempa, una zona rural ubicada unos 100 kil\u00f3metros al sur de San Salvador. Su madre, Marta Elena Gonz\u00e1lez, asegura que sus hijos trabajaban en la pesca de camar\u00f3n y que nunca tuvieron relaci\u00f3n con organizaciones criminales.<\/p>\n\n\n\n<p class=\"wp-block-paragraph\">Seg\u00fan ella, ambos fueron detenidos a partir de denuncias an\u00f3nimas y acusados de tener v\u00ednculos con pandillas. Durante tres a\u00f1os, Marta no supo qu\u00e9 hab\u00eda ocurrido con sus hijos. Solo conoc\u00eda el nombre de la prisi\u00f3n donde estaban recluidos y acud\u00eda cada mes para entregar alimentos y art\u00edculos b\u00e1sicos de higiene, conocidos por los familiares de los presos como &#8220;paquete&#8221;.<\/p>\n\n\n\n<p class=\"wp-block-paragraph\">En abril de 2025, mientras revisaba Facebook, encontr\u00f3 una fotograf\u00eda de su hijo menor, <strong>Jos\u00e9 Alfredo<\/strong>, en una publicaci\u00f3n que informaba sobre su muerte. La publicaci\u00f3n hab\u00eda sido realizada por una funeraria.<\/p>\n\n\n\n<p class=\"wp-block-paragraph\"><em>&#8220;As\u00ed fue como nos enteramos de su muerte. Nadie en la prisi\u00f3n nos avis\u00f3&#8221;, afirma.<\/em><\/p>\n\n\n\n<p class=\"wp-block-paragraph\">Al comunicarse con la funeraria, Marta descubri\u00f3 que su hijo hab\u00eda pasado nueve d\u00edas hospitalizado debido a una infecci\u00f3n bacteriana antes de morir.<\/p>\n\n\n\n<p class=\"wp-block-paragraph\"><em>&#8220;Y ni siquiera me avisaron para que pudiera verlo por \u00faltima vez&#8221;, cuenta la madre.<\/em><\/p>\n\n\n\n<p class=\"wp-block-paragraph\"><em>&#8220;Cuando se lo llevaron, ni siquiera estaba enfermo&#8221;, agrega.<\/em><\/p>\n\n\n\n<p class=\"wp-block-paragraph\"><em>&#8220;Nos quedan muchas preguntas sin respuesta&#8221;, afirma.<\/em><\/p>\n\n\n\n<p class=\"wp-block-paragraph\">Jos\u00e9 Alfredo dej\u00f3 una hija de siete a\u00f1os, que actualmente est\u00e1 bajo el cuidado de su exesposa. \u00c9l es una de las 537 personas detenidas durante el r\u00e9gimen de excepci\u00f3n que murieron bajo custodia del Estado antes de ser juzgadas, seg\u00fan Ayuda Legal Humanitaria, una organizaci\u00f3n no gubernamental salvadore\u00f1a.<\/p>\n\n\n\n<p class=\"wp-block-paragraph\">Organizaciones de derechos humanos sostienen que el sistema judicial est\u00e1 saturado y no tiene capacidad para procesar la cantidad de personas privadas de libertad que esperan juicio. Seg\u00fan estas organizaciones, algunos detenidos pueden permanecer a\u00f1os en prisi\u00f3n sin una acusaci\u00f3n formal o sin conocer con claridad de qu\u00e9 se les acusa.<\/p>\n\n\n\n<p class=\"wp-block-paragraph\">Familiares entrevistados tambi\u00e9n reportaron casos de personas cuya liberaci\u00f3n fue ordenada por la justicia pero que permanecieron durante meses en prisi\u00f3n a la espera de que la decisi\u00f3n fuera ejecutada.<\/p>\n\n\n\n<p class=\"wp-block-paragraph\">El gobierno de El Salvador fue consultado sobre estos casos, pero no respondi\u00f3. Tambi\u00e9n fueron rechazadas reiteradas solicitudes de entrevistas con ministros y diputados aliados de Bukele para abordar la pol\u00edtica de seguridad.<\/p>\n\n\n\n<p class=\"wp-block-paragraph\">En 2026, el gobierno implement\u00f3 juicios colectivos para miles de personas acusadas de pertenecer a pandillas, con el objetivo de reducir la sobrecarga del sistema judicial. Los cr\u00edticos sostienen que estos procesos dificultan el an\u00e1lisis individual de cada caso y afectan el derecho de los acusados a la defensa.<\/p>\n\n\n\n<h4 class=\"wp-block-heading\"><strong>Cr\u00edticas al modelo y concentraci\u00f3n de poder<\/strong><\/h4>\n\n\n\n<p class=\"wp-block-paragraph\">Samuel Ram\u00edrez, coordinador del Movimiento de V\u00edctimas del R\u00e9gimen (Movir), organizaci\u00f3n que re\u00fane a familiares de personas encarceladas bajo el r\u00e9gimen de excepci\u00f3n, sostiene que El Salvador se convirti\u00f3 en una dictadura.<\/p>\n\n\n\n<p class=\"wp-block-paragraph\"><em>&#8220;\u00c9l (Bukele) dirige el pa\u00eds como si fuera su propia empresa y no permite que nadie lo contradiga&#8221;, afirma <strong>Ram\u00edrez.<\/strong><\/em><\/p>\n\n\n\n<p class=\"wp-block-paragraph\"> Durante la guerra civil salvadore\u00f1a, entre 1979 y 1992, Ram\u00edrez fue guerrillero del Frente Farabundo Mart\u00ed para la Liberaci\u00f3n Nacional (FMLN), organizaci\u00f3n que combati\u00f3 contra las fuerzas gubernamentales apoyadas por Estados Unidos.Despu\u00e9s del conflicto, el FMLN se convirti\u00f3 en partido pol\u00edtico. Bukele inici\u00f3 su carrera pol\u00edtica dentro de esa agrupaci\u00f3n. En 2012 fue elegido alcalde de Nuevo Cuscatl\u00e1n y en 2015 asumi\u00f3 como alcalde de San Salvador.<\/p>\n\n\n\n<p class=\"wp-block-paragraph\">Posteriormente fue expulsado del FMLN debido a desacuerdos internos y cre\u00f3 Nuevas Ideas, partido que actualmente lidera y que rechaza las etiquetas tradicionales de izquierda y derecha. Analistas, sin embargo, lo describen como conservador. Ram\u00edrez matiza su caracterizaci\u00f3n del gobierno y afirma que no considera que la administraci\u00f3n Bukele sea una dictadura cl\u00e1sica, ya que, seg\u00fan \u00e9l, mantiene la apariencia de un sistema democr\u00e1tico.<\/p>\n\n\n\n<p class=\"wp-block-paragraph\"><em>&#8220;Bukele&nbsp;no es como Hitler o Pinochet. Nunca orden\u00f3 que nos disparen durante una manifestaci\u00f3n, nunca orden\u00f3 que nos asesinen, porque sabe que hoy todos llevamos un celular&#8221;,<\/em> afirma.<\/p>\n\n\n\n<p class=\"wp-block-paragraph\">Ram\u00edrez habl\u00f3 durante una manifestaci\u00f3n realizada en mayo, cuando decenas de mujeres marcharon hasta la sede de la Fiscal\u00eda General de la Rep\u00fablica, en San Salvador, para entregar una carta en la que solicitaban la liberaci\u00f3n de sus hijos.<\/p>\n\n\n\n<p class=\"wp-block-paragraph\">Para el polit\u00f3logo canadiense y especialista en seguridad p\u00fablica <strong>Robert Muggah<\/strong>, los resultados de la pol\u00edtica de seguridad de Bukele son evidentes, pero tuvieron un costo institucional.<\/p>\n\n\n\n<p class=\"wp-block-paragraph\"><em>&#8220;Mi preocupaci\u00f3n es que, a largo plazo, esto tiene serias implicaciones para la independencia de los tribunales, para los derechos civiles y para las garant\u00edas de los ciudadanos&#8221;, se\u00f1ala.<\/em><\/p>\n\n\n\n<p class=\"wp-block-paragraph\">Los cr\u00edticos tambi\u00e9n acusan al gobierno de perseguir a opositores, periodistas y defensores de derechos humanos. Algunos de ellos abandonaron el pa\u00eds alegando temor por su seguridad.<\/p>\n\n\n\n<p class=\"wp-block-paragraph\">El medio digital salvadore\u00f1o El Faro, uno de los principales cr\u00edticos del gobierno, traslad\u00f3 su sede a Costa Rica en abril de 2023. Representantes del medio se\u00f1alaron que la decisi\u00f3n estuvo relacionada, entre otros factores, con el temor de que sus periodistas fueran acusados de colaborar con las pandillas debido a la amplia interpretaci\u00f3n de las leyes adoptadas para combatirlas.<\/p>\n\n\n\n<p class=\"wp-block-paragraph\">Bukele niega las acusaciones de persecuci\u00f3n contra periodistas y organizaciones de derechos humanos. En distintas ocasiones ha acusado a estos sectores de preocuparse m\u00e1s por los derechos de los delincuentes que por los de los ciudadanos afectados por la violencia.<\/p>\n\n\n\n<h4 class=\"wp-block-heading\"><strong>Un modelo dif\u00edcil de replicar<\/strong><\/h4>\n\n\n\n<p class=\"wp-block-paragraph\">Muggah tambi\u00e9n cuestiona la posibilidad de aplicar la estrategia salvadore\u00f1a en pa\u00edses de mayor tama\u00f1o, como Brasil. Seg\u00fan el especialista, las pandillas salvadore\u00f1as ten\u00edan una estructura particularmente territorial y utilizaban marcas visibles, como tatuajes, que facilitaban la identificaci\u00f3n de sus integrantes.<\/p>\n\n\n\n<p class=\"wp-block-paragraph\">Adem\u00e1s, El Salvador no representa un mercado importante de drogas ni constituye una ruta indispensable para el tr\u00e1fico internacional, factores que limitan el poder y la capacidad de expansi\u00f3n de las organizaciones criminales, sostiene. El Comando Vermelho (CV) y el Primeiro Comando da Capital (PCC), las principales organizaciones criminales de Brasil, tienen una estructura diferente.<\/p>\n\n\n\n<p class=\"wp-block-paragraph\">Para Muggah, estas organizaciones&nbsp;<strong>&#8220;funcionan m\u00e1s como empresas multinacionales que como pandillas callejeras&#8221;<\/strong>, lo que dificulta la aplicaci\u00f3n de una estrategia similar a la utilizada en El Salvador. El caso de Ecuador tambi\u00e9n muestra los l\u00edmites de replicar el modelo. Desde 2024, el gobierno ecuatoriano utiliza un r\u00e9gimen de excepci\u00f3n para combatir el crimen organizado y, pese a la estrategia, el pa\u00eds registr\u00f3 un n\u00famero r\u00e9cord de homicidios en 2025.<\/p>\n\n\n\n<p class=\"wp-block-paragraph\"><em>&#8220;Lo que pas\u00f3 all\u00ed fue que la violencia termin\u00f3 desplaz\u00e1ndose a otras \u00e1reas&#8221;, observa Muggah.<\/em><\/p>\n\n\n\n<h4 class=\"wp-block-heading\"><strong>&#8220;El miedo ahora es otro&#8221;<\/strong><\/h4>\n\n\n\n<p class=\"wp-block-paragraph\">La reducci\u00f3n de los homicidios lleva a algunos sectores de la sociedad salvadore\u00f1a a cuestionar por qu\u00e9 el r\u00e9gimen de excepci\u00f3n contin\u00faa vigente, especialmente porque la medida debe ser renovada cada 30 d\u00edas. Para el artista Melvin G\u00f3mez, que imparte clases de pintura a j\u00f3venes de una comunidad pobre en las afueras de San Salvador, la percepci\u00f3n de seguridad cambi\u00f3, pero tambi\u00e9n surgi\u00f3 un nuevo temor.<\/p>\n\n\n\n<p class=\"wp-block-paragraph\"><em>&#8220;El miedo ahora es otro: que la gente no pueda alzar la voz, su derecho a manifestarse, porque hay un r\u00e9gimen&#8221;, afirma.<\/em><\/p>\n\n\n\n<p class=\"wp-block-paragraph\">En La Campanera, Ad\u00e9lia Rosales mantiene una visi\u00f3n favorable al gobierno y espera que Bukele permanezca en el poder durante varios a\u00f1os.<\/p>\n\n\n\n<p class=\"wp-block-paragraph\"><em>&#8220;Siento que a\u00fan no ha terminado el proyecto para dejarnos la seguridad ya establecida&#8221;, sostiene.<\/em><\/p>\n\n\n\n<p class=\"wp-block-paragraph\">Cuando se le pregunta si teme que El Salvador repita una historia frecuente en Am\u00e9rica Latina, en la que presidentes populares terminan convirti\u00e9ndose en l\u00edderes autoritarios que se niegan a abandonar el poder, Rosales reconoce que esa posibilidad existe.<\/p>\n\n\n\n<p class=\"wp-block-paragraph\"><em>&#8220;Puede pasar. Nada est\u00e1 escrito en piedra, la pol\u00edtica es un proceso din\u00e1mico&#8221;, responde.<\/em><\/p>\n\n\n\n<p class=\"wp-block-paragraph\">A pesar de las dudas sobre el futuro pol\u00edtico del pa\u00eds, la maestra sostiene que la transformaci\u00f3n de la seguridad le permite mirar con esperanza los pr\u00f3ximos a\u00f1os.<\/p>\n\n\n\n<p class=\"wp-block-paragraph\"><em>&#8220;Algunos pueden decir que la vida est\u00e1 cara, pero comer un plato de frijoles tranquilo no es lo mismo que comer un pedazo de carne pensando que van a tocar tu puerta y que te van a llevar&#8221;.<\/em><\/p>\n","protected":false},"excerpt":{"rendered":"<p>En 2015, El Salvador registr\u00f3 103 homicidios por cada 100.000 habitantes, la tasa m\u00e1s alta del mundo ese a\u00f1o y el peor indicador registrado en la historia del pa\u00eds. Gran parte de los asesinatos estaba relacionada con la guerra entre las dos principales organizaciones criminales.<\/p>\n","protected":false},"author":7,"featured_media":930,"comment_status":"open","ping_status":"open","sticky":false,"template":"","format":"standard","meta":{"_sub_headline":"El r\u00e9gimen de excepci\u00f3n redujo los homicidios a m\u00ednimos hist\u00f3ricos, mientras aumentan las cr\u00edticas por encarcelamientos, pobreza y concentraci\u00f3n de poder en El Salvador","videourl":"","footnotes":""},"categories":[37],"tags":[2106,1130,2108,2102,199,1053,2104,2105,2109,1544,2101,135,2103],"class_list":["post-929","post","type-post","status-publish","format-standard","has-post-thumbnail","hentry","category-sociedad","tag-asesinatos","tag-bukele","tag-carceles","tag-concentracion-del-poder","tag-derechos-humanos","tag-el-salvador","tag-homicidios","tag-maras","tag-pandillas","tag-pobreza","tag-regimen","tag-seguridad","tag-violencia-2"],"yoast_head":"<!-- This site is optimized with the Yoast SEO plugin v28.3 - https:\/\/yoast.com\/product\/yoast-seo-wordpress\/ -->\n<title>El Salvador de Bukele: menos homicidios, m\u00e1s cuestionamientos - Fronteira Livre<\/title>\n<meta name=\"description\" content=\"El Salvador redujo dr\u00e1sticamente los homicidios durante el gobierno de Nayib Bukele, pero el r\u00e9gimen de excepci\u00f3n genera cr\u00edticas por las\" \/>\n<meta name=\"robots\" content=\"index, follow, max-snippet:-1, max-image-preview:large, max-video-preview:-1\" \/>\n<link rel=\"canonical\" href=\"https:\/\/fronteiralivre.com.br\/es\/el-salvador-de-bukele-menos-homicidios-mas-cuestionamientos\/\" \/>\n<meta property=\"og:locale\" content=\"es_ES\" \/>\n<meta property=\"og:type\" content=\"article\" \/>\n<meta property=\"og:title\" content=\"El Salvador de Bukele: menos homicidios, m\u00e1s cuestionamientos - Fronteira Livre\" \/>\n<meta property=\"og:description\" content=\"El Salvador redujo dr\u00e1sticamente los homicidios durante el gobierno de Nayib Bukele, pero el r\u00e9gimen de excepci\u00f3n genera cr\u00edticas por las\" \/>\n<meta property=\"og:url\" content=\"https:\/\/fronteiralivre.com.br\/es\/el-salvador-de-bukele-menos-homicidios-mas-cuestionamientos\/\" \/>\n<meta property=\"og:site_name\" content=\"Fronteira Livre\" \/>\n<meta property=\"article:published_time\" content=\"2026-09-04T01:20:19+00:00\" \/>\n<meta property=\"article:modified_time\" content=\"2026-09-04T01:23:53+00:00\" \/>\n<meta property=\"og:image\" content=\"https:\/\/fronteiralivre.com.br\/es\/wp-content\/uploads\/2026\/09\/Untitled-design-1.webp\" \/>\n\t<meta property=\"og:image:width\" content=\"1140\" \/>\n\t<meta property=\"og:image:height\" content=\"570\" \/>\n\t<meta property=\"og:image:type\" content=\"image\/webp\" \/>\n<meta name=\"author\" content=\"Steve Rodr\u00edguez\" \/>\n<meta name=\"twitter:card\" content=\"summary_large_image\" \/>\n<meta name=\"twitter:label1\" content=\"Escrito por\" \/>\n\t<meta name=\"twitter:data1\" content=\"Steve Rodr\u00edguez\" \/>\n\t<meta name=\"twitter:label2\" content=\"Tiempo de lectura\" \/>\n\t<meta name=\"twitter:data2\" content=\"13 minutos\" \/>\n<script type=\"application\/ld+json\" class=\"yoast-schema-graph\">{\"@context\":\"https:\\\/\\\/schema.org\",\"@graph\":[{\"@type\":\"Article\",\"@id\":\"https:\\\/\\\/fronteiralivre.com.br\\\/es\\\/el-salvador-de-bukele-menos-homicidios-mas-cuestionamientos\\\/#article\",\"isPartOf\":{\"@id\":\"https:\\\/\\\/fronteiralivre.com.br\\\/es\\\/el-salvador-de-bukele-menos-homicidios-mas-cuestionamientos\\\/\"},\"author\":{\"name\":\"Steve Rodr\u00edguez\",\"@id\":\"https:\\\/\\\/fronteiralivre.com.br\\\/es\\\/#\\\/schema\\\/person\\\/3c3ddfa3b04a2720a84b3f9bdf3dbd6b\"},\"headline\":\"El Salvador de Bukele: menos homicidios, m\u00e1s cuestionamientos\",\"datePublished\":\"2026-09-04T01:20:19+00:00\",\"dateModified\":\"2026-09-04T01:23:53+00:00\",\"mainEntityOfPage\":{\"@id\":\"https:\\\/\\\/fronteiralivre.com.br\\\/es\\\/el-salvador-de-bukele-menos-homicidios-mas-cuestionamientos\\\/\"},\"wordCount\":2884,\"commentCount\":0,\"image\":{\"@id\":\"https:\\\/\\\/fronteiralivre.com.br\\\/es\\\/el-salvador-de-bukele-menos-homicidios-mas-cuestionamientos\\\/#primaryimage\"},\"thumbnailUrl\":\"https:\\\/\\\/fronteiralivre.com.br\\\/es\\\/wp-content\\\/uploads\\\/2026\\\/09\\\/Untitled-design-1.webp\",\"keywords\":[\"asesinatos\",\"Bukele\",\"c\u00e1rceles\",\"concentraci\u00f3n del poder\",\"derechos humanos\",\"El Salvador\",\"homicidios\",\"maras\",\"pandillas\",\"Pobreza\",\"regimen\",\"seguridad\",\"violencia\"],\"articleSection\":[\"Sociedad\"],\"inLanguage\":\"es-AR\",\"potentialAction\":[{\"@type\":\"CommentAction\",\"name\":\"Comment\",\"target\":[\"https:\\\/\\\/fronteiralivre.com.br\\\/es\\\/el-salvador-de-bukele-menos-homicidios-mas-cuestionamientos\\\/#respond\"]}]},{\"@type\":\"WebPage\",\"@id\":\"https:\\\/\\\/fronteiralivre.com.br\\\/es\\\/el-salvador-de-bukele-menos-homicidios-mas-cuestionamientos\\\/\",\"url\":\"https:\\\/\\\/fronteiralivre.com.br\\\/es\\\/el-salvador-de-bukele-menos-homicidios-mas-cuestionamientos\\\/\",\"name\":\"El Salvador de Bukele: menos homicidios, m\u00e1s cuestionamientos - Fronteira Livre\",\"isPartOf\":{\"@id\":\"https:\\\/\\\/fronteiralivre.com.br\\\/es\\\/#website\"},\"primaryImageOfPage\":{\"@id\":\"https:\\\/\\\/fronteiralivre.com.br\\\/es\\\/el-salvador-de-bukele-menos-homicidios-mas-cuestionamientos\\\/#primaryimage\"},\"image\":{\"@id\":\"https:\\\/\\\/fronteiralivre.com.br\\\/es\\\/el-salvador-de-bukele-menos-homicidios-mas-cuestionamientos\\\/#primaryimage\"},\"thumbnailUrl\":\"https:\\\/\\\/fronteiralivre.com.br\\\/es\\\/wp-content\\\/uploads\\\/2026\\\/09\\\/Untitled-design-1.webp\",\"datePublished\":\"2026-09-04T01:20:19+00:00\",\"dateModified\":\"2026-09-04T01:23:53+00:00\",\"author\":{\"@id\":\"https:\\\/\\\/fronteiralivre.com.br\\\/es\\\/#\\\/schema\\\/person\\\/3c3ddfa3b04a2720a84b3f9bdf3dbd6b\"},\"description\":\"El Salvador redujo dr\u00e1sticamente los homicidios durante el gobierno de Nayib Bukele, pero el r\u00e9gimen de excepci\u00f3n genera cr\u00edticas por las\",\"breadcrumb\":{\"@id\":\"https:\\\/\\\/fronteiralivre.com.br\\\/es\\\/el-salvador-de-bukele-menos-homicidios-mas-cuestionamientos\\\/#breadcrumb\"},\"inLanguage\":\"es-AR\",\"potentialAction\":[{\"@type\":\"ReadAction\",\"target\":[\"https:\\\/\\\/fronteiralivre.com.br\\\/es\\\/el-salvador-de-bukele-menos-homicidios-mas-cuestionamientos\\\/\"]}]},{\"@type\":\"ImageObject\",\"inLanguage\":\"es-AR\",\"@id\":\"https:\\\/\\\/fronteiralivre.com.br\\\/es\\\/el-salvador-de-bukele-menos-homicidios-mas-cuestionamientos\\\/#primaryimage\",\"url\":\"https:\\\/\\\/fronteiralivre.com.br\\\/es\\\/wp-content\\\/uploads\\\/2026\\\/09\\\/Untitled-design-1.webp\",\"contentUrl\":\"https:\\\/\\\/fronteiralivre.com.br\\\/es\\\/wp-content\\\/uploads\\\/2026\\\/09\\\/Untitled-design-1.webp\",\"width\":1140,\"height\":570,\"caption\":\"La mano dura de Bukele redujo los homicidios, pero abri\u00f3 nuevas dudas sobre los derechos humanos y el poder. Foto: Colprensa.\"},{\"@type\":\"BreadcrumbList\",\"@id\":\"https:\\\/\\\/fronteiralivre.com.br\\\/es\\\/el-salvador-de-bukele-menos-homicidios-mas-cuestionamientos\\\/#breadcrumb\",\"itemListElement\":[{\"@type\":\"ListItem\",\"position\":1,\"name\":\"Home\",\"item\":\"https:\\\/\\\/fronteiralivre.com.br\\\/es\\\/\"},{\"@type\":\"ListItem\",\"position\":2,\"name\":\"El Salvador de Bukele: menos homicidios, m\u00e1s cuestionamientos\"}]},{\"@type\":\"WebSite\",\"@id\":\"https:\\\/\\\/fronteiralivre.com.br\\\/es\\\/#website\",\"url\":\"https:\\\/\\\/fronteiralivre.com.br\\\/es\\\/\",\"name\":\"Fronteira Livre\",\"description\":\"De Foz do Igua\u00e7u para el mundo.\",\"potentialAction\":[{\"@type\":\"SearchAction\",\"target\":{\"@type\":\"EntryPoint\",\"urlTemplate\":\"https:\\\/\\\/fronteiralivre.com.br\\\/es\\\/?s={search_term_string}\"},\"query-input\":{\"@type\":\"PropertyValueSpecification\",\"valueRequired\":true,\"valueName\":\"search_term_string\"}}],\"inLanguage\":\"es-AR\"},{\"@type\":\"Person\",\"@id\":\"https:\\\/\\\/fronteiralivre.com.br\\\/es\\\/#\\\/schema\\\/person\\\/3c3ddfa3b04a2720a84b3f9bdf3dbd6b\",\"name\":\"Steve Rodr\u00edguez\",\"image\":{\"@type\":\"ImageObject\",\"inLanguage\":\"es-AR\",\"@id\":\"https:\\\/\\\/secure.gravatar.com\\\/avatar\\\/fc4acaf4a72962ec0c75e1dba58041dba48457881f6bce3b14ad81e35610c6f3?s=96&d=mm&r=g\",\"url\":\"https:\\\/\\\/secure.gravatar.com\\\/avatar\\\/fc4acaf4a72962ec0c75e1dba58041dba48457881f6bce3b14ad81e35610c6f3?s=96&d=mm&r=g\",\"contentUrl\":\"https:\\\/\\\/secure.gravatar.com\\\/avatar\\\/fc4acaf4a72962ec0c75e1dba58041dba48457881f6bce3b14ad81e35610c6f3?s=96&d=mm&r=g\",\"caption\":\"Steve Rodr\u00edguez\"},\"description\":\"Steve Rodr\u00edguez es reportero de Fronteira Livre, investigador y doctorando en la Universidad Federal de Integraci\u00f3n Latinoamericana (UNILA). Posee una formaci\u00f3n interdisciplinaria en narrativa audiovisual, estudios culturales latinoamericanos y pr\u00e1cticas pedag\u00f3gicas anticoloniales. Su trayectoria articula la creaci\u00f3n art\u00edstica en \u00e1mbitos como el teatro, el cine y la cultura visual con la reflexi\u00f3n cr\u00edtica y la investigaci\u00f3n acad\u00e9mica, desde una perspectiva inspirada en los estudios visuales desarrollados por Nicholas Mirzoeff.\",\"url\":\"https:\\\/\\\/fronteiralivre.com.br\\\/es\\\/author\\\/steverodrigues\\\/\"}]}<\/script>\n<!-- \/ Yoast SEO plugin. -->","yoast_head_json":{"title":"El Salvador de Bukele: menos homicidios, m\u00e1s cuestionamientos - Fronteira Livre","description":"El Salvador redujo dr\u00e1sticamente los homicidios durante el gobierno de Nayib Bukele, pero el r\u00e9gimen de excepci\u00f3n genera cr\u00edticas por las","robots":{"index":"index","follow":"follow","max-snippet":"max-snippet:-1","max-image-preview":"max-image-preview:large","max-video-preview":"max-video-preview:-1"},"canonical":"https:\/\/fronteiralivre.com.br\/es\/el-salvador-de-bukele-menos-homicidios-mas-cuestionamientos\/","og_locale":"es_ES","og_type":"article","og_title":"El Salvador de Bukele: menos homicidios, m\u00e1s cuestionamientos - Fronteira Livre","og_description":"El Salvador redujo dr\u00e1sticamente los homicidios durante el gobierno de Nayib Bukele, pero el r\u00e9gimen de excepci\u00f3n genera cr\u00edticas por las","og_url":"https:\/\/fronteiralivre.com.br\/es\/el-salvador-de-bukele-menos-homicidios-mas-cuestionamientos\/","og_site_name":"Fronteira Livre","article_published_time":"2026-09-04T01:20:19+00:00","article_modified_time":"2026-09-04T01:23:53+00:00","og_image":[{"width":1140,"height":570,"url":"https:\/\/fronteiralivre.com.br\/es\/wp-content\/uploads\/2026\/09\/Untitled-design-1.webp","type":"image\/webp"}],"author":"Steve Rodr\u00edguez","twitter_card":"summary_large_image","twitter_misc":{"Escrito por":"Steve Rodr\u00edguez","Tiempo de lectura":"13 minutos"},"schema":{"@context":"https:\/\/schema.org","@graph":[{"@type":"Article","@id":"https:\/\/fronteiralivre.com.br\/es\/el-salvador-de-bukele-menos-homicidios-mas-cuestionamientos\/#article","isPartOf":{"@id":"https:\/\/fronteiralivre.com.br\/es\/el-salvador-de-bukele-menos-homicidios-mas-cuestionamientos\/"},"author":{"name":"Steve Rodr\u00edguez","@id":"https:\/\/fronteiralivre.com.br\/es\/#\/schema\/person\/3c3ddfa3b04a2720a84b3f9bdf3dbd6b"},"headline":"El Salvador de Bukele: menos homicidios, m\u00e1s cuestionamientos","datePublished":"2026-09-04T01:20:19+00:00","dateModified":"2026-09-04T01:23:53+00:00","mainEntityOfPage":{"@id":"https:\/\/fronteiralivre.com.br\/es\/el-salvador-de-bukele-menos-homicidios-mas-cuestionamientos\/"},"wordCount":2884,"commentCount":0,"image":{"@id":"https:\/\/fronteiralivre.com.br\/es\/el-salvador-de-bukele-menos-homicidios-mas-cuestionamientos\/#primaryimage"},"thumbnailUrl":"https:\/\/fronteiralivre.com.br\/es\/wp-content\/uploads\/2026\/09\/Untitled-design-1.webp","keywords":["asesinatos","Bukele","c\u00e1rceles","concentraci\u00f3n del poder","derechos humanos","El Salvador","homicidios","maras","pandillas","Pobreza","regimen","seguridad","violencia"],"articleSection":["Sociedad"],"inLanguage":"es-AR","potentialAction":[{"@type":"CommentAction","name":"Comment","target":["https:\/\/fronteiralivre.com.br\/es\/el-salvador-de-bukele-menos-homicidios-mas-cuestionamientos\/#respond"]}]},{"@type":"WebPage","@id":"https:\/\/fronteiralivre.com.br\/es\/el-salvador-de-bukele-menos-homicidios-mas-cuestionamientos\/","url":"https:\/\/fronteiralivre.com.br\/es\/el-salvador-de-bukele-menos-homicidios-mas-cuestionamientos\/","name":"El Salvador de Bukele: menos homicidios, m\u00e1s cuestionamientos - Fronteira Livre","isPartOf":{"@id":"https:\/\/fronteiralivre.com.br\/es\/#website"},"primaryImageOfPage":{"@id":"https:\/\/fronteiralivre.com.br\/es\/el-salvador-de-bukele-menos-homicidios-mas-cuestionamientos\/#primaryimage"},"image":{"@id":"https:\/\/fronteiralivre.com.br\/es\/el-salvador-de-bukele-menos-homicidios-mas-cuestionamientos\/#primaryimage"},"thumbnailUrl":"https:\/\/fronteiralivre.com.br\/es\/wp-content\/uploads\/2026\/09\/Untitled-design-1.webp","datePublished":"2026-09-04T01:20:19+00:00","dateModified":"2026-09-04T01:23:53+00:00","author":{"@id":"https:\/\/fronteiralivre.com.br\/es\/#\/schema\/person\/3c3ddfa3b04a2720a84b3f9bdf3dbd6b"},"description":"El Salvador redujo dr\u00e1sticamente los homicidios durante el gobierno de Nayib Bukele, pero el r\u00e9gimen de excepci\u00f3n genera cr\u00edticas por las","breadcrumb":{"@id":"https:\/\/fronteiralivre.com.br\/es\/el-salvador-de-bukele-menos-homicidios-mas-cuestionamientos\/#breadcrumb"},"inLanguage":"es-AR","potentialAction":[{"@type":"ReadAction","target":["https:\/\/fronteiralivre.com.br\/es\/el-salvador-de-bukele-menos-homicidios-mas-cuestionamientos\/"]}]},{"@type":"ImageObject","inLanguage":"es-AR","@id":"https:\/\/fronteiralivre.com.br\/es\/el-salvador-de-bukele-menos-homicidios-mas-cuestionamientos\/#primaryimage","url":"https:\/\/fronteiralivre.com.br\/es\/wp-content\/uploads\/2026\/09\/Untitled-design-1.webp","contentUrl":"https:\/\/fronteiralivre.com.br\/es\/wp-content\/uploads\/2026\/09\/Untitled-design-1.webp","width":1140,"height":570,"caption":"La mano dura de Bukele redujo los homicidios, pero abri\u00f3 nuevas dudas sobre los derechos humanos y el poder. Foto: Colprensa."},{"@type":"BreadcrumbList","@id":"https:\/\/fronteiralivre.com.br\/es\/el-salvador-de-bukele-menos-homicidios-mas-cuestionamientos\/#breadcrumb","itemListElement":[{"@type":"ListItem","position":1,"name":"Home","item":"https:\/\/fronteiralivre.com.br\/es\/"},{"@type":"ListItem","position":2,"name":"El Salvador de Bukele: menos homicidios, m\u00e1s cuestionamientos"}]},{"@type":"WebSite","@id":"https:\/\/fronteiralivre.com.br\/es\/#website","url":"https:\/\/fronteiralivre.com.br\/es\/","name":"Fronteira Livre","description":"De Foz do Igua\u00e7u para el mundo.","potentialAction":[{"@type":"SearchAction","target":{"@type":"EntryPoint","urlTemplate":"https:\/\/fronteiralivre.com.br\/es\/?s={search_term_string}"},"query-input":{"@type":"PropertyValueSpecification","valueRequired":true,"valueName":"search_term_string"}}],"inLanguage":"es-AR"},{"@type":"Person","@id":"https:\/\/fronteiralivre.com.br\/es\/#\/schema\/person\/3c3ddfa3b04a2720a84b3f9bdf3dbd6b","name":"Steve Rodr\u00edguez","image":{"@type":"ImageObject","inLanguage":"es-AR","@id":"https:\/\/secure.gravatar.com\/avatar\/fc4acaf4a72962ec0c75e1dba58041dba48457881f6bce3b14ad81e35610c6f3?s=96&d=mm&r=g","url":"https:\/\/secure.gravatar.com\/avatar\/fc4acaf4a72962ec0c75e1dba58041dba48457881f6bce3b14ad81e35610c6f3?s=96&d=mm&r=g","contentUrl":"https:\/\/secure.gravatar.com\/avatar\/fc4acaf4a72962ec0c75e1dba58041dba48457881f6bce3b14ad81e35610c6f3?s=96&d=mm&r=g","caption":"Steve Rodr\u00edguez"},"description":"Steve Rodr\u00edguez es reportero de Fronteira Livre, investigador y doctorando en la Universidad Federal de Integraci\u00f3n Latinoamericana (UNILA). Posee una formaci\u00f3n interdisciplinaria en narrativa audiovisual, estudios culturales latinoamericanos y pr\u00e1cticas pedag\u00f3gicas anticoloniales. Su trayectoria articula la creaci\u00f3n art\u00edstica en \u00e1mbitos como el teatro, el cine y la cultura visual con la reflexi\u00f3n cr\u00edtica y la investigaci\u00f3n acad\u00e9mica, desde una perspectiva inspirada en los estudios visuales desarrollados por Nicholas Mirzoeff.","url":"https:\/\/fronteiralivre.com.br\/es\/author\/steverodrigues\/"}]}},"_links":{"self":[{"href":"https:\/\/fronteiralivre.com.br\/es\/wp-json\/wp\/v2\/posts\/929","targetHints":{"allow":["GET"]}}],"collection":[{"href":"https:\/\/fronteiralivre.com.br\/es\/wp-json\/wp\/v2\/posts"}],"about":[{"href":"https:\/\/fronteiralivre.com.br\/es\/wp-json\/wp\/v2\/types\/post"}],"author":[{"embeddable":true,"href":"https:\/\/fronteiralivre.com.br\/es\/wp-json\/wp\/v2\/users\/7"}],"replies":[{"embeddable":true,"href":"https:\/\/fronteiralivre.com.br\/es\/wp-json\/wp\/v2\/comments?post=929"}],"version-history":[{"count":2,"href":"https:\/\/fronteiralivre.com.br\/es\/wp-json\/wp\/v2\/posts\/929\/revisions"}],"predecessor-version":[{"id":935,"href":"https:\/\/fronteiralivre.com.br\/es\/wp-json\/wp\/v2\/posts\/929\/revisions\/935"}],"wp:featuredmedia":[{"embeddable":true,"href":"https:\/\/fronteiralivre.com.br\/es\/wp-json\/wp\/v2\/media\/930"}],"wp:attachment":[{"href":"https:\/\/fronteiralivre.com.br\/es\/wp-json\/wp\/v2\/media?parent=929"}],"wp:term":[{"taxonomy":"category","embeddable":true,"href":"https:\/\/fronteiralivre.com.br\/es\/wp-json\/wp\/v2\/categories?post=929"},{"taxonomy":"post_tag","embeddable":true,"href":"https:\/\/fronteiralivre.com.br\/es\/wp-json\/wp\/v2\/tags?post=929"}],"curies":[{"name":"wp","href":"https:\/\/api.w.org\/{rel}","templated":true}]}}