{"id":926,"date":"2026-09-03T21:53:25","date_gmt":"2026-09-04T00:53:25","guid":{"rendered":"https:\/\/fronteiralivre.com.br\/es\/?p=926"},"modified":"2026-09-03T21:53:26","modified_gmt":"2026-09-04T00:53:26","slug":"putin-resalta-importancia-economica-de-asia-pacifico","status":"publish","type":"post","link":"https:\/\/fronteiralivre.com.br\/es\/putin-resalta-importancia-economica-de-asia-pacifico\/","title":{"rendered":"Putin resalta importancia econ\u00f3mica de Asia-Pac\u00edfico"},"content":{"rendered":"\n<p class=\"wp-block-paragraph\"><strong>Am\u00e9rica Latina <\/strong>&#8211; El presidente de Rusia, Vlad\u00edmir Putin, destac\u00f3 el papel de la regi\u00f3n de Asia-Pac\u00edfico como uno de los principales centros de crecimiento de la econom\u00eda mundial. La declaraci\u00f3n fue realizada durante su participaci\u00f3n en la sesi\u00f3n plenaria del XI Foro Econ\u00f3mico Oriental, celebrado en Vladivostok.<\/p>\n\n\n\n<p class=\"wp-block-paragraph\">Putin se\u00f1al\u00f3 que Rusia participa activamente en la cooperaci\u00f3n comercial y de inversiones con los pa\u00edses de la regi\u00f3n y destac\u00f3 la importancia estrat\u00e9gica del desarrollo del Extremo Oriente ruso.<\/p>\n\n\n\n<p class=\"wp-block-paragraph\"><em>&#8220;Cooperamos en igualdad de condiciones con nuestros socios y con las principales organizaciones de integraci\u00f3n de la regi\u00f3n. Nuestra l\u00ednea estrat\u00e9gica consiste en convertir el Extremo Oriente en un territorio de cooperaci\u00f3n y de cambios din\u00e1micos en la econom\u00eda y las infraestructuras, as\u00ed como en un espacio para el desarrollo tecnol\u00f3gico, la formaci\u00f3n de profesionales y, por supuesto, la mejora del \u00e1mbito social&#8221;, afirm\u00f3 el presidente ruso.<\/em><\/p>\n\n\n\n<p class=\"wp-block-paragraph\">Seg\u00fan Putin, los proyectos y programas impulsados por Rusia, junto con los mecanismos de apoyo a iniciativas empresariales y sociales, est\u00e1n orientados a fortalecer el desarrollo econ\u00f3mico y social de la regi\u00f3n.<\/p>\n\n\n\n<h4 class=\"wp-block-heading\"><strong>Cooperaci\u00f3n con pa\u00edses de Asia<\/strong><\/h4>\n\n\n\n<p class=\"wp-block-paragraph\">En la sesi\u00f3n plenaria del XI Foro Econ\u00f3mico Oriental tambi\u00e9n participaron el presidente de Indonesia, Prabowo Subianto; el primer ministro de Mongolia, Nyam-Osor Uchral; el vicepresidente de Myanmar, Nyo Saw; y el viceprimer ministro del Consejo de Estado de China, Ding Xuexiang.<\/p>\n\n\n\n<p class=\"wp-block-paragraph\">Durante el encuentro, Subianto destac\u00f3 el crecimiento del comercio entre Indonesia y Rusia y plante\u00f3 ampliar la cooperaci\u00f3n bilateral en \u00e1reas como energ\u00eda, seguridad alimentaria, sector espacial, educaci\u00f3n superior y transporte.<\/p>\n\n\n\n<p class=\"wp-block-paragraph\"><em>&#8220;Indonesia invita ahora a la Federaci\u00f3n de Rusia y a todos los miembros de la Uni\u00f3n Econ\u00f3mica Euroasi\u00e1tica (UEE) a aumentar los dividendos de la paz mediante una mayor integraci\u00f3n entre Eurasia e Indonesia&#8221;, declar\u00f3 el presidente indonesio.<\/em><\/p>\n\n\n\n<p class=\"wp-block-paragraph\">Subianto inform\u00f3 que el acuerdo de libre comercio entre Indonesia y la Uni\u00f3n Econ\u00f3mica Euroasi\u00e1tica est\u00e1 previsto para entrar en vigor a principios de 2027. Tambi\u00e9n propuso establecer un mecanismo para crear conexiones mar\u00edtimas y a\u00e9reas directas entre Indonesia y Vladivostok. Por su parte, <strong>Ding Xuexiang<\/strong> afirm\u00f3 que China contin\u00faa siendo el principal socio comercial del Extremo Oriente ruso y destac\u00f3 la participaci\u00f3n de empresas chinas en los proyectos de desarrollo de la regi\u00f3n.<\/p>\n\n\n\n<p class=\"wp-block-paragraph\"><em>&#8220;China apoya activamente el desarrollo de los territorios de desarrollo prioritario y del puerto libre de Vladivostok. Actualmente hay alrededor de 100 empresas residentes, con inversiones por un valor de 10.800 millones de d\u00f3lares estadounidenses<strong>&#8220;<\/strong>, se\u00f1al\u00f3.<\/em><\/p>\n\n\n\n<p class=\"wp-block-paragraph\">El representante chino tambi\u00e9n plante\u00f3 fortalecer la cooperaci\u00f3n en el \u00e1mbito humanitario. Seg\u00fan explic\u00f3, China recibe favorablemente la expansi\u00f3n de empresas rusas en su mercado y est\u00e1 dispuesta a ampliar los intercambios con Rusia en \u00e1reas como cultura, turismo y educaci\u00f3n.<\/p>\n\n\n\n<p class=\"wp-block-paragraph\"><\/p>\n","protected":false},"excerpt":{"rendered":"<p>Am\u00e9rica Latina &#8211; El presidente de Rusia, Vlad\u00edmir Putin, destac\u00f3 el papel de la regi\u00f3n de Asia-Pac\u00edfico como uno de los principales centros de crecimiento de la econom\u00eda mundial. La declaraci\u00f3n fue realizada durante su participaci\u00f3n en la sesi\u00f3n plenaria del XI Foro Econ\u00f3mico Oriental, celebrado en Vladivostok.<\/p>\n","protected":false},"author":7,"featured_media":927,"comment_status":"open","ping_status":"open","sticky":false,"template":"","format":"standard","meta":{"_sub_headline":"El presidente ruso particip\u00f3 en el XI Foro Econ\u00f3mico Oriental, en Vladivostok, donde destac\u00f3 la cooperaci\u00f3n comercial, tecnol\u00f3gica y de infraestructura con pa\u00edses de la regi\u00f3n","videourl":"","footnotes":""},"categories":[24],"tags":[2098,285,694,528,72,1265,2097,2099,52],"class_list":["post-926","post","type-post","status-publish","format-standard","has-post-thumbnail","hentry","category-internacional","tag-asia-pacifico","tag-china","tag-cooperacion","tag-cultura","tag-destaque","tag-economia-mundial","tag-foro-economico","tag-rusia","tag-tecnologia"],"yoast_head":"<!-- This site is optimized with the Yoast SEO plugin v28.3 - https:\/\/yoast.com\/product\/yoast-seo-wordpress\/ -->\n<title>Putin resalta importancia econ\u00f3mica de Asia-Pac\u00edfico - Fronteira Livre<\/title>\n<meta name=\"description\" content=\"Vlad\u00edmir Putin destac\u00f3 el papel de Asia-Pac\u00edfico en la econom\u00eda mundial y plante\u00f3 ampliar la cooperaci\u00f3n comercial y de inversiones con\" \/>\n<meta name=\"robots\" content=\"index, follow, max-snippet:-1, max-image-preview:large, max-video-preview:-1\" \/>\n<link rel=\"canonical\" href=\"https:\/\/fronteiralivre.com.br\/es\/putin-resalta-importancia-economica-de-asia-pacifico\/\" \/>\n<meta property=\"og:locale\" content=\"es_ES\" \/>\n<meta property=\"og:type\" content=\"article\" \/>\n<meta property=\"og:title\" content=\"Putin resalta importancia econ\u00f3mica de Asia-Pac\u00edfico - Fronteira Livre\" \/>\n<meta property=\"og:description\" content=\"Vlad\u00edmir Putin destac\u00f3 el papel de Asia-Pac\u00edfico en la econom\u00eda mundial y plante\u00f3 ampliar la cooperaci\u00f3n comercial y de inversiones con\" \/>\n<meta property=\"og:url\" content=\"https:\/\/fronteiralivre.com.br\/es\/putin-resalta-importancia-economica-de-asia-pacifico\/\" \/>\n<meta property=\"og:site_name\" content=\"Fronteira Livre\" \/>\n<meta property=\"article:published_time\" content=\"2026-09-04T00:53:25+00:00\" \/>\n<meta property=\"article:modified_time\" content=\"2026-09-04T00:53:26+00:00\" \/>\n<meta property=\"og:image\" content=\"https:\/\/fronteiralivre.com.br\/es\/wp-content\/uploads\/2026\/09\/Untitled-design.webp\" \/>\n\t<meta property=\"og:image:width\" content=\"1140\" \/>\n\t<meta property=\"og:image:height\" content=\"570\" \/>\n\t<meta property=\"og:image:type\" content=\"image\/webp\" \/>\n<meta name=\"author\" content=\"Steve Rodr\u00edguez\" \/>\n<meta name=\"twitter:card\" content=\"summary_large_image\" \/>\n<meta name=\"twitter:label1\" content=\"Escrito por\" \/>\n\t<meta name=\"twitter:data1\" content=\"Steve Rodr\u00edguez\" \/>\n\t<meta name=\"twitter:label2\" content=\"Tiempo de lectura\" \/>\n\t<meta name=\"twitter:data2\" content=\"3 minutos\" \/>\n<script type=\"application\/ld+json\" class=\"yoast-schema-graph\">{\"@context\":\"https:\\\/\\\/schema.org\",\"@graph\":[{\"@type\":\"Article\",\"@id\":\"https:\\\/\\\/fronteiralivre.com.br\\\/es\\\/putin-resalta-importancia-economica-de-asia-pacifico\\\/#article\",\"isPartOf\":{\"@id\":\"https:\\\/\\\/fronteiralivre.com.br\\\/es\\\/putin-resalta-importancia-economica-de-asia-pacifico\\\/\"},\"author\":{\"name\":\"Steve Rodr\u00edguez\",\"@id\":\"https:\\\/\\\/fronteiralivre.com.br\\\/es\\\/#\\\/schema\\\/person\\\/3c3ddfa3b04a2720a84b3f9bdf3dbd6b\"},\"headline\":\"Putin resalta importancia econ\u00f3mica de Asia-Pac\u00edfico\",\"datePublished\":\"2026-09-04T00:53:25+00:00\",\"dateModified\":\"2026-09-04T00:53:26+00:00\",\"mainEntityOfPage\":{\"@id\":\"https:\\\/\\\/fronteiralivre.com.br\\\/es\\\/putin-resalta-importancia-economica-de-asia-pacifico\\\/\"},\"wordCount\":505,\"commentCount\":0,\"image\":{\"@id\":\"https:\\\/\\\/fronteiralivre.com.br\\\/es\\\/putin-resalta-importancia-economica-de-asia-pacifico\\\/#primaryimage\"},\"thumbnailUrl\":\"https:\\\/\\\/fronteiralivre.com.br\\\/es\\\/wp-content\\\/uploads\\\/2026\\\/09\\\/Untitled-design.webp\",\"keywords\":[\"Asia-Pac\u00edfico\",\"china\",\"cooperaci\u00f3n\",\"cultura\",\"Destaque\",\"econom\u00eda mundial\",\"Foro Econ\u00f3mico\",\"Rusia\",\"Tecnologia\"],\"articleSection\":[\"Internacional\"],\"inLanguage\":\"es-AR\",\"potentialAction\":[{\"@type\":\"CommentAction\",\"name\":\"Comment\",\"target\":[\"https:\\\/\\\/fronteiralivre.com.br\\\/es\\\/putin-resalta-importancia-economica-de-asia-pacifico\\\/#respond\"]}]},{\"@type\":\"WebPage\",\"@id\":\"https:\\\/\\\/fronteiralivre.com.br\\\/es\\\/putin-resalta-importancia-economica-de-asia-pacifico\\\/\",\"url\":\"https:\\\/\\\/fronteiralivre.com.br\\\/es\\\/putin-resalta-importancia-economica-de-asia-pacifico\\\/\",\"name\":\"Putin resalta importancia econ\u00f3mica de Asia-Pac\u00edfico - Fronteira Livre\",\"isPartOf\":{\"@id\":\"https:\\\/\\\/fronteiralivre.com.br\\\/es\\\/#website\"},\"primaryImageOfPage\":{\"@id\":\"https:\\\/\\\/fronteiralivre.com.br\\\/es\\\/putin-resalta-importancia-economica-de-asia-pacifico\\\/#primaryimage\"},\"image\":{\"@id\":\"https:\\\/\\\/fronteiralivre.com.br\\\/es\\\/putin-resalta-importancia-economica-de-asia-pacifico\\\/#primaryimage\"},\"thumbnailUrl\":\"https:\\\/\\\/fronteiralivre.com.br\\\/es\\\/wp-content\\\/uploads\\\/2026\\\/09\\\/Untitled-design.webp\",\"datePublished\":\"2026-09-04T00:53:25+00:00\",\"dateModified\":\"2026-09-04T00:53:26+00:00\",\"author\":{\"@id\":\"https:\\\/\\\/fronteiralivre.com.br\\\/es\\\/#\\\/schema\\\/person\\\/3c3ddfa3b04a2720a84b3f9bdf3dbd6b\"},\"description\":\"Vlad\u00edmir Putin destac\u00f3 el papel de Asia-Pac\u00edfico en la econom\u00eda mundial y plante\u00f3 ampliar la cooperaci\u00f3n comercial y de inversiones con\",\"breadcrumb\":{\"@id\":\"https:\\\/\\\/fronteiralivre.com.br\\\/es\\\/putin-resalta-importancia-economica-de-asia-pacifico\\\/#breadcrumb\"},\"inLanguage\":\"es-AR\",\"potentialAction\":[{\"@type\":\"ReadAction\",\"target\":[\"https:\\\/\\\/fronteiralivre.com.br\\\/es\\\/putin-resalta-importancia-economica-de-asia-pacifico\\\/\"]}]},{\"@type\":\"ImageObject\",\"inLanguage\":\"es-AR\",\"@id\":\"https:\\\/\\\/fronteiralivre.com.br\\\/es\\\/putin-resalta-importancia-economica-de-asia-pacifico\\\/#primaryimage\",\"url\":\"https:\\\/\\\/fronteiralivre.com.br\\\/es\\\/wp-content\\\/uploads\\\/2026\\\/09\\\/Untitled-design.webp\",\"contentUrl\":\"https:\\\/\\\/fronteiralivre.com.br\\\/es\\\/wp-content\\\/uploads\\\/2026\\\/09\\\/Untitled-design.webp\",\"width\":1140,\"height\":570,\"caption\":\"Foto: Kremlin.\"},{\"@type\":\"BreadcrumbList\",\"@id\":\"https:\\\/\\\/fronteiralivre.com.br\\\/es\\\/putin-resalta-importancia-economica-de-asia-pacifico\\\/#breadcrumb\",\"itemListElement\":[{\"@type\":\"ListItem\",\"position\":1,\"name\":\"Home\",\"item\":\"https:\\\/\\\/fronteiralivre.com.br\\\/es\\\/\"},{\"@type\":\"ListItem\",\"position\":2,\"name\":\"Putin resalta importancia econ\u00f3mica de Asia-Pac\u00edfico\"}]},{\"@type\":\"WebSite\",\"@id\":\"https:\\\/\\\/fronteiralivre.com.br\\\/es\\\/#website\",\"url\":\"https:\\\/\\\/fronteiralivre.com.br\\\/es\\\/\",\"name\":\"Fronteira Livre\",\"description\":\"De Foz do Igua\u00e7u para el mundo.\",\"potentialAction\":[{\"@type\":\"SearchAction\",\"target\":{\"@type\":\"EntryPoint\",\"urlTemplate\":\"https:\\\/\\\/fronteiralivre.com.br\\\/es\\\/?s={search_term_string}\"},\"query-input\":{\"@type\":\"PropertyValueSpecification\",\"valueRequired\":true,\"valueName\":\"search_term_string\"}}],\"inLanguage\":\"es-AR\"},{\"@type\":\"Person\",\"@id\":\"https:\\\/\\\/fronteiralivre.com.br\\\/es\\\/#\\\/schema\\\/person\\\/3c3ddfa3b04a2720a84b3f9bdf3dbd6b\",\"name\":\"Steve Rodr\u00edguez\",\"image\":{\"@type\":\"ImageObject\",\"inLanguage\":\"es-AR\",\"@id\":\"https:\\\/\\\/secure.gravatar.com\\\/avatar\\\/fc4acaf4a72962ec0c75e1dba58041dba48457881f6bce3b14ad81e35610c6f3?s=96&d=mm&r=g\",\"url\":\"https:\\\/\\\/secure.gravatar.com\\\/avatar\\\/fc4acaf4a72962ec0c75e1dba58041dba48457881f6bce3b14ad81e35610c6f3?s=96&d=mm&r=g\",\"contentUrl\":\"https:\\\/\\\/secure.gravatar.com\\\/avatar\\\/fc4acaf4a72962ec0c75e1dba58041dba48457881f6bce3b14ad81e35610c6f3?s=96&d=mm&r=g\",\"caption\":\"Steve Rodr\u00edguez\"},\"description\":\"Steve Rodr\u00edguez es reportero de Fronteira Livre, investigador y doctorando en la Universidad Federal de Integraci\u00f3n Latinoamericana (UNILA). Posee una formaci\u00f3n interdisciplinaria en narrativa audiovisual, estudios culturales latinoamericanos y pr\u00e1cticas pedag\u00f3gicas anticoloniales. Su trayectoria articula la creaci\u00f3n art\u00edstica en \u00e1mbitos como el teatro, el cine y la cultura visual con la reflexi\u00f3n cr\u00edtica y la investigaci\u00f3n acad\u00e9mica, desde una perspectiva inspirada en los estudios visuales desarrollados por Nicholas Mirzoeff.\",\"url\":\"https:\\\/\\\/fronteiralivre.com.br\\\/es\\\/author\\\/steverodrigues\\\/\"}]}<\/script>\n<!-- \/ Yoast SEO plugin. -->","yoast_head_json":{"title":"Putin resalta importancia econ\u00f3mica de Asia-Pac\u00edfico - Fronteira Livre","description":"Vlad\u00edmir Putin destac\u00f3 el papel de Asia-Pac\u00edfico en la econom\u00eda mundial y plante\u00f3 ampliar la cooperaci\u00f3n comercial y de inversiones con","robots":{"index":"index","follow":"follow","max-snippet":"max-snippet:-1","max-image-preview":"max-image-preview:large","max-video-preview":"max-video-preview:-1"},"canonical":"https:\/\/fronteiralivre.com.br\/es\/putin-resalta-importancia-economica-de-asia-pacifico\/","og_locale":"es_ES","og_type":"article","og_title":"Putin resalta importancia econ\u00f3mica de Asia-Pac\u00edfico - Fronteira Livre","og_description":"Vlad\u00edmir Putin destac\u00f3 el papel de Asia-Pac\u00edfico en la econom\u00eda mundial y plante\u00f3 ampliar la cooperaci\u00f3n comercial y de inversiones con","og_url":"https:\/\/fronteiralivre.com.br\/es\/putin-resalta-importancia-economica-de-asia-pacifico\/","og_site_name":"Fronteira Livre","article_published_time":"2026-09-04T00:53:25+00:00","article_modified_time":"2026-09-04T00:53:26+00:00","og_image":[{"width":1140,"height":570,"url":"https:\/\/fronteiralivre.com.br\/es\/wp-content\/uploads\/2026\/09\/Untitled-design.webp","type":"image\/webp"}],"author":"Steve Rodr\u00edguez","twitter_card":"summary_large_image","twitter_misc":{"Escrito por":"Steve Rodr\u00edguez","Tiempo de lectura":"3 minutos"},"schema":{"@context":"https:\/\/schema.org","@graph":[{"@type":"Article","@id":"https:\/\/fronteiralivre.com.br\/es\/putin-resalta-importancia-economica-de-asia-pacifico\/#article","isPartOf":{"@id":"https:\/\/fronteiralivre.com.br\/es\/putin-resalta-importancia-economica-de-asia-pacifico\/"},"author":{"name":"Steve Rodr\u00edguez","@id":"https:\/\/fronteiralivre.com.br\/es\/#\/schema\/person\/3c3ddfa3b04a2720a84b3f9bdf3dbd6b"},"headline":"Putin resalta importancia econ\u00f3mica de Asia-Pac\u00edfico","datePublished":"2026-09-04T00:53:25+00:00","dateModified":"2026-09-04T00:53:26+00:00","mainEntityOfPage":{"@id":"https:\/\/fronteiralivre.com.br\/es\/putin-resalta-importancia-economica-de-asia-pacifico\/"},"wordCount":505,"commentCount":0,"image":{"@id":"https:\/\/fronteiralivre.com.br\/es\/putin-resalta-importancia-economica-de-asia-pacifico\/#primaryimage"},"thumbnailUrl":"https:\/\/fronteiralivre.com.br\/es\/wp-content\/uploads\/2026\/09\/Untitled-design.webp","keywords":["Asia-Pac\u00edfico","china","cooperaci\u00f3n","cultura","Destaque","econom\u00eda mundial","Foro Econ\u00f3mico","Rusia","Tecnologia"],"articleSection":["Internacional"],"inLanguage":"es-AR","potentialAction":[{"@type":"CommentAction","name":"Comment","target":["https:\/\/fronteiralivre.com.br\/es\/putin-resalta-importancia-economica-de-asia-pacifico\/#respond"]}]},{"@type":"WebPage","@id":"https:\/\/fronteiralivre.com.br\/es\/putin-resalta-importancia-economica-de-asia-pacifico\/","url":"https:\/\/fronteiralivre.com.br\/es\/putin-resalta-importancia-economica-de-asia-pacifico\/","name":"Putin resalta importancia econ\u00f3mica de Asia-Pac\u00edfico - Fronteira Livre","isPartOf":{"@id":"https:\/\/fronteiralivre.com.br\/es\/#website"},"primaryImageOfPage":{"@id":"https:\/\/fronteiralivre.com.br\/es\/putin-resalta-importancia-economica-de-asia-pacifico\/#primaryimage"},"image":{"@id":"https:\/\/fronteiralivre.com.br\/es\/putin-resalta-importancia-economica-de-asia-pacifico\/#primaryimage"},"thumbnailUrl":"https:\/\/fronteiralivre.com.br\/es\/wp-content\/uploads\/2026\/09\/Untitled-design.webp","datePublished":"2026-09-04T00:53:25+00:00","dateModified":"2026-09-04T00:53:26+00:00","author":{"@id":"https:\/\/fronteiralivre.com.br\/es\/#\/schema\/person\/3c3ddfa3b04a2720a84b3f9bdf3dbd6b"},"description":"Vlad\u00edmir Putin destac\u00f3 el papel de Asia-Pac\u00edfico en la econom\u00eda mundial y plante\u00f3 ampliar la cooperaci\u00f3n comercial y de inversiones con","breadcrumb":{"@id":"https:\/\/fronteiralivre.com.br\/es\/putin-resalta-importancia-economica-de-asia-pacifico\/#breadcrumb"},"inLanguage":"es-AR","potentialAction":[{"@type":"ReadAction","target":["https:\/\/fronteiralivre.com.br\/es\/putin-resalta-importancia-economica-de-asia-pacifico\/"]}]},{"@type":"ImageObject","inLanguage":"es-AR","@id":"https:\/\/fronteiralivre.com.br\/es\/putin-resalta-importancia-economica-de-asia-pacifico\/#primaryimage","url":"https:\/\/fronteiralivre.com.br\/es\/wp-content\/uploads\/2026\/09\/Untitled-design.webp","contentUrl":"https:\/\/fronteiralivre.com.br\/es\/wp-content\/uploads\/2026\/09\/Untitled-design.webp","width":1140,"height":570,"caption":"Foto: Kremlin."},{"@type":"BreadcrumbList","@id":"https:\/\/fronteiralivre.com.br\/es\/putin-resalta-importancia-economica-de-asia-pacifico\/#breadcrumb","itemListElement":[{"@type":"ListItem","position":1,"name":"Home","item":"https:\/\/fronteiralivre.com.br\/es\/"},{"@type":"ListItem","position":2,"name":"Putin resalta importancia econ\u00f3mica de Asia-Pac\u00edfico"}]},{"@type":"WebSite","@id":"https:\/\/fronteiralivre.com.br\/es\/#website","url":"https:\/\/fronteiralivre.com.br\/es\/","name":"Fronteira Livre","description":"De Foz do Igua\u00e7u para el mundo.","potentialAction":[{"@type":"SearchAction","target":{"@type":"EntryPoint","urlTemplate":"https:\/\/fronteiralivre.com.br\/es\/?s={search_term_string}"},"query-input":{"@type":"PropertyValueSpecification","valueRequired":true,"valueName":"search_term_string"}}],"inLanguage":"es-AR"},{"@type":"Person","@id":"https:\/\/fronteiralivre.com.br\/es\/#\/schema\/person\/3c3ddfa3b04a2720a84b3f9bdf3dbd6b","name":"Steve Rodr\u00edguez","image":{"@type":"ImageObject","inLanguage":"es-AR","@id":"https:\/\/secure.gravatar.com\/avatar\/fc4acaf4a72962ec0c75e1dba58041dba48457881f6bce3b14ad81e35610c6f3?s=96&d=mm&r=g","url":"https:\/\/secure.gravatar.com\/avatar\/fc4acaf4a72962ec0c75e1dba58041dba48457881f6bce3b14ad81e35610c6f3?s=96&d=mm&r=g","contentUrl":"https:\/\/secure.gravatar.com\/avatar\/fc4acaf4a72962ec0c75e1dba58041dba48457881f6bce3b14ad81e35610c6f3?s=96&d=mm&r=g","caption":"Steve Rodr\u00edguez"},"description":"Steve Rodr\u00edguez es reportero de Fronteira Livre, investigador y doctorando en la Universidad Federal de Integraci\u00f3n Latinoamericana (UNILA). Posee una formaci\u00f3n interdisciplinaria en narrativa audiovisual, estudios culturales latinoamericanos y pr\u00e1cticas pedag\u00f3gicas anticoloniales. Su trayectoria articula la creaci\u00f3n art\u00edstica en \u00e1mbitos como el teatro, el cine y la cultura visual con la reflexi\u00f3n cr\u00edtica y la investigaci\u00f3n acad\u00e9mica, desde una perspectiva inspirada en los estudios visuales desarrollados por Nicholas Mirzoeff.","url":"https:\/\/fronteiralivre.com.br\/es\/author\/steverodrigues\/"}]}},"_links":{"self":[{"href":"https:\/\/fronteiralivre.com.br\/es\/wp-json\/wp\/v2\/posts\/926","targetHints":{"allow":["GET"]}}],"collection":[{"href":"https:\/\/fronteiralivre.com.br\/es\/wp-json\/wp\/v2\/posts"}],"about":[{"href":"https:\/\/fronteiralivre.com.br\/es\/wp-json\/wp\/v2\/types\/post"}],"author":[{"embeddable":true,"href":"https:\/\/fronteiralivre.com.br\/es\/wp-json\/wp\/v2\/users\/7"}],"replies":[{"embeddable":true,"href":"https:\/\/fronteiralivre.com.br\/es\/wp-json\/wp\/v2\/comments?post=926"}],"version-history":[{"count":1,"href":"https:\/\/fronteiralivre.com.br\/es\/wp-json\/wp\/v2\/posts\/926\/revisions"}],"predecessor-version":[{"id":928,"href":"https:\/\/fronteiralivre.com.br\/es\/wp-json\/wp\/v2\/posts\/926\/revisions\/928"}],"wp:featuredmedia":[{"embeddable":true,"href":"https:\/\/fronteiralivre.com.br\/es\/wp-json\/wp\/v2\/media\/927"}],"wp:attachment":[{"href":"https:\/\/fronteiralivre.com.br\/es\/wp-json\/wp\/v2\/media?parent=926"}],"wp:term":[{"taxonomy":"category","embeddable":true,"href":"https:\/\/fronteiralivre.com.br\/es\/wp-json\/wp\/v2\/categories?post=926"},{"taxonomy":"post_tag","embeddable":true,"href":"https:\/\/fronteiralivre.com.br\/es\/wp-json\/wp\/v2\/tags?post=926"}],"curies":[{"name":"wp","href":"https:\/\/api.w.org\/{rel}","templated":true}]}}