{"id":918,"date":"2026-09-02T22:50:47","date_gmt":"2026-09-03T01:50:47","guid":{"rendered":"https:\/\/fronteiralivre.com.br\/es\/?p=918"},"modified":"2026-09-02T22:50:48","modified_gmt":"2026-09-03T01:50:48","slug":"desaprobacion-javier-milei-buenos-aires-encuesta","status":"publish","type":"post","link":"https:\/\/fronteiralivre.com.br\/es\/desaprobacion-javier-milei-buenos-aires-encuesta\/","title":{"rendered":"Desaprobaci\u00f3n a Javier Milei supera 70% en Buenos Aires"},"content":{"rendered":"\n<p class=\"wp-block-paragraph\"><strong>Buenos Aires, Argentina \u2013<\/strong> La <strong>desaprobaci\u00f3n a Javier Milei<\/strong> super\u00f3 la barrera del 70% en los dos centros urbanos m\u00e1s poblados del pa\u00eds, seg\u00fan revel\u00f3 un estudio de la consultora Equipo Mide publicado este domingo 30 de agosto. En la Ciudad Aut\u00f3noma de Buenos Aires (CABA), el rechazo a la gesti\u00f3n del mandatario ultraderechista alcanz\u00f3 el 72%, mientras que en la provincia de Buenos Aires, el distrito electoral m\u00e1s grande del pa\u00eds, la reprobaci\u00f3n se ubic\u00f3 en el 71%.<\/p>\n\n\n\n<p class=\"wp-block-paragraph\">A escala nacional, el 58% de la poblaci\u00f3n desaprueba el rumbo del Ejecutivo. La cr\u00edtica muestra posturas firmes: el 43% califica la administraci\u00f3n como &#8220;muy mala&#8221; y el 15% como &#8220;mala&#8221;. Quienes respaldan la labor de la Casa Rosada representan el 38%, divididos entre un 14% que considera la gesti\u00f3n &#8220;muy buena&#8221; y un 24% que la ve &#8220;buena&#8221;. Si bien el promedio general marca un leve freno respecto al tramo entre abril y agosto de este a\u00f1o, cuando la desaprobaci\u00f3n nacional rebas\u00f3 el 60%, la ca\u00edda en la capital y el conurbano bonaerense enciende alertas sobre la base territorial del oficialismo.<\/p>\n\n\n\n<p class=\"wp-block-paragraph\">El estudio identific\u00f3 adem\u00e1s fisuras entre quienes respaldaron la llegada de Milei al poder. Un tercio (33%) de quienes votaron por el actual presidente en los comicios de 2023 afirma hoy que Argentina va en la direcci\u00f3n equivocada. Entre quienes apoyaron a Sergio Massa, candidato peronista derrotado en el balotaje, el pesimismo sobre el rumbo nacional trepa al 97%.<\/p>\n\n\n\n<p class=\"wp-block-paragraph\">Al analizar las respuestas por nivel de ingresos, el deterioro de expectativas golpea a ambos extremos de la pir\u00e1mide social. En los hogares de clase baja, el 69% asegura que el pa\u00eds transita por el camino incorrecto, mientras que en la clase alta esa percepci\u00f3n negativa se sit\u00faa en el 66%. La mirada cr\u00edtica disminuye levemente entre las familias de clase media, donde el rechazo se ubica en 54%.<\/p>\n\n\n\n<p class=\"wp-block-paragraph\">La consultora midi\u00f3 tambi\u00e9n la confianza p\u00fablica en la capacidad del mandatario para resolver las urgencias econ\u00f3micas cotidianas. El 58% de las personas consultadas afirm\u00f3 que el presidente no sabe c\u00f3mo actuar frente a la crisis. Por su parte, el 29% considera que Milei conoce las salidas necesarias, pero requiere de m\u00e1s tiempo para mostrar resultados. Solo un 13% valid\u00f3 la ret\u00f3rica oficial de conflicto, al sostener que el mandatario intenta resolver los problemas, pero enfrenta el bloqueo deliberado del sistema pol\u00edtico tradicional.<\/p>\n","protected":false},"excerpt":{"rendered":"<p>Buenos Aires, Argentina \u2013 La desaprobaci\u00f3n a Javier Milei super\u00f3 la barrera del 70% en los dos centros urbanos m\u00e1s poblados del pa\u00eds, seg\u00fan revel\u00f3 un estudio de la consultora Equipo Mide publicado este domingo 30 de agosto. En la Ciudad Aut\u00f3noma de Buenos Aires (CABA), el rechazo a la gesti\u00f3n del mandatario ultraderechista alcanz\u00f3 el 72%, mientras que en la provincia de Buenos Aires, el distrito electoral m\u00e1s grande del pa\u00eds, la reprobaci\u00f3n se ubic\u00f3 en el 71%.<\/p>\n","protected":false},"author":2,"featured_media":920,"comment_status":"open","ping_status":"open","sticky":false,"template":"","format":"standard","meta":{"_sub_headline":"Un tercio de quienes votaron al mandatario en 2023 asegura que el pa\u00eds va en la direcci\u00f3n equivocada, seg\u00fan la consultora Equipo Mide.","videourl":"","footnotes":""},"categories":[40],"tags":[250,614,2096,150,2094,2093,395,2095],"class_list":["post-918","post","type-post","status-publish","format-standard","has-post-thumbnail","hentry","category-triple-frontera","tag-argentina","tag-buenos-aires","tag-casa-rosada","tag-crisis-economica","tag-encuestas-politicas","tag-equipo-mide","tag-javier-milei","tag-opinion-publica"],"yoast_head":"<!-- This site is optimized with the Yoast SEO plugin v28.3 - https:\/\/yoast.com\/product\/yoast-seo-wordpress\/ -->\n<title>Desaprobaci\u00f3n a Javier Milei supera 70% en Buenos Aires - Fronteira Livre<\/title>\n<meta name=\"description\" content=\"La desaprobaci\u00f3n a Javier Milei trep\u00f3 al 72% en Buenos Aires y un tercio de sus votantes sostiene que el pa\u00eds va en la direcci\u00f3n equivocada.\" \/>\n<meta name=\"robots\" content=\"index, follow, max-snippet:-1, max-image-preview:large, max-video-preview:-1\" \/>\n<link rel=\"canonical\" href=\"https:\/\/fronteiralivre.com.br\/es\/desaprobacion-javier-milei-buenos-aires-encuesta\/\" \/>\n<meta property=\"og:locale\" content=\"es_ES\" \/>\n<meta property=\"og:type\" content=\"article\" \/>\n<meta property=\"og:title\" content=\"Desaprobaci\u00f3n a Javier Milei supera 70% en Buenos Aires - Fronteira Livre\" \/>\n<meta property=\"og:description\" content=\"La desaprobaci\u00f3n a Javier Milei trep\u00f3 al 72% en Buenos Aires y un tercio de sus votantes sostiene que el pa\u00eds va en la direcci\u00f3n equivocada.\" \/>\n<meta property=\"og:url\" content=\"https:\/\/fronteiralivre.com.br\/es\/desaprobacion-javier-milei-buenos-aires-encuesta\/\" \/>\n<meta property=\"og:site_name\" content=\"Fronteira Livre\" \/>\n<meta property=\"article:published_time\" content=\"2026-09-03T01:50:47+00:00\" \/>\n<meta property=\"article:modified_time\" content=\"2026-09-03T01:50:48+00:00\" \/>\n<meta property=\"og:image\" content=\"https:\/\/fronteiralivre.com.br\/es\/wp-content\/uploads\/2026\/09\/Milei.webp\" \/>\n\t<meta property=\"og:image:width\" content=\"1140\" \/>\n\t<meta property=\"og:image:height\" content=\"570\" \/>\n\t<meta property=\"og:image:type\" content=\"image\/webp\" \/>\n<meta name=\"author\" content=\"Amilton Farias\" \/>\n<meta name=\"twitter:card\" content=\"summary_large_image\" \/>\n<meta name=\"twitter:label1\" content=\"Escrito por\" \/>\n\t<meta name=\"twitter:data1\" content=\"Amilton Farias\" \/>\n\t<meta name=\"twitter:label2\" content=\"Tiempo de lectura\" \/>\n\t<meta name=\"twitter:data2\" content=\"2 minutos\" \/>\n<script type=\"application\/ld+json\" class=\"yoast-schema-graph\">{\"@context\":\"https:\\\/\\\/schema.org\",\"@graph\":[{\"@type\":\"Article\",\"@id\":\"https:\\\/\\\/fronteiralivre.com.br\\\/es\\\/desaprobacion-javier-milei-buenos-aires-encuesta\\\/#article\",\"isPartOf\":{\"@id\":\"https:\\\/\\\/fronteiralivre.com.br\\\/es\\\/desaprobacion-javier-milei-buenos-aires-encuesta\\\/\"},\"author\":{\"name\":\"Amilton Farias\",\"@id\":\"https:\\\/\\\/fronteiralivre.com.br\\\/es\\\/#\\\/schema\\\/person\\\/69b75b5696283ac4f954edef95e172d0\"},\"headline\":\"Desaprobaci\u00f3n a Javier Milei supera 70% en Buenos Aires\",\"datePublished\":\"2026-09-03T01:50:47+00:00\",\"dateModified\":\"2026-09-03T01:50:48+00:00\",\"mainEntityOfPage\":{\"@id\":\"https:\\\/\\\/fronteiralivre.com.br\\\/es\\\/desaprobacion-javier-milei-buenos-aires-encuesta\\\/\"},\"wordCount\":410,\"commentCount\":0,\"image\":{\"@id\":\"https:\\\/\\\/fronteiralivre.com.br\\\/es\\\/desaprobacion-javier-milei-buenos-aires-encuesta\\\/#primaryimage\"},\"thumbnailUrl\":\"https:\\\/\\\/fronteiralivre.com.br\\\/es\\\/wp-content\\\/uploads\\\/2026\\\/09\\\/Milei.webp\",\"keywords\":[\"Argentina\",\"buenos Aires\",\"Casa Rosada\",\"Crisis econ\u00f3mica\",\"encuestas pol\u00edticas\",\"Equipo Mide\",\"Javier Milei\",\"opini\u00f3n p\u00fablica\"],\"articleSection\":[\"Triple Frontera\"],\"inLanguage\":\"es-AR\",\"potentialAction\":[{\"@type\":\"CommentAction\",\"name\":\"Comment\",\"target\":[\"https:\\\/\\\/fronteiralivre.com.br\\\/es\\\/desaprobacion-javier-milei-buenos-aires-encuesta\\\/#respond\"]}]},{\"@type\":\"WebPage\",\"@id\":\"https:\\\/\\\/fronteiralivre.com.br\\\/es\\\/desaprobacion-javier-milei-buenos-aires-encuesta\\\/\",\"url\":\"https:\\\/\\\/fronteiralivre.com.br\\\/es\\\/desaprobacion-javier-milei-buenos-aires-encuesta\\\/\",\"name\":\"Desaprobaci\u00f3n a Javier Milei supera 70% en Buenos Aires - Fronteira Livre\",\"isPartOf\":{\"@id\":\"https:\\\/\\\/fronteiralivre.com.br\\\/es\\\/#website\"},\"primaryImageOfPage\":{\"@id\":\"https:\\\/\\\/fronteiralivre.com.br\\\/es\\\/desaprobacion-javier-milei-buenos-aires-encuesta\\\/#primaryimage\"},\"image\":{\"@id\":\"https:\\\/\\\/fronteiralivre.com.br\\\/es\\\/desaprobacion-javier-milei-buenos-aires-encuesta\\\/#primaryimage\"},\"thumbnailUrl\":\"https:\\\/\\\/fronteiralivre.com.br\\\/es\\\/wp-content\\\/uploads\\\/2026\\\/09\\\/Milei.webp\",\"datePublished\":\"2026-09-03T01:50:47+00:00\",\"dateModified\":\"2026-09-03T01:50:48+00:00\",\"author\":{\"@id\":\"https:\\\/\\\/fronteiralivre.com.br\\\/es\\\/#\\\/schema\\\/person\\\/69b75b5696283ac4f954edef95e172d0\"},\"description\":\"La desaprobaci\u00f3n a Javier Milei trep\u00f3 al 72% en Buenos Aires y un tercio de sus votantes sostiene que el pa\u00eds va en la direcci\u00f3n equivocada.\",\"breadcrumb\":{\"@id\":\"https:\\\/\\\/fronteiralivre.com.br\\\/es\\\/desaprobacion-javier-milei-buenos-aires-encuesta\\\/#breadcrumb\"},\"inLanguage\":\"es-AR\",\"potentialAction\":[{\"@type\":\"ReadAction\",\"target\":[\"https:\\\/\\\/fronteiralivre.com.br\\\/es\\\/desaprobacion-javier-milei-buenos-aires-encuesta\\\/\"]}]},{\"@type\":\"ImageObject\",\"inLanguage\":\"es-AR\",\"@id\":\"https:\\\/\\\/fronteiralivre.com.br\\\/es\\\/desaprobacion-javier-milei-buenos-aires-encuesta\\\/#primaryimage\",\"url\":\"https:\\\/\\\/fronteiralivre.com.br\\\/es\\\/wp-content\\\/uploads\\\/2026\\\/09\\\/Milei.webp\",\"contentUrl\":\"https:\\\/\\\/fronteiralivre.com.br\\\/es\\\/wp-content\\\/uploads\\\/2026\\\/09\\\/Milei.webp\",\"width\":1140,\"height\":570,\"caption\":\"M\u00e1s de la mitad de la poblaci\u00f3n consultada sostiene que el presidente no sabe c\u00f3mo resolver la recesi\u00f3n econ\u00f3mica en Argentina. Foto: Difusi\u00f3n.\"},{\"@type\":\"BreadcrumbList\",\"@id\":\"https:\\\/\\\/fronteiralivre.com.br\\\/es\\\/desaprobacion-javier-milei-buenos-aires-encuesta\\\/#breadcrumb\",\"itemListElement\":[{\"@type\":\"ListItem\",\"position\":1,\"name\":\"Home\",\"item\":\"https:\\\/\\\/fronteiralivre.com.br\\\/es\\\/\"},{\"@type\":\"ListItem\",\"position\":2,\"name\":\"Desaprobaci\u00f3n a Javier Milei supera 70% en Buenos Aires\"}]},{\"@type\":\"WebSite\",\"@id\":\"https:\\\/\\\/fronteiralivre.com.br\\\/es\\\/#website\",\"url\":\"https:\\\/\\\/fronteiralivre.com.br\\\/es\\\/\",\"name\":\"Fronteira Livre\",\"description\":\"De Foz do Igua\u00e7u para el mundo.\",\"potentialAction\":[{\"@type\":\"SearchAction\",\"target\":{\"@type\":\"EntryPoint\",\"urlTemplate\":\"https:\\\/\\\/fronteiralivre.com.br\\\/es\\\/?s={search_term_string}\"},\"query-input\":{\"@type\":\"PropertyValueSpecification\",\"valueRequired\":true,\"valueName\":\"search_term_string\"}}],\"inLanguage\":\"es-AR\"},{\"@type\":\"Person\",\"@id\":\"https:\\\/\\\/fronteiralivre.com.br\\\/es\\\/#\\\/schema\\\/person\\\/69b75b5696283ac4f954edef95e172d0\",\"name\":\"Amilton Farias\",\"image\":{\"@type\":\"ImageObject\",\"inLanguage\":\"es-AR\",\"@id\":\"https:\\\/\\\/secure.gravatar.com\\\/avatar\\\/9fe07c446bf96e74022abf469fb49b43748aab858e89a1702d8dced3b8e2dedf?s=96&d=mm&r=g\",\"url\":\"https:\\\/\\\/secure.gravatar.com\\\/avatar\\\/9fe07c446bf96e74022abf469fb49b43748aab858e89a1702d8dced3b8e2dedf?s=96&d=mm&r=g\",\"contentUrl\":\"https:\\\/\\\/secure.gravatar.com\\\/avatar\\\/9fe07c446bf96e74022abf469fb49b43748aab858e89a1702d8dced3b8e2dedf?s=96&d=mm&r=g\",\"caption\":\"Amilton Farias\"},\"description\":\"Amilton Farias es periodista, fundador y editor de Fronteira Livre. Con experiencia en distintos pa\u00edses de Am\u00e9rica Latina y una trayectoria vinculada al periodismo territorial, escribe sobre las fronteras, los territorios y los procesos pol\u00edticos, sociales y culturales que moldean la realidad de los pueblos latinoamericanos.\",\"sameAs\":[\"https:\\\/\\\/fronteiralivre.com.br\\\/es\\\/\"],\"url\":\"https:\\\/\\\/fronteiralivre.com.br\\\/es\\\/author\\\/amilton\\\/\"}]}<\/script>\n<!-- \/ Yoast SEO plugin. -->","yoast_head_json":{"title":"Desaprobaci\u00f3n a Javier Milei supera 70% en Buenos Aires - Fronteira Livre","description":"La desaprobaci\u00f3n a Javier Milei trep\u00f3 al 72% en Buenos Aires y un tercio de sus votantes sostiene que el pa\u00eds va en la direcci\u00f3n equivocada.","robots":{"index":"index","follow":"follow","max-snippet":"max-snippet:-1","max-image-preview":"max-image-preview:large","max-video-preview":"max-video-preview:-1"},"canonical":"https:\/\/fronteiralivre.com.br\/es\/desaprobacion-javier-milei-buenos-aires-encuesta\/","og_locale":"es_ES","og_type":"article","og_title":"Desaprobaci\u00f3n a Javier Milei supera 70% en Buenos Aires - Fronteira Livre","og_description":"La desaprobaci\u00f3n a Javier Milei trep\u00f3 al 72% en Buenos Aires y un tercio de sus votantes sostiene que el pa\u00eds va en la direcci\u00f3n equivocada.","og_url":"https:\/\/fronteiralivre.com.br\/es\/desaprobacion-javier-milei-buenos-aires-encuesta\/","og_site_name":"Fronteira Livre","article_published_time":"2026-09-03T01:50:47+00:00","article_modified_time":"2026-09-03T01:50:48+00:00","og_image":[{"width":1140,"height":570,"url":"https:\/\/fronteiralivre.com.br\/es\/wp-content\/uploads\/2026\/09\/Milei.webp","type":"image\/webp"}],"author":"Amilton Farias","twitter_card":"summary_large_image","twitter_misc":{"Escrito por":"Amilton Farias","Tiempo de lectura":"2 minutos"},"schema":{"@context":"https:\/\/schema.org","@graph":[{"@type":"Article","@id":"https:\/\/fronteiralivre.com.br\/es\/desaprobacion-javier-milei-buenos-aires-encuesta\/#article","isPartOf":{"@id":"https:\/\/fronteiralivre.com.br\/es\/desaprobacion-javier-milei-buenos-aires-encuesta\/"},"author":{"name":"Amilton Farias","@id":"https:\/\/fronteiralivre.com.br\/es\/#\/schema\/person\/69b75b5696283ac4f954edef95e172d0"},"headline":"Desaprobaci\u00f3n a Javier Milei supera 70% en Buenos Aires","datePublished":"2026-09-03T01:50:47+00:00","dateModified":"2026-09-03T01:50:48+00:00","mainEntityOfPage":{"@id":"https:\/\/fronteiralivre.com.br\/es\/desaprobacion-javier-milei-buenos-aires-encuesta\/"},"wordCount":410,"commentCount":0,"image":{"@id":"https:\/\/fronteiralivre.com.br\/es\/desaprobacion-javier-milei-buenos-aires-encuesta\/#primaryimage"},"thumbnailUrl":"https:\/\/fronteiralivre.com.br\/es\/wp-content\/uploads\/2026\/09\/Milei.webp","keywords":["Argentina","buenos Aires","Casa Rosada","Crisis econ\u00f3mica","encuestas pol\u00edticas","Equipo Mide","Javier Milei","opini\u00f3n p\u00fablica"],"articleSection":["Triple Frontera"],"inLanguage":"es-AR","potentialAction":[{"@type":"CommentAction","name":"Comment","target":["https:\/\/fronteiralivre.com.br\/es\/desaprobacion-javier-milei-buenos-aires-encuesta\/#respond"]}]},{"@type":"WebPage","@id":"https:\/\/fronteiralivre.com.br\/es\/desaprobacion-javier-milei-buenos-aires-encuesta\/","url":"https:\/\/fronteiralivre.com.br\/es\/desaprobacion-javier-milei-buenos-aires-encuesta\/","name":"Desaprobaci\u00f3n a Javier Milei supera 70% en Buenos Aires - Fronteira Livre","isPartOf":{"@id":"https:\/\/fronteiralivre.com.br\/es\/#website"},"primaryImageOfPage":{"@id":"https:\/\/fronteiralivre.com.br\/es\/desaprobacion-javier-milei-buenos-aires-encuesta\/#primaryimage"},"image":{"@id":"https:\/\/fronteiralivre.com.br\/es\/desaprobacion-javier-milei-buenos-aires-encuesta\/#primaryimage"},"thumbnailUrl":"https:\/\/fronteiralivre.com.br\/es\/wp-content\/uploads\/2026\/09\/Milei.webp","datePublished":"2026-09-03T01:50:47+00:00","dateModified":"2026-09-03T01:50:48+00:00","author":{"@id":"https:\/\/fronteiralivre.com.br\/es\/#\/schema\/person\/69b75b5696283ac4f954edef95e172d0"},"description":"La desaprobaci\u00f3n a Javier Milei trep\u00f3 al 72% en Buenos Aires y un tercio de sus votantes sostiene que el pa\u00eds va en la direcci\u00f3n equivocada.","breadcrumb":{"@id":"https:\/\/fronteiralivre.com.br\/es\/desaprobacion-javier-milei-buenos-aires-encuesta\/#breadcrumb"},"inLanguage":"es-AR","potentialAction":[{"@type":"ReadAction","target":["https:\/\/fronteiralivre.com.br\/es\/desaprobacion-javier-milei-buenos-aires-encuesta\/"]}]},{"@type":"ImageObject","inLanguage":"es-AR","@id":"https:\/\/fronteiralivre.com.br\/es\/desaprobacion-javier-milei-buenos-aires-encuesta\/#primaryimage","url":"https:\/\/fronteiralivre.com.br\/es\/wp-content\/uploads\/2026\/09\/Milei.webp","contentUrl":"https:\/\/fronteiralivre.com.br\/es\/wp-content\/uploads\/2026\/09\/Milei.webp","width":1140,"height":570,"caption":"M\u00e1s de la mitad de la poblaci\u00f3n consultada sostiene que el presidente no sabe c\u00f3mo resolver la recesi\u00f3n econ\u00f3mica en Argentina. Foto: Difusi\u00f3n."},{"@type":"BreadcrumbList","@id":"https:\/\/fronteiralivre.com.br\/es\/desaprobacion-javier-milei-buenos-aires-encuesta\/#breadcrumb","itemListElement":[{"@type":"ListItem","position":1,"name":"Home","item":"https:\/\/fronteiralivre.com.br\/es\/"},{"@type":"ListItem","position":2,"name":"Desaprobaci\u00f3n a Javier Milei supera 70% en Buenos Aires"}]},{"@type":"WebSite","@id":"https:\/\/fronteiralivre.com.br\/es\/#website","url":"https:\/\/fronteiralivre.com.br\/es\/","name":"Fronteira Livre","description":"De Foz do Igua\u00e7u para el mundo.","potentialAction":[{"@type":"SearchAction","target":{"@type":"EntryPoint","urlTemplate":"https:\/\/fronteiralivre.com.br\/es\/?s={search_term_string}"},"query-input":{"@type":"PropertyValueSpecification","valueRequired":true,"valueName":"search_term_string"}}],"inLanguage":"es-AR"},{"@type":"Person","@id":"https:\/\/fronteiralivre.com.br\/es\/#\/schema\/person\/69b75b5696283ac4f954edef95e172d0","name":"Amilton Farias","image":{"@type":"ImageObject","inLanguage":"es-AR","@id":"https:\/\/secure.gravatar.com\/avatar\/9fe07c446bf96e74022abf469fb49b43748aab858e89a1702d8dced3b8e2dedf?s=96&d=mm&r=g","url":"https:\/\/secure.gravatar.com\/avatar\/9fe07c446bf96e74022abf469fb49b43748aab858e89a1702d8dced3b8e2dedf?s=96&d=mm&r=g","contentUrl":"https:\/\/secure.gravatar.com\/avatar\/9fe07c446bf96e74022abf469fb49b43748aab858e89a1702d8dced3b8e2dedf?s=96&d=mm&r=g","caption":"Amilton Farias"},"description":"Amilton Farias es periodista, fundador y editor de Fronteira Livre. Con experiencia en distintos pa\u00edses de Am\u00e9rica Latina y una trayectoria vinculada al periodismo territorial, escribe sobre las fronteras, los territorios y los procesos pol\u00edticos, sociales y culturales que moldean la realidad de los pueblos latinoamericanos.","sameAs":["https:\/\/fronteiralivre.com.br\/es\/"],"url":"https:\/\/fronteiralivre.com.br\/es\/author\/amilton\/"}]}},"_links":{"self":[{"href":"https:\/\/fronteiralivre.com.br\/es\/wp-json\/wp\/v2\/posts\/918","targetHints":{"allow":["GET"]}}],"collection":[{"href":"https:\/\/fronteiralivre.com.br\/es\/wp-json\/wp\/v2\/posts"}],"about":[{"href":"https:\/\/fronteiralivre.com.br\/es\/wp-json\/wp\/v2\/types\/post"}],"author":[{"embeddable":true,"href":"https:\/\/fronteiralivre.com.br\/es\/wp-json\/wp\/v2\/users\/2"}],"replies":[{"embeddable":true,"href":"https:\/\/fronteiralivre.com.br\/es\/wp-json\/wp\/v2\/comments?post=918"}],"version-history":[{"count":1,"href":"https:\/\/fronteiralivre.com.br\/es\/wp-json\/wp\/v2\/posts\/918\/revisions"}],"predecessor-version":[{"id":921,"href":"https:\/\/fronteiralivre.com.br\/es\/wp-json\/wp\/v2\/posts\/918\/revisions\/921"}],"wp:featuredmedia":[{"embeddable":true,"href":"https:\/\/fronteiralivre.com.br\/es\/wp-json\/wp\/v2\/media\/920"}],"wp:attachment":[{"href":"https:\/\/fronteiralivre.com.br\/es\/wp-json\/wp\/v2\/media?parent=918"}],"wp:term":[{"taxonomy":"category","embeddable":true,"href":"https:\/\/fronteiralivre.com.br\/es\/wp-json\/wp\/v2\/categories?post=918"},{"taxonomy":"post_tag","embeddable":true,"href":"https:\/\/fronteiralivre.com.br\/es\/wp-json\/wp\/v2\/tags?post=918"}],"curies":[{"name":"wp","href":"https:\/\/api.w.org\/{rel}","templated":true}]}}