{"id":914,"date":"2026-09-02T22:44:37","date_gmt":"2026-09-03T01:44:37","guid":{"rendered":"https:\/\/fronteiralivre.com.br\/es\/?p=914"},"modified":"2026-09-02T22:44:37","modified_gmt":"2026-09-03T01:44:37","slug":"iran-ataca-bases-de-estados-unidos","status":"publish","type":"post","link":"https:\/\/fronteiralivre.com.br\/es\/iran-ataca-bases-de-estados-unidos\/","title":{"rendered":"Ir\u00e1n ataca bases de Estados Unidos en Jordania y Emiratos"},"content":{"rendered":"\n<p class=\"wp-block-paragraph\"><strong>Teher\u00e1n, Ir\u00e1n \u2013<\/strong> Fuerzas armadas iran\u00edes lanzaron este lunes 31 una serie de ataques directos con decenas de drones contra <strong>bases de Estados Unidos<\/strong> en Jordania y Emiratos \u00c1rabes Unidos. El Ministerio de Relaciones Exteriores en Teher\u00e1n confirm\u00f3 las operaciones militares y declar\u00f3 que el pa\u00eds responder\u00e1 de forma contundente ante cualquier nueva ofensiva contra su territorio. La diplomacia iran\u00ed advirti\u00f3 adem\u00e1s que el gobierno de Washington y los pa\u00edses de Medio Oriente que albergan tropas estadounidenses asumen la total responsabilidad por las consecuencias de esta escalada b\u00e9lica.<\/p>\n\n\n\n<p class=\"wp-block-paragraph\">La ofensiva se ejecut\u00f3 de manera coordinada entre dos cuerpos de seguridad. El Cuerpo de la Guardia Revolucionaria Isl\u00e1mica (IRGC) dirigi\u00f3 sus proyectiles contra las bases King Hussein y Al Azraq, en territorio jordano. La canciller\u00eda iran\u00ed explic\u00f3 que ambas instalaciones sirvieron como apoyo log\u00edstico y plataforma de despegue para una operaci\u00f3n militar previa de Washington contra la isla de Larak, ubicada en el estrat\u00e9gico estrecho de Ormuz. Dicho bombardeo estadounidense dej\u00f3 militares y civiles iran\u00edes muertos y heridos, aunque Teher\u00e1n todav\u00eda no publica una cifra oficial de v\u00edctimas.<\/p>\n\n\n\n<p class=\"wp-block-paragraph\">De forma simult\u00e1nea, el Ej\u00e9rcito de Ir\u00e1n asumi\u00f3 la autor\u00eda del bombardeo con aeronaves no tripuladas contra la base a\u00e9rea de Al Minhad, en Emiratos \u00c1rabes Unidos. El Departamento de Relaciones P\u00fablicas de las fuerzas armadas inform\u00f3 que los drones impactaron en patios y alojamientos donde permanec\u00edan soldados y helic\u00f3pteros estadounidenses. Las autoridades de defensa aseguraron que esta acci\u00f3n responde de manera directa a las bajas sufridas tras el ataque de Washington en la costa iran\u00ed.<\/p>\n\n\n\n<p class=\"wp-block-paragraph\">Durante las maniobras, sistemas de defensa antia\u00e9rea de la Guardia Revolucionaria derribaron un dron militar estadounidense MQ-9 Reaper. Seg\u00fan reportes de las agencias de noticias Mehr e Fars, el aparato de vigilancia y ataque a distancia espiaba movimientos en el estrecho de Ormuz cuando recibi\u00f3 el impacto, tras lo cual cay\u00f3 a las aguas del golfo P\u00e9rsico. La informaci\u00f3n tambi\u00e9n fue confirmada por la agencia local Tasnim.<\/p>\n\n\n\n<p class=\"wp-block-paragraph\">Desde Biskek, capital de Kirguist\u00e1n, donde asiste a la cumbre de jefes de Estado de la Organizaci\u00f3n de Cooperaci\u00f3n de Shangh\u00e1i, el presidente iran\u00ed Masoud Pezeshkian se pronunci\u00f3 sobre el enfrentamiento: &#8220;Ir\u00e1n no est\u00e1 buscando la guerra, pero nunca nos quedaremos de brazos cruzados ante cualquier agresi\u00f3n&#8221;, afirm\u00f3. El mandatario a\u00f1adi\u00f3 ante la agencia Fars que las fuerzas de seguridad dar\u00e1n una respuesta decisiva si ocurren nuevas incursiones armadas contra las fronteras o la poblaci\u00f3n iran\u00ed.<\/p>\n","protected":false},"excerpt":{"rendered":"<p>Teher\u00e1n, Ir\u00e1n \u2013 Fuerzas armadas iran\u00edes lanzaron este lunes 31 una serie de ataques directos con decenas de drones contra bases de Estados Unidos en Jordania y Emiratos \u00c1rabes Unidos. El Ministerio de Relaciones Exteriores en Teher\u00e1n confirm\u00f3 las operaciones militares y declar\u00f3 que el pa\u00eds responder\u00e1 de forma contundente ante cualquier nueva ofensiva contra su territorio. La diplomacia iran\u00ed advirti\u00f3 adem\u00e1s que el gobierno de Washington y los pa\u00edses de Medio Oriente que albergan tropas estadounidenses asumen la total responsabilidad por las consecuencias de esta escalada b\u00e9lica.<\/p>\n","protected":false},"author":2,"featured_media":916,"comment_status":"open","ping_status":"open","sticky":false,"template":"","format":"standard","meta":{"_sub_headline":"El ej\u00e9rcito iran\u00ed y la Guardia Revolucionaria coordinan ofensiva contra tropas norteamericanas y derriban un dron MQ-9 Reaper en el golfo.","videourl":"","footnotes":""},"categories":[24],"tags":[2088,2090,1314,2091,156,2089,2092,1200],"class_list":["post-914","post","type-post","status-publish","format-standard","has-post-thumbnail","hentry","category-internacional","tag-bases-de-estados-unidos","tag-emiratos-arabes-unidos","tag-estrecho-de-ormuz","tag-guardia-revolucionaria","tag-iran","tag-jordania","tag-masoud-pezeshkian","tag-medio-oriente"],"yoast_head":"<!-- This site is optimized with the Yoast SEO plugin v28.3 - https:\/\/yoast.com\/product\/yoast-seo-wordpress\/ -->\n<title>Ir\u00e1n ataca bases de Estados Unidos en Jordania y Emiratos - Fronteira Livre<\/title>\n<meta name=\"description\" content=\"Ir\u00e1n atac\u00f3 varias bases de Estados Unidos en Jordania y Emiratos \u00c1rabes con drones armados tras una ofensiva en la isla de Larak en Ormuz\" \/>\n<meta name=\"robots\" content=\"index, follow, max-snippet:-1, max-image-preview:large, max-video-preview:-1\" \/>\n<link rel=\"canonical\" href=\"https:\/\/fronteiralivre.com.br\/es\/iran-ataca-bases-de-estados-unidos\/\" \/>\n<meta property=\"og:locale\" content=\"es_ES\" \/>\n<meta property=\"og:type\" content=\"article\" \/>\n<meta property=\"og:title\" content=\"Ir\u00e1n ataca bases de Estados Unidos en Jordania y Emiratos - Fronteira Livre\" \/>\n<meta property=\"og:description\" content=\"Ir\u00e1n atac\u00f3 varias bases de Estados Unidos en Jordania y Emiratos \u00c1rabes con drones armados tras una ofensiva en la isla de Larak en Ormuz\" \/>\n<meta property=\"og:url\" content=\"https:\/\/fronteiralivre.com.br\/es\/iran-ataca-bases-de-estados-unidos\/\" \/>\n<meta property=\"og:site_name\" content=\"Fronteira Livre\" \/>\n<meta property=\"article:published_time\" content=\"2026-09-03T01:44:37+00:00\" \/>\n<meta property=\"og:image\" content=\"https:\/\/fronteiralivre.com.br\/es\/wp-content\/uploads\/2026\/09\/Ira.webp\" \/>\n\t<meta property=\"og:image:width\" content=\"1140\" \/>\n\t<meta property=\"og:image:height\" content=\"571\" \/>\n\t<meta property=\"og:image:type\" content=\"image\/webp\" \/>\n<meta name=\"author\" content=\"Amilton Farias\" \/>\n<meta name=\"twitter:card\" content=\"summary_large_image\" \/>\n<meta name=\"twitter:label1\" content=\"Escrito por\" \/>\n\t<meta name=\"twitter:data1\" content=\"Amilton Farias\" \/>\n\t<meta name=\"twitter:label2\" content=\"Tiempo de lectura\" \/>\n\t<meta name=\"twitter:data2\" content=\"3 minutos\" \/>\n<script type=\"application\/ld+json\" class=\"yoast-schema-graph\">{\"@context\":\"https:\\\/\\\/schema.org\",\"@graph\":[{\"@type\":\"Article\",\"@id\":\"https:\\\/\\\/fronteiralivre.com.br\\\/es\\\/iran-ataca-bases-de-estados-unidos\\\/#article\",\"isPartOf\":{\"@id\":\"https:\\\/\\\/fronteiralivre.com.br\\\/es\\\/iran-ataca-bases-de-estados-unidos\\\/\"},\"author\":{\"name\":\"Amilton Farias\",\"@id\":\"https:\\\/\\\/fronteiralivre.com.br\\\/es\\\/#\\\/schema\\\/person\\\/69b75b5696283ac4f954edef95e172d0\"},\"headline\":\"Ir\u00e1n ataca bases de Estados Unidos en Jordania y Emiratos\",\"datePublished\":\"2026-09-03T01:44:37+00:00\",\"mainEntityOfPage\":{\"@id\":\"https:\\\/\\\/fronteiralivre.com.br\\\/es\\\/iran-ataca-bases-de-estados-unidos\\\/\"},\"wordCount\":445,\"commentCount\":0,\"image\":{\"@id\":\"https:\\\/\\\/fronteiralivre.com.br\\\/es\\\/iran-ataca-bases-de-estados-unidos\\\/#primaryimage\"},\"thumbnailUrl\":\"https:\\\/\\\/fronteiralivre.com.br\\\/es\\\/wp-content\\\/uploads\\\/2026\\\/09\\\/Ira.webp\",\"keywords\":[\"bases de Estados Unidos\",\"Emiratos \u00c1rabes Unidos\",\"Estrecho de Ormuz\",\"Guardia Revolucionaria\",\"Ir\u00e1n\",\"Jordania\",\"Masoud Pezeshkian\",\"Medio Oriente\"],\"articleSection\":[\"Internacional\"],\"inLanguage\":\"es-AR\",\"potentialAction\":[{\"@type\":\"CommentAction\",\"name\":\"Comment\",\"target\":[\"https:\\\/\\\/fronteiralivre.com.br\\\/es\\\/iran-ataca-bases-de-estados-unidos\\\/#respond\"]}]},{\"@type\":\"WebPage\",\"@id\":\"https:\\\/\\\/fronteiralivre.com.br\\\/es\\\/iran-ataca-bases-de-estados-unidos\\\/\",\"url\":\"https:\\\/\\\/fronteiralivre.com.br\\\/es\\\/iran-ataca-bases-de-estados-unidos\\\/\",\"name\":\"Ir\u00e1n ataca bases de Estados Unidos en Jordania y Emiratos - Fronteira Livre\",\"isPartOf\":{\"@id\":\"https:\\\/\\\/fronteiralivre.com.br\\\/es\\\/#website\"},\"primaryImageOfPage\":{\"@id\":\"https:\\\/\\\/fronteiralivre.com.br\\\/es\\\/iran-ataca-bases-de-estados-unidos\\\/#primaryimage\"},\"image\":{\"@id\":\"https:\\\/\\\/fronteiralivre.com.br\\\/es\\\/iran-ataca-bases-de-estados-unidos\\\/#primaryimage\"},\"thumbnailUrl\":\"https:\\\/\\\/fronteiralivre.com.br\\\/es\\\/wp-content\\\/uploads\\\/2026\\\/09\\\/Ira.webp\",\"datePublished\":\"2026-09-03T01:44:37+00:00\",\"author\":{\"@id\":\"https:\\\/\\\/fronteiralivre.com.br\\\/es\\\/#\\\/schema\\\/person\\\/69b75b5696283ac4f954edef95e172d0\"},\"description\":\"Ir\u00e1n atac\u00f3 varias bases de Estados Unidos en Jordania y Emiratos \u00c1rabes con drones armados tras una ofensiva en la isla de Larak en Ormuz\",\"breadcrumb\":{\"@id\":\"https:\\\/\\\/fronteiralivre.com.br\\\/es\\\/iran-ataca-bases-de-estados-unidos\\\/#breadcrumb\"},\"inLanguage\":\"es-AR\",\"potentialAction\":[{\"@type\":\"ReadAction\",\"target\":[\"https:\\\/\\\/fronteiralivre.com.br\\\/es\\\/iran-ataca-bases-de-estados-unidos\\\/\"]}]},{\"@type\":\"ImageObject\",\"inLanguage\":\"es-AR\",\"@id\":\"https:\\\/\\\/fronteiralivre.com.br\\\/es\\\/iran-ataca-bases-de-estados-unidos\\\/#primaryimage\",\"url\":\"https:\\\/\\\/fronteiralivre.com.br\\\/es\\\/wp-content\\\/uploads\\\/2026\\\/09\\\/Ira.webp\",\"contentUrl\":\"https:\\\/\\\/fronteiralivre.com.br\\\/es\\\/wp-content\\\/uploads\\\/2026\\\/09\\\/Ira.webp\",\"width\":1140,\"height\":571,\"caption\":\"Restos y maniobras defensivas tras el despliegue de drones militares en Medio Oriente. Foto: Bilal Hussein\\\/AFP\"},{\"@type\":\"BreadcrumbList\",\"@id\":\"https:\\\/\\\/fronteiralivre.com.br\\\/es\\\/iran-ataca-bases-de-estados-unidos\\\/#breadcrumb\",\"itemListElement\":[{\"@type\":\"ListItem\",\"position\":1,\"name\":\"Home\",\"item\":\"https:\\\/\\\/fronteiralivre.com.br\\\/es\\\/\"},{\"@type\":\"ListItem\",\"position\":2,\"name\":\"Ir\u00e1n ataca bases de Estados Unidos en Jordania y Emiratos\"}]},{\"@type\":\"WebSite\",\"@id\":\"https:\\\/\\\/fronteiralivre.com.br\\\/es\\\/#website\",\"url\":\"https:\\\/\\\/fronteiralivre.com.br\\\/es\\\/\",\"name\":\"Fronteira Livre\",\"description\":\"De Foz do Igua\u00e7u para el mundo.\",\"potentialAction\":[{\"@type\":\"SearchAction\",\"target\":{\"@type\":\"EntryPoint\",\"urlTemplate\":\"https:\\\/\\\/fronteiralivre.com.br\\\/es\\\/?s={search_term_string}\"},\"query-input\":{\"@type\":\"PropertyValueSpecification\",\"valueRequired\":true,\"valueName\":\"search_term_string\"}}],\"inLanguage\":\"es-AR\"},{\"@type\":\"Person\",\"@id\":\"https:\\\/\\\/fronteiralivre.com.br\\\/es\\\/#\\\/schema\\\/person\\\/69b75b5696283ac4f954edef95e172d0\",\"name\":\"Amilton Farias\",\"image\":{\"@type\":\"ImageObject\",\"inLanguage\":\"es-AR\",\"@id\":\"https:\\\/\\\/secure.gravatar.com\\\/avatar\\\/9fe07c446bf96e74022abf469fb49b43748aab858e89a1702d8dced3b8e2dedf?s=96&d=mm&r=g\",\"url\":\"https:\\\/\\\/secure.gravatar.com\\\/avatar\\\/9fe07c446bf96e74022abf469fb49b43748aab858e89a1702d8dced3b8e2dedf?s=96&d=mm&r=g\",\"contentUrl\":\"https:\\\/\\\/secure.gravatar.com\\\/avatar\\\/9fe07c446bf96e74022abf469fb49b43748aab858e89a1702d8dced3b8e2dedf?s=96&d=mm&r=g\",\"caption\":\"Amilton Farias\"},\"description\":\"Amilton Farias es periodista, fundador y editor de Fronteira Livre. Con experiencia en distintos pa\u00edses de Am\u00e9rica Latina y una trayectoria vinculada al periodismo territorial, escribe sobre las fronteras, los territorios y los procesos pol\u00edticos, sociales y culturales que moldean la realidad de los pueblos latinoamericanos.\",\"sameAs\":[\"https:\\\/\\\/fronteiralivre.com.br\\\/es\\\/\"],\"url\":\"https:\\\/\\\/fronteiralivre.com.br\\\/es\\\/author\\\/amilton\\\/\"}]}<\/script>\n<!-- \/ Yoast SEO plugin. -->","yoast_head_json":{"title":"Ir\u00e1n ataca bases de Estados Unidos en Jordania y Emiratos - Fronteira Livre","description":"Ir\u00e1n atac\u00f3 varias bases de Estados Unidos en Jordania y Emiratos \u00c1rabes con drones armados tras una ofensiva en la isla de Larak en Ormuz","robots":{"index":"index","follow":"follow","max-snippet":"max-snippet:-1","max-image-preview":"max-image-preview:large","max-video-preview":"max-video-preview:-1"},"canonical":"https:\/\/fronteiralivre.com.br\/es\/iran-ataca-bases-de-estados-unidos\/","og_locale":"es_ES","og_type":"article","og_title":"Ir\u00e1n ataca bases de Estados Unidos en Jordania y Emiratos - Fronteira Livre","og_description":"Ir\u00e1n atac\u00f3 varias bases de Estados Unidos en Jordania y Emiratos \u00c1rabes con drones armados tras una ofensiva en la isla de Larak en Ormuz","og_url":"https:\/\/fronteiralivre.com.br\/es\/iran-ataca-bases-de-estados-unidos\/","og_site_name":"Fronteira Livre","article_published_time":"2026-09-03T01:44:37+00:00","og_image":[{"width":1140,"height":571,"url":"https:\/\/fronteiralivre.com.br\/es\/wp-content\/uploads\/2026\/09\/Ira.webp","type":"image\/webp"}],"author":"Amilton Farias","twitter_card":"summary_large_image","twitter_misc":{"Escrito por":"Amilton Farias","Tiempo de lectura":"3 minutos"},"schema":{"@context":"https:\/\/schema.org","@graph":[{"@type":"Article","@id":"https:\/\/fronteiralivre.com.br\/es\/iran-ataca-bases-de-estados-unidos\/#article","isPartOf":{"@id":"https:\/\/fronteiralivre.com.br\/es\/iran-ataca-bases-de-estados-unidos\/"},"author":{"name":"Amilton Farias","@id":"https:\/\/fronteiralivre.com.br\/es\/#\/schema\/person\/69b75b5696283ac4f954edef95e172d0"},"headline":"Ir\u00e1n ataca bases de Estados Unidos en Jordania y Emiratos","datePublished":"2026-09-03T01:44:37+00:00","mainEntityOfPage":{"@id":"https:\/\/fronteiralivre.com.br\/es\/iran-ataca-bases-de-estados-unidos\/"},"wordCount":445,"commentCount":0,"image":{"@id":"https:\/\/fronteiralivre.com.br\/es\/iran-ataca-bases-de-estados-unidos\/#primaryimage"},"thumbnailUrl":"https:\/\/fronteiralivre.com.br\/es\/wp-content\/uploads\/2026\/09\/Ira.webp","keywords":["bases de Estados Unidos","Emiratos \u00c1rabes Unidos","Estrecho de Ormuz","Guardia Revolucionaria","Ir\u00e1n","Jordania","Masoud Pezeshkian","Medio Oriente"],"articleSection":["Internacional"],"inLanguage":"es-AR","potentialAction":[{"@type":"CommentAction","name":"Comment","target":["https:\/\/fronteiralivre.com.br\/es\/iran-ataca-bases-de-estados-unidos\/#respond"]}]},{"@type":"WebPage","@id":"https:\/\/fronteiralivre.com.br\/es\/iran-ataca-bases-de-estados-unidos\/","url":"https:\/\/fronteiralivre.com.br\/es\/iran-ataca-bases-de-estados-unidos\/","name":"Ir\u00e1n ataca bases de Estados Unidos en Jordania y Emiratos - Fronteira Livre","isPartOf":{"@id":"https:\/\/fronteiralivre.com.br\/es\/#website"},"primaryImageOfPage":{"@id":"https:\/\/fronteiralivre.com.br\/es\/iran-ataca-bases-de-estados-unidos\/#primaryimage"},"image":{"@id":"https:\/\/fronteiralivre.com.br\/es\/iran-ataca-bases-de-estados-unidos\/#primaryimage"},"thumbnailUrl":"https:\/\/fronteiralivre.com.br\/es\/wp-content\/uploads\/2026\/09\/Ira.webp","datePublished":"2026-09-03T01:44:37+00:00","author":{"@id":"https:\/\/fronteiralivre.com.br\/es\/#\/schema\/person\/69b75b5696283ac4f954edef95e172d0"},"description":"Ir\u00e1n atac\u00f3 varias bases de Estados Unidos en Jordania y Emiratos \u00c1rabes con drones armados tras una ofensiva en la isla de Larak en Ormuz","breadcrumb":{"@id":"https:\/\/fronteiralivre.com.br\/es\/iran-ataca-bases-de-estados-unidos\/#breadcrumb"},"inLanguage":"es-AR","potentialAction":[{"@type":"ReadAction","target":["https:\/\/fronteiralivre.com.br\/es\/iran-ataca-bases-de-estados-unidos\/"]}]},{"@type":"ImageObject","inLanguage":"es-AR","@id":"https:\/\/fronteiralivre.com.br\/es\/iran-ataca-bases-de-estados-unidos\/#primaryimage","url":"https:\/\/fronteiralivre.com.br\/es\/wp-content\/uploads\/2026\/09\/Ira.webp","contentUrl":"https:\/\/fronteiralivre.com.br\/es\/wp-content\/uploads\/2026\/09\/Ira.webp","width":1140,"height":571,"caption":"Restos y maniobras defensivas tras el despliegue de drones militares en Medio Oriente. Foto: Bilal Hussein\/AFP"},{"@type":"BreadcrumbList","@id":"https:\/\/fronteiralivre.com.br\/es\/iran-ataca-bases-de-estados-unidos\/#breadcrumb","itemListElement":[{"@type":"ListItem","position":1,"name":"Home","item":"https:\/\/fronteiralivre.com.br\/es\/"},{"@type":"ListItem","position":2,"name":"Ir\u00e1n ataca bases de Estados Unidos en Jordania y Emiratos"}]},{"@type":"WebSite","@id":"https:\/\/fronteiralivre.com.br\/es\/#website","url":"https:\/\/fronteiralivre.com.br\/es\/","name":"Fronteira Livre","description":"De Foz do Igua\u00e7u para el mundo.","potentialAction":[{"@type":"SearchAction","target":{"@type":"EntryPoint","urlTemplate":"https:\/\/fronteiralivre.com.br\/es\/?s={search_term_string}"},"query-input":{"@type":"PropertyValueSpecification","valueRequired":true,"valueName":"search_term_string"}}],"inLanguage":"es-AR"},{"@type":"Person","@id":"https:\/\/fronteiralivre.com.br\/es\/#\/schema\/person\/69b75b5696283ac4f954edef95e172d0","name":"Amilton Farias","image":{"@type":"ImageObject","inLanguage":"es-AR","@id":"https:\/\/secure.gravatar.com\/avatar\/9fe07c446bf96e74022abf469fb49b43748aab858e89a1702d8dced3b8e2dedf?s=96&d=mm&r=g","url":"https:\/\/secure.gravatar.com\/avatar\/9fe07c446bf96e74022abf469fb49b43748aab858e89a1702d8dced3b8e2dedf?s=96&d=mm&r=g","contentUrl":"https:\/\/secure.gravatar.com\/avatar\/9fe07c446bf96e74022abf469fb49b43748aab858e89a1702d8dced3b8e2dedf?s=96&d=mm&r=g","caption":"Amilton Farias"},"description":"Amilton Farias es periodista, fundador y editor de Fronteira Livre. Con experiencia en distintos pa\u00edses de Am\u00e9rica Latina y una trayectoria vinculada al periodismo territorial, escribe sobre las fronteras, los territorios y los procesos pol\u00edticos, sociales y culturales que moldean la realidad de los pueblos latinoamericanos.","sameAs":["https:\/\/fronteiralivre.com.br\/es\/"],"url":"https:\/\/fronteiralivre.com.br\/es\/author\/amilton\/"}]}},"_links":{"self":[{"href":"https:\/\/fronteiralivre.com.br\/es\/wp-json\/wp\/v2\/posts\/914","targetHints":{"allow":["GET"]}}],"collection":[{"href":"https:\/\/fronteiralivre.com.br\/es\/wp-json\/wp\/v2\/posts"}],"about":[{"href":"https:\/\/fronteiralivre.com.br\/es\/wp-json\/wp\/v2\/types\/post"}],"author":[{"embeddable":true,"href":"https:\/\/fronteiralivre.com.br\/es\/wp-json\/wp\/v2\/users\/2"}],"replies":[{"embeddable":true,"href":"https:\/\/fronteiralivre.com.br\/es\/wp-json\/wp\/v2\/comments?post=914"}],"version-history":[{"count":1,"href":"https:\/\/fronteiralivre.com.br\/es\/wp-json\/wp\/v2\/posts\/914\/revisions"}],"predecessor-version":[{"id":917,"href":"https:\/\/fronteiralivre.com.br\/es\/wp-json\/wp\/v2\/posts\/914\/revisions\/917"}],"wp:featuredmedia":[{"embeddable":true,"href":"https:\/\/fronteiralivre.com.br\/es\/wp-json\/wp\/v2\/media\/916"}],"wp:attachment":[{"href":"https:\/\/fronteiralivre.com.br\/es\/wp-json\/wp\/v2\/media?parent=914"}],"wp:term":[{"taxonomy":"category","embeddable":true,"href":"https:\/\/fronteiralivre.com.br\/es\/wp-json\/wp\/v2\/categories?post=914"},{"taxonomy":"post_tag","embeddable":true,"href":"https:\/\/fronteiralivre.com.br\/es\/wp-json\/wp\/v2\/tags?post=914"}],"curies":[{"name":"wp","href":"https:\/\/api.w.org\/{rel}","templated":true}]}}