{"id":910,"date":"2026-09-02T22:36:30","date_gmt":"2026-09-03T01:36:30","guid":{"rendered":"https:\/\/fronteiralivre.com.br\/es\/?p=910"},"modified":"2026-09-02T22:36:30","modified_gmt":"2026-09-03T01:36:30","slug":"muere-vasco-baigorri-misiones","status":"publish","type":"post","link":"https:\/\/fronteiralivre.com.br\/es\/muere-vasco-baigorri-misiones\/","title":{"rendered":"Muere Vasco Baigorri, periodista y activista en Misiones"},"content":{"rendered":"\n<p class=\"wp-block-paragraph\"><strong>Arist\u00f3bulo del Valle, Misiones \u2013<\/strong> El periodista, escritor y defensor de los derechos ind\u00edgenas Marcelo Jorge Baigorri, conocido como <strong>Vasco Baigorri<\/strong>, muri\u00f3 este martes a los 75 a\u00f1os de edad. Vecino hist\u00f3rico de Arist\u00f3bulo del Valle, Baigorri dedic\u00f3 m\u00e1s de veinte a\u00f1os de su vida al acompa\u00f1amiento directo de las comunidades del pueblo Mbya Guaran\u00ed en la provincia de Misiones, donde ejerc\u00eda como coordinador del \u00e1rea de Prensa y Difusi\u00f3n del Equipo Misionero de Pastoral Aborigen (Emipa).<\/p>\n\n\n\n<p class=\"wp-block-paragraph\">El trabajo territorial de Baigorri estuvo ligado de forma permanente al reclamo de restituci\u00f3n de tierras comunitarias, el acceso al agua potable y el freno a la destrucci\u00f3n del monte nativo. Como integrante activo del Grupo Ecologista Ku\u00f1a Pir\u00fa, intervino en primera l\u00ednea frente a los conflictos agrarios y ambientales de la zona centro de Misiones, situaciones que lo expusieron a represalias violentas contra su integridad f\u00edsica.<\/p>\n\n\n\n<p class=\"wp-block-paragraph\">En 2019, sobrevivi\u00f3 a un ataque a machetazos perpetrado dentro del Parque Provincial Cu\u00f1a Pir\u00fa cuando acompa\u00f1aba a familias guaran\u00edes en tareas de verificaci\u00f3n e inspecci\u00f3n ante ocupaciones ilegales de territorio ancestral. Cuatro a\u00f1os m\u00e1s tarde, en 2023, encabez\u00f3 la denuncia p\u00fablica que sac\u00f3 a la luz la tala ilegal y desmonte de aproximadamente 145 hect\u00e1reas de selva nativa dentro de la comunidad Takuap\u00ed Mir\u00ed.<\/p>\n\n\n\n<p class=\"wp-block-paragraph\">A la par de su labor en las aldeas, Baigorri construy\u00f3 una extensa trayectoria literaria que abarc\u00f3 m\u00e1s de cuatro d\u00e9cadas de producci\u00f3n po\u00e9tica y period\u00edstica. Entre sus obras publicadas figuran los libros <em>Soy yo a pesar de m\u00ed<\/em>, <em>El pa\u00eds de las naranjas amargas<\/em> y <em>Las caba\u00f1as<\/em>, producci\u00f3n que le vali\u00f3 recibir la Faja de Honor de la Sociedad Argentina de Escritores (SADE). Adem\u00e1s de desempe\u00f1arse como fot\u00f3grafo documental y graduarse de una maestr\u00eda en Cultura Guaran\u00ed-Jesu\u00edtica, impuls\u00f3 espacios de articulaci\u00f3n comunitaria: fue socio fundador de la Asociaci\u00f3n Arist\u00f3bulo del Valle Escribe (AVE) y dirigi\u00f3 publicaciones independientes en la provincia.<\/p>\n\n\n\n<p class=\"wp-block-paragraph\">En el \u00e1mbito deportivo regional, fue el principal referente de la introducci\u00f3n del tiro con arco en Misiones. Lider\u00f3 la Asociaci\u00f3n Misionera de Tiro con Arco, form\u00f3 a generaciones de deportistas y se desempe\u00f1\u00f3 como juez en competencias oficiales en Argentina, Brasil y Paraguay. Su experiencia t\u00e9cnica lo llev\u00f3 a ser convocado por la federaci\u00f3n continental World Archery Americas para capacitar a delegados t\u00e9cnicos en distintos pa\u00edses de la regi\u00f3n.<\/p>\n\n\n\n<p class=\"wp-block-paragraph\">El fallecimiento de Baigorri provoc\u00f3 conmoci\u00f3n en organizaciones sociales y redes de derechos humanos de la Cuenca del Plata. A trav\u00e9s de un pronunciamiento p\u00fablico, el Equipo Misionero de Pastoral Aborigen despidi\u00f3 al comunicador:<\/p>\n\n\n\n<blockquote class=\"wp-block-quote is-layout-flow wp-block-quote-is-layout-flow\">\n<p class=\"wp-block-paragraph\">&#8220;Nos despedimos hoy con profunda tristeza, pero con la convicci\u00f3n de que su legado vivir\u00e1 en cada uno de nosotros. Porque su vida marc\u00f3 las nuestras y porque siempre luch\u00f3 de coraz\u00f3n para que el mundo fuera m\u00e1s justo; para que los territorios est\u00e9n en las manos de sus due\u00f1os ancestrales. Lo hizo con fuerza y coraje y camin\u00f3 a la par, nunca adelante. Extendi\u00f3 la mano y no pidi\u00f3 nada a cambio&#8221;.<\/p>\n<\/blockquote>\n\n\n\n<p class=\"wp-block-paragraph\">En Brasil, el Consejo Indigenista Misionero (Cimi Regional Sur) rindi\u00f3 homenaje a Baigorri y record\u00f3 su participaci\u00f3n activa en los Encuentros Continentales Guaran\u00ed, donde el periodista concibi\u00f3 la labor comunicacional como un ejercicio de escucha directa, presencia en las aldeas y construcci\u00f3n colectiva junto a los pueblos originarios.<\/p>\n\n\n\n<h3 class=\"wp-block-heading\">SERVICIO<\/h3>\n\n\n\n<ul class=\"wp-block-list\">\n<li><strong>Lugar de velatorio y despedida:<\/strong> Sal\u00f3n de la Cooperativa Caingu\u00e1s (Avenida de las Am\u00e9ricas, Arist\u00f3bulo del Valle, Misiones).<\/li>\n\n\n\n<li><strong>Horario:<\/strong> Mi\u00e9rcoles 2 de septiembre, de 8:30 a 10:00.<\/li>\n<\/ul>\n","protected":false},"excerpt":{"rendered":"<p>Arist\u00f3bulo del Valle, Misiones \u2013 El periodista, escritor y defensor de los derechos ind\u00edgenas Marcelo Jorge Baigorri, conocido como Vasco Baigorri, muri\u00f3 este martes a los 75 a\u00f1os de edad. Vecino hist\u00f3rico de Arist\u00f3bulo del Valle, Baigorri dedic\u00f3 m\u00e1s de veinte a\u00f1os de su vida al acompa\u00f1amiento directo de las comunidades del pueblo Mbya Guaran\u00ed en la provincia de Misiones, donde ejerc\u00eda como coordinador del \u00e1rea de Prensa y Difusi\u00f3n del Equipo Misionero de Pastoral Aborigen (Emipa).<\/p>\n","protected":false},"author":2,"featured_media":912,"comment_status":"open","ping_status":"open","sticky":false,"template":"","format":"standard","meta":{"_sub_headline":"Defendi\u00f3 las tierras de las aldeas Mbya, sobrevivi\u00f3 a un ataque a machetazos en 2019 y articul\u00f3 redes ind\u00edgenas en Argentina y Brasil.","videourl":"","footnotes":""},"categories":[40],"tags":[2081,2084,2086,1756,2085,2083,120,2087,2082,2080],"class_list":["post-910","post","type-post","status-publish","format-standard","has-post-thumbnail","hentry","category-triple-frontera","tag-aristobulo-del-valle","tag-cimi","tag-cuna-piru","tag-derechos-indigenas","tag-desmonte-ilegal","tag-emipa","tag-misiones","tag-periodismo-ambiental","tag-pueblo-mbya-guarani","tag-vasco-baigorri"],"yoast_head":"<!-- This site is optimized with the Yoast SEO plugin v28.3 - https:\/\/yoast.com\/product\/yoast-seo-wordpress\/ -->\n<title>Muere Vasco Baigorri, periodista y activista en Misiones - Fronteira Livre<\/title>\n<meta name=\"description\" content=\"Muri\u00f3 Vasco Baigorri, periodista y defensor de las comunidades guaran\u00edes en Misiones. Denunci\u00f3 desmontes ilegales y defendi\u00f3 la selva nativa.\" \/>\n<meta name=\"robots\" content=\"index, follow, max-snippet:-1, max-image-preview:large, max-video-preview:-1\" \/>\n<link rel=\"canonical\" href=\"https:\/\/fronteiralivre.com.br\/es\/muere-vasco-baigorri-misiones\/\" \/>\n<meta property=\"og:locale\" content=\"es_ES\" \/>\n<meta property=\"og:type\" content=\"article\" \/>\n<meta property=\"og:title\" content=\"Muere Vasco Baigorri, periodista y activista en Misiones - Fronteira Livre\" \/>\n<meta property=\"og:description\" content=\"Muri\u00f3 Vasco Baigorri, periodista y defensor de las comunidades guaran\u00edes en Misiones. Denunci\u00f3 desmontes ilegales y defendi\u00f3 la selva nativa.\" \/>\n<meta property=\"og:url\" content=\"https:\/\/fronteiralivre.com.br\/es\/muere-vasco-baigorri-misiones\/\" \/>\n<meta property=\"og:site_name\" content=\"Fronteira Livre\" \/>\n<meta property=\"article:published_time\" content=\"2026-09-03T01:36:30+00:00\" \/>\n<meta property=\"og:image\" content=\"https:\/\/fronteiralivre.com.br\/es\/wp-content\/uploads\/2026\/09\/Vasco-Baigorri.webp\" \/>\n\t<meta property=\"og:image:width\" content=\"1140\" \/>\n\t<meta property=\"og:image:height\" content=\"571\" \/>\n\t<meta property=\"og:image:type\" content=\"image\/webp\" \/>\n<meta name=\"author\" content=\"Amilton Farias\" \/>\n<meta name=\"twitter:card\" content=\"summary_large_image\" \/>\n<meta name=\"twitter:label1\" content=\"Escrito por\" \/>\n\t<meta name=\"twitter:data1\" content=\"Amilton Farias\" \/>\n\t<meta name=\"twitter:label2\" content=\"Tiempo de lectura\" \/>\n\t<meta name=\"twitter:data2\" content=\"3 minutos\" \/>\n<script type=\"application\/ld+json\" class=\"yoast-schema-graph\">{\"@context\":\"https:\\\/\\\/schema.org\",\"@graph\":[{\"@type\":\"Article\",\"@id\":\"https:\\\/\\\/fronteiralivre.com.br\\\/es\\\/muere-vasco-baigorri-misiones\\\/#article\",\"isPartOf\":{\"@id\":\"https:\\\/\\\/fronteiralivre.com.br\\\/es\\\/muere-vasco-baigorri-misiones\\\/\"},\"author\":{\"name\":\"Amilton Farias\",\"@id\":\"https:\\\/\\\/fronteiralivre.com.br\\\/es\\\/#\\\/schema\\\/person\\\/69b75b5696283ac4f954edef95e172d0\"},\"headline\":\"Muere Vasco Baigorri, periodista y activista en Misiones\",\"datePublished\":\"2026-09-03T01:36:30+00:00\",\"mainEntityOfPage\":{\"@id\":\"https:\\\/\\\/fronteiralivre.com.br\\\/es\\\/muere-vasco-baigorri-misiones\\\/\"},\"wordCount\":626,\"commentCount\":0,\"image\":{\"@id\":\"https:\\\/\\\/fronteiralivre.com.br\\\/es\\\/muere-vasco-baigorri-misiones\\\/#primaryimage\"},\"thumbnailUrl\":\"https:\\\/\\\/fronteiralivre.com.br\\\/es\\\/wp-content\\\/uploads\\\/2026\\\/09\\\/Vasco-Baigorri.webp\",\"keywords\":[\"Arist\u00f3bulo del Valle\",\"Cimi\",\"Cu\u00f1a Pir\u00fa\",\"Derechos Ind\u00edgenas\",\"desmonte ilegal\",\"Emipa\",\"misiones\",\"periodismo ambiental\",\"Pueblo Mbya Guaran\u00ed\",\"Vasco Baigorri\"],\"articleSection\":[\"Triple Frontera\"],\"inLanguage\":\"es-AR\",\"potentialAction\":[{\"@type\":\"CommentAction\",\"name\":\"Comment\",\"target\":[\"https:\\\/\\\/fronteiralivre.com.br\\\/es\\\/muere-vasco-baigorri-misiones\\\/#respond\"]}]},{\"@type\":\"WebPage\",\"@id\":\"https:\\\/\\\/fronteiralivre.com.br\\\/es\\\/muere-vasco-baigorri-misiones\\\/\",\"url\":\"https:\\\/\\\/fronteiralivre.com.br\\\/es\\\/muere-vasco-baigorri-misiones\\\/\",\"name\":\"Muere Vasco Baigorri, periodista y activista en Misiones - Fronteira Livre\",\"isPartOf\":{\"@id\":\"https:\\\/\\\/fronteiralivre.com.br\\\/es\\\/#website\"},\"primaryImageOfPage\":{\"@id\":\"https:\\\/\\\/fronteiralivre.com.br\\\/es\\\/muere-vasco-baigorri-misiones\\\/#primaryimage\"},\"image\":{\"@id\":\"https:\\\/\\\/fronteiralivre.com.br\\\/es\\\/muere-vasco-baigorri-misiones\\\/#primaryimage\"},\"thumbnailUrl\":\"https:\\\/\\\/fronteiralivre.com.br\\\/es\\\/wp-content\\\/uploads\\\/2026\\\/09\\\/Vasco-Baigorri.webp\",\"datePublished\":\"2026-09-03T01:36:30+00:00\",\"author\":{\"@id\":\"https:\\\/\\\/fronteiralivre.com.br\\\/es\\\/#\\\/schema\\\/person\\\/69b75b5696283ac4f954edef95e172d0\"},\"description\":\"Muri\u00f3 Vasco Baigorri, periodista y defensor de las comunidades guaran\u00edes en Misiones. Denunci\u00f3 desmontes ilegales y defendi\u00f3 la selva nativa.\",\"breadcrumb\":{\"@id\":\"https:\\\/\\\/fronteiralivre.com.br\\\/es\\\/muere-vasco-baigorri-misiones\\\/#breadcrumb\"},\"inLanguage\":\"es-AR\",\"potentialAction\":[{\"@type\":\"ReadAction\",\"target\":[\"https:\\\/\\\/fronteiralivre.com.br\\\/es\\\/muere-vasco-baigorri-misiones\\\/\"]}]},{\"@type\":\"ImageObject\",\"inLanguage\":\"es-AR\",\"@id\":\"https:\\\/\\\/fronteiralivre.com.br\\\/es\\\/muere-vasco-baigorri-misiones\\\/#primaryimage\",\"url\":\"https:\\\/\\\/fronteiralivre.com.br\\\/es\\\/wp-content\\\/uploads\\\/2026\\\/09\\\/Vasco-Baigorri.webp\",\"contentUrl\":\"https:\\\/\\\/fronteiralivre.com.br\\\/es\\\/wp-content\\\/uploads\\\/2026\\\/09\\\/Vasco-Baigorri.webp\",\"width\":1140,\"height\":571,\"caption\":\"Vasco Baigorri acompa\u00f1\u00f3 durante m\u00e1s de dos d\u00e9cadas la defensa de los territorios guaran\u00edes en Misiones. Foto: Difusi\u00f3n.\"},{\"@type\":\"BreadcrumbList\",\"@id\":\"https:\\\/\\\/fronteiralivre.com.br\\\/es\\\/muere-vasco-baigorri-misiones\\\/#breadcrumb\",\"itemListElement\":[{\"@type\":\"ListItem\",\"position\":1,\"name\":\"Home\",\"item\":\"https:\\\/\\\/fronteiralivre.com.br\\\/es\\\/\"},{\"@type\":\"ListItem\",\"position\":2,\"name\":\"Muere Vasco Baigorri, periodista y activista en Misiones\"}]},{\"@type\":\"WebSite\",\"@id\":\"https:\\\/\\\/fronteiralivre.com.br\\\/es\\\/#website\",\"url\":\"https:\\\/\\\/fronteiralivre.com.br\\\/es\\\/\",\"name\":\"Fronteira Livre\",\"description\":\"De Foz do Igua\u00e7u para el mundo.\",\"potentialAction\":[{\"@type\":\"SearchAction\",\"target\":{\"@type\":\"EntryPoint\",\"urlTemplate\":\"https:\\\/\\\/fronteiralivre.com.br\\\/es\\\/?s={search_term_string}\"},\"query-input\":{\"@type\":\"PropertyValueSpecification\",\"valueRequired\":true,\"valueName\":\"search_term_string\"}}],\"inLanguage\":\"es-AR\"},{\"@type\":\"Person\",\"@id\":\"https:\\\/\\\/fronteiralivre.com.br\\\/es\\\/#\\\/schema\\\/person\\\/69b75b5696283ac4f954edef95e172d0\",\"name\":\"Amilton Farias\",\"image\":{\"@type\":\"ImageObject\",\"inLanguage\":\"es-AR\",\"@id\":\"https:\\\/\\\/secure.gravatar.com\\\/avatar\\\/9fe07c446bf96e74022abf469fb49b43748aab858e89a1702d8dced3b8e2dedf?s=96&d=mm&r=g\",\"url\":\"https:\\\/\\\/secure.gravatar.com\\\/avatar\\\/9fe07c446bf96e74022abf469fb49b43748aab858e89a1702d8dced3b8e2dedf?s=96&d=mm&r=g\",\"contentUrl\":\"https:\\\/\\\/secure.gravatar.com\\\/avatar\\\/9fe07c446bf96e74022abf469fb49b43748aab858e89a1702d8dced3b8e2dedf?s=96&d=mm&r=g\",\"caption\":\"Amilton Farias\"},\"description\":\"Amilton Farias es periodista, fundador y editor de Fronteira Livre. Con experiencia en distintos pa\u00edses de Am\u00e9rica Latina y una trayectoria vinculada al periodismo territorial, escribe sobre las fronteras, los territorios y los procesos pol\u00edticos, sociales y culturales que moldean la realidad de los pueblos latinoamericanos.\",\"sameAs\":[\"https:\\\/\\\/fronteiralivre.com.br\\\/es\\\/\"],\"url\":\"https:\\\/\\\/fronteiralivre.com.br\\\/es\\\/author\\\/amilton\\\/\"}]}<\/script>\n<!-- \/ Yoast SEO plugin. -->","yoast_head_json":{"title":"Muere Vasco Baigorri, periodista y activista en Misiones - Fronteira Livre","description":"Muri\u00f3 Vasco Baigorri, periodista y defensor de las comunidades guaran\u00edes en Misiones. Denunci\u00f3 desmontes ilegales y defendi\u00f3 la selva nativa.","robots":{"index":"index","follow":"follow","max-snippet":"max-snippet:-1","max-image-preview":"max-image-preview:large","max-video-preview":"max-video-preview:-1"},"canonical":"https:\/\/fronteiralivre.com.br\/es\/muere-vasco-baigorri-misiones\/","og_locale":"es_ES","og_type":"article","og_title":"Muere Vasco Baigorri, periodista y activista en Misiones - Fronteira Livre","og_description":"Muri\u00f3 Vasco Baigorri, periodista y defensor de las comunidades guaran\u00edes en Misiones. Denunci\u00f3 desmontes ilegales y defendi\u00f3 la selva nativa.","og_url":"https:\/\/fronteiralivre.com.br\/es\/muere-vasco-baigorri-misiones\/","og_site_name":"Fronteira Livre","article_published_time":"2026-09-03T01:36:30+00:00","og_image":[{"width":1140,"height":571,"url":"https:\/\/fronteiralivre.com.br\/es\/wp-content\/uploads\/2026\/09\/Vasco-Baigorri.webp","type":"image\/webp"}],"author":"Amilton Farias","twitter_card":"summary_large_image","twitter_misc":{"Escrito por":"Amilton Farias","Tiempo de lectura":"3 minutos"},"schema":{"@context":"https:\/\/schema.org","@graph":[{"@type":"Article","@id":"https:\/\/fronteiralivre.com.br\/es\/muere-vasco-baigorri-misiones\/#article","isPartOf":{"@id":"https:\/\/fronteiralivre.com.br\/es\/muere-vasco-baigorri-misiones\/"},"author":{"name":"Amilton Farias","@id":"https:\/\/fronteiralivre.com.br\/es\/#\/schema\/person\/69b75b5696283ac4f954edef95e172d0"},"headline":"Muere Vasco Baigorri, periodista y activista en Misiones","datePublished":"2026-09-03T01:36:30+00:00","mainEntityOfPage":{"@id":"https:\/\/fronteiralivre.com.br\/es\/muere-vasco-baigorri-misiones\/"},"wordCount":626,"commentCount":0,"image":{"@id":"https:\/\/fronteiralivre.com.br\/es\/muere-vasco-baigorri-misiones\/#primaryimage"},"thumbnailUrl":"https:\/\/fronteiralivre.com.br\/es\/wp-content\/uploads\/2026\/09\/Vasco-Baigorri.webp","keywords":["Arist\u00f3bulo del Valle","Cimi","Cu\u00f1a Pir\u00fa","Derechos Ind\u00edgenas","desmonte ilegal","Emipa","misiones","periodismo ambiental","Pueblo Mbya Guaran\u00ed","Vasco Baigorri"],"articleSection":["Triple Frontera"],"inLanguage":"es-AR","potentialAction":[{"@type":"CommentAction","name":"Comment","target":["https:\/\/fronteiralivre.com.br\/es\/muere-vasco-baigorri-misiones\/#respond"]}]},{"@type":"WebPage","@id":"https:\/\/fronteiralivre.com.br\/es\/muere-vasco-baigorri-misiones\/","url":"https:\/\/fronteiralivre.com.br\/es\/muere-vasco-baigorri-misiones\/","name":"Muere Vasco Baigorri, periodista y activista en Misiones - Fronteira Livre","isPartOf":{"@id":"https:\/\/fronteiralivre.com.br\/es\/#website"},"primaryImageOfPage":{"@id":"https:\/\/fronteiralivre.com.br\/es\/muere-vasco-baigorri-misiones\/#primaryimage"},"image":{"@id":"https:\/\/fronteiralivre.com.br\/es\/muere-vasco-baigorri-misiones\/#primaryimage"},"thumbnailUrl":"https:\/\/fronteiralivre.com.br\/es\/wp-content\/uploads\/2026\/09\/Vasco-Baigorri.webp","datePublished":"2026-09-03T01:36:30+00:00","author":{"@id":"https:\/\/fronteiralivre.com.br\/es\/#\/schema\/person\/69b75b5696283ac4f954edef95e172d0"},"description":"Muri\u00f3 Vasco Baigorri, periodista y defensor de las comunidades guaran\u00edes en Misiones. Denunci\u00f3 desmontes ilegales y defendi\u00f3 la selva nativa.","breadcrumb":{"@id":"https:\/\/fronteiralivre.com.br\/es\/muere-vasco-baigorri-misiones\/#breadcrumb"},"inLanguage":"es-AR","potentialAction":[{"@type":"ReadAction","target":["https:\/\/fronteiralivre.com.br\/es\/muere-vasco-baigorri-misiones\/"]}]},{"@type":"ImageObject","inLanguage":"es-AR","@id":"https:\/\/fronteiralivre.com.br\/es\/muere-vasco-baigorri-misiones\/#primaryimage","url":"https:\/\/fronteiralivre.com.br\/es\/wp-content\/uploads\/2026\/09\/Vasco-Baigorri.webp","contentUrl":"https:\/\/fronteiralivre.com.br\/es\/wp-content\/uploads\/2026\/09\/Vasco-Baigorri.webp","width":1140,"height":571,"caption":"Vasco Baigorri acompa\u00f1\u00f3 durante m\u00e1s de dos d\u00e9cadas la defensa de los territorios guaran\u00edes en Misiones. Foto: Difusi\u00f3n."},{"@type":"BreadcrumbList","@id":"https:\/\/fronteiralivre.com.br\/es\/muere-vasco-baigorri-misiones\/#breadcrumb","itemListElement":[{"@type":"ListItem","position":1,"name":"Home","item":"https:\/\/fronteiralivre.com.br\/es\/"},{"@type":"ListItem","position":2,"name":"Muere Vasco Baigorri, periodista y activista en Misiones"}]},{"@type":"WebSite","@id":"https:\/\/fronteiralivre.com.br\/es\/#website","url":"https:\/\/fronteiralivre.com.br\/es\/","name":"Fronteira Livre","description":"De Foz do Igua\u00e7u para el mundo.","potentialAction":[{"@type":"SearchAction","target":{"@type":"EntryPoint","urlTemplate":"https:\/\/fronteiralivre.com.br\/es\/?s={search_term_string}"},"query-input":{"@type":"PropertyValueSpecification","valueRequired":true,"valueName":"search_term_string"}}],"inLanguage":"es-AR"},{"@type":"Person","@id":"https:\/\/fronteiralivre.com.br\/es\/#\/schema\/person\/69b75b5696283ac4f954edef95e172d0","name":"Amilton Farias","image":{"@type":"ImageObject","inLanguage":"es-AR","@id":"https:\/\/secure.gravatar.com\/avatar\/9fe07c446bf96e74022abf469fb49b43748aab858e89a1702d8dced3b8e2dedf?s=96&d=mm&r=g","url":"https:\/\/secure.gravatar.com\/avatar\/9fe07c446bf96e74022abf469fb49b43748aab858e89a1702d8dced3b8e2dedf?s=96&d=mm&r=g","contentUrl":"https:\/\/secure.gravatar.com\/avatar\/9fe07c446bf96e74022abf469fb49b43748aab858e89a1702d8dced3b8e2dedf?s=96&d=mm&r=g","caption":"Amilton Farias"},"description":"Amilton Farias es periodista, fundador y editor de Fronteira Livre. Con experiencia en distintos pa\u00edses de Am\u00e9rica Latina y una trayectoria vinculada al periodismo territorial, escribe sobre las fronteras, los territorios y los procesos pol\u00edticos, sociales y culturales que moldean la realidad de los pueblos latinoamericanos.","sameAs":["https:\/\/fronteiralivre.com.br\/es\/"],"url":"https:\/\/fronteiralivre.com.br\/es\/author\/amilton\/"}]}},"_links":{"self":[{"href":"https:\/\/fronteiralivre.com.br\/es\/wp-json\/wp\/v2\/posts\/910","targetHints":{"allow":["GET"]}}],"collection":[{"href":"https:\/\/fronteiralivre.com.br\/es\/wp-json\/wp\/v2\/posts"}],"about":[{"href":"https:\/\/fronteiralivre.com.br\/es\/wp-json\/wp\/v2\/types\/post"}],"author":[{"embeddable":true,"href":"https:\/\/fronteiralivre.com.br\/es\/wp-json\/wp\/v2\/users\/2"}],"replies":[{"embeddable":true,"href":"https:\/\/fronteiralivre.com.br\/es\/wp-json\/wp\/v2\/comments?post=910"}],"version-history":[{"count":1,"href":"https:\/\/fronteiralivre.com.br\/es\/wp-json\/wp\/v2\/posts\/910\/revisions"}],"predecessor-version":[{"id":913,"href":"https:\/\/fronteiralivre.com.br\/es\/wp-json\/wp\/v2\/posts\/910\/revisions\/913"}],"wp:featuredmedia":[{"embeddable":true,"href":"https:\/\/fronteiralivre.com.br\/es\/wp-json\/wp\/v2\/media\/912"}],"wp:attachment":[{"href":"https:\/\/fronteiralivre.com.br\/es\/wp-json\/wp\/v2\/media?parent=910"}],"wp:term":[{"taxonomy":"category","embeddable":true,"href":"https:\/\/fronteiralivre.com.br\/es\/wp-json\/wp\/v2\/categories?post=910"},{"taxonomy":"post_tag","embeddable":true,"href":"https:\/\/fronteiralivre.com.br\/es\/wp-json\/wp\/v2\/tags?post=910"}],"curies":[{"name":"wp","href":"https:\/\/api.w.org\/{rel}","templated":true}]}}