{"id":899,"date":"2026-09-02T21:45:39","date_gmt":"2026-09-03T00:45:39","guid":{"rendered":"https:\/\/fronteiralivre.com.br\/es\/?p=899"},"modified":"2026-09-02T21:46:37","modified_gmt":"2026-09-03T00:46:37","slug":"gobierno-de-bolivia-interviene-ypfb-por-desabastecimiento","status":"publish","type":"post","link":"https:\/\/fronteiralivre.com.br\/es\/gobierno-de-bolivia-interviene-ypfb-por-desabastecimiento\/","title":{"rendered":"Gobierno de Bolivia interviene YPFB por desabastecimiento"},"content":{"rendered":"\n<p class=\"wp-block-paragraph\"><strong>La Paz, BOL<\/strong> &#8211; El Gobierno de Bolivia orden\u00f3 este mi\u00e9rcoles, 2 de septiembre de 2026, la intervenci\u00f3n de la empresa petrolera estatal YPFB, en medio de una crisis de abastecimiento de combustibles que afecta al pa\u00eds.<\/p>\n\n\n\n<p class=\"wp-block-paragraph\">La medida fue establecida mediante un decreto que dispone una intervenci\u00f3n\u00a0<\/p>\n\n\n\n<p class=\"wp-block-paragraph\"><em>&#8220;extraordinaria, transparente y temporal&#8221;, con el objetivo de\u00a0&#8220;proteger los intereses del Estado&#8221;\u00a0y recuperar la\u00a0&#8220;eficiencia de la gesti\u00f3n operativa y administrativa&#8221;\u00a0de la compa\u00f1\u00eda.<\/em><\/p>\n\n\n\n<p class=\"wp-block-paragraph\">La intervenci\u00f3n tendr\u00e1 un plazo de hasta 180 d\u00edas y no implica la supresi\u00f3n de YPFB. El abastecimiento de combustibles se ha convertido en uno de los principales desaf\u00edos de la gesti\u00f3n del presidente Rodrigo Paz, quien asumi\u00f3 el poder en noviembre de 2025 con la promesa de solucionar la escasez de carburantes.<\/p>\n\n\n\n<p class=\"wp-block-paragraph\">La decisi\u00f3n se produce despu\u00e9s de que el Gobierno duplicara la semana pasada el precio del di\u00e9sel, hasta alcanzar los 1,5 d\u00f3lares por litro. Seg\u00fan las autoridades, el incremento busca evitar que el combustible sea destinado al contrabando, se\u00f1alado como una de las causas del actual desabastecimiento.<\/p>\n\n\n\n<p class=\"wp-block-paragraph\">La medida provoc\u00f3 el rechazo de campesinos, que realizaron bloqueos de carreteras en los departamentos de Beni, en el norte del pa\u00eds, y Santa Cruz, en el este. Los bloqueos se producen mientras contin\u00faa vigente un estado de excepci\u00f3n utilizado por el Gobierno para contener las protestas contra la crisis econ\u00f3mica que paraliz\u00f3 Bolivia durante mayo y junio.<\/p>\n\n\n\n<h4 class=\"wp-block-heading\"><strong>Intervenci\u00f3n revisar\u00e1 la cadena de distribuci\u00f3n<\/strong><\/h4>\n\n\n\n<p class=\"wp-block-paragraph\">El decreto establece que la intervenci\u00f3n tambi\u00e9n tendr\u00e1 como finalidad\u00a0<\/p>\n\n\n\n<p class=\"wp-block-paragraph\"><em>&#8220;obtener informaci\u00f3n fidedigna y suficiente para elaborar un an\u00e1lisis de la cadena log\u00edstica de importaci\u00f3n y distribuci\u00f3n de carburantes, establecimiento de vol\u00famenes para las estaciones de servicio y otras modalidades de venta&#8221;.<\/em><\/p>\n\n\n\n<p class=\"wp-block-paragraph\">La comisi\u00f3n encargada de la intervenci\u00f3n estar\u00e1 integrada por los ministros de Econom\u00eda, Producci\u00f3n Sostenible, Hidrocarburos y Obras P\u00fablicas, adem\u00e1s del viceministro de Transparencia.<\/p>\n\n\n\n<p class=\"wp-block-paragraph\">Entre sus funciones estar\u00e1 recomendar la realizaci\u00f3n de auditor\u00edas sobre la empresa estatal.<\/p>\n\n\n\n<h4 class=\"wp-block-heading\"><strong>Eliminaci\u00f3n de subsidios no resolvi\u00f3 el desabastecimiento<\/strong><\/h4>\n\n\n\n<p class=\"wp-block-paragraph\">En diciembre, el Gobierno de Rodrigo Paz elimin\u00f3 los subsidios a los combustibles, una pol\u00edtica aplicada durante los gobiernos de Evo Morales, entre 2006 y 2019, y Luis Arce, entre 2020 y 2025.<\/p>\n\n\n\n<p class=\"wp-block-paragraph\">La eliminaci\u00f3n de los subsidios se produjo despu\u00e9s de un per\u00edodo marcado por el agotamiento de las reservas en divisas, situaci\u00f3n que tambi\u00e9n dificult\u00f3 la continuidad de las importaciones de los combustibles que anteriormente recib\u00edan subsidios. Sin embargo, la medida no logr\u00f3 resolver el problema del abastecimiento. Pese a que el Gobierno hab\u00eda anunciado que el fin de los subsidios permitir\u00eda terminar con las largas filas en las estaciones de servicio, los problemas de suministro continuaron.<\/p>\n\n\n\n<p class=\"wp-block-paragraph\">Durante la crisis, en algunos momentos los conductores tuvieron que permanecer durante horas en las filas e incluso dormir dentro de sus veh\u00edculos mientras esperaban para conseguir combustible.<\/p>\n","protected":false},"excerpt":{"rendered":"<p>La Paz, BOL &#8211; El Gobierno de Bolivia orden\u00f3 este mi\u00e9rcoles, 2 de septiembre de 2026, la intervenci\u00f3n de la empresa petrolera estatal YPFB, en medio de una crisis de abastecimiento de combustibles que afecta al pa\u00eds.<\/p>\n","protected":false},"author":7,"featured_media":900,"comment_status":"open","ping_status":"open","sticky":false,"template":"","format":"standard","meta":{"_sub_headline":"Medida tendr\u00e1 una duraci\u00f3n de hasta 180 d\u00edas y busca recuperar la eficiencia de la gesti\u00f3n operativa y administrativa de la empresa estatal, mientras persisten problemas de abastecimiento de gasolina y di\u00e9sel en el pa\u00eds","videourl":"","footnotes":""},"categories":[13],"tags":[2070,223,299,2068,2069],"class_list":["post-899","post","type-post","status-publish","format-standard","has-post-thumbnail","hentry","category-economia","tag-abastecimiento","tag-bolivia","tag-combustibles","tag-intervencion","tag-petrolera-ypfb"],"yoast_head":"<!-- This site is optimized with the Yoast SEO plugin v28.3 - https:\/\/yoast.com\/product\/yoast-seo-wordpress\/ -->\n<title>Gobierno de Bolivia interviene YPFB por desabastecimiento - Fronteira Livre<\/title>\n<meta name=\"description\" content=\"Bolivia interviene la petrolera estatal YPFB por hasta 180 d\u00edas ante la crisis de abastecimiento de combustibles y problemas en la importaci\u00f3n\" \/>\n<meta name=\"robots\" content=\"index, follow, max-snippet:-1, max-image-preview:large, max-video-preview:-1\" \/>\n<link rel=\"canonical\" href=\"https:\/\/fronteiralivre.com.br\/es\/gobierno-de-bolivia-interviene-ypfb-por-desabastecimiento\/\" \/>\n<meta property=\"og:locale\" content=\"es_ES\" \/>\n<meta property=\"og:type\" content=\"article\" \/>\n<meta property=\"og:title\" content=\"Gobierno de Bolivia interviene YPFB por desabastecimiento - Fronteira Livre\" \/>\n<meta property=\"og:description\" content=\"Bolivia interviene la petrolera estatal YPFB por hasta 180 d\u00edas ante la crisis de abastecimiento de combustibles y problemas en la importaci\u00f3n\" \/>\n<meta property=\"og:url\" content=\"https:\/\/fronteiralivre.com.br\/es\/gobierno-de-bolivia-interviene-ypfb-por-desabastecimiento\/\" \/>\n<meta property=\"og:site_name\" content=\"Fronteira Livre\" \/>\n<meta property=\"article:published_time\" content=\"2026-09-03T00:45:39+00:00\" \/>\n<meta property=\"article:modified_time\" content=\"2026-09-03T00:46:37+00:00\" \/>\n<meta property=\"og:image\" content=\"https:\/\/fronteiralivre.com.br\/es\/wp-content\/uploads\/2026\/09\/Untitled-design-16.webp\" \/>\n\t<meta property=\"og:image:width\" content=\"1140\" \/>\n\t<meta property=\"og:image:height\" content=\"570\" \/>\n\t<meta property=\"og:image:type\" content=\"image\/webp\" \/>\n<meta name=\"author\" content=\"Steve Rodr\u00edguez\" \/>\n<meta name=\"twitter:card\" content=\"summary_large_image\" \/>\n<meta name=\"twitter:label1\" content=\"Escrito por\" \/>\n\t<meta name=\"twitter:data1\" content=\"Steve Rodr\u00edguez\" \/>\n\t<meta name=\"twitter:label2\" content=\"Tiempo de lectura\" \/>\n\t<meta name=\"twitter:data2\" content=\"3 minutos\" \/>\n<script type=\"application\/ld+json\" class=\"yoast-schema-graph\">{\"@context\":\"https:\\\/\\\/schema.org\",\"@graph\":[{\"@type\":\"Article\",\"@id\":\"https:\\\/\\\/fronteiralivre.com.br\\\/es\\\/gobierno-de-bolivia-interviene-ypfb-por-desabastecimiento\\\/#article\",\"isPartOf\":{\"@id\":\"https:\\\/\\\/fronteiralivre.com.br\\\/es\\\/gobierno-de-bolivia-interviene-ypfb-por-desabastecimiento\\\/\"},\"author\":{\"name\":\"Steve Rodr\u00edguez\",\"@id\":\"https:\\\/\\\/fronteiralivre.com.br\\\/es\\\/#\\\/schema\\\/person\\\/3c3ddfa3b04a2720a84b3f9bdf3dbd6b\"},\"headline\":\"Gobierno de Bolivia interviene YPFB por desabastecimiento\",\"datePublished\":\"2026-09-03T00:45:39+00:00\",\"dateModified\":\"2026-09-03T00:46:37+00:00\",\"mainEntityOfPage\":{\"@id\":\"https:\\\/\\\/fronteiralivre.com.br\\\/es\\\/gobierno-de-bolivia-interviene-ypfb-por-desabastecimiento\\\/\"},\"wordCount\":509,\"commentCount\":0,\"image\":{\"@id\":\"https:\\\/\\\/fronteiralivre.com.br\\\/es\\\/gobierno-de-bolivia-interviene-ypfb-por-desabastecimiento\\\/#primaryimage\"},\"thumbnailUrl\":\"https:\\\/\\\/fronteiralivre.com.br\\\/es\\\/wp-content\\\/uploads\\\/2026\\\/09\\\/Untitled-design-16.webp\",\"keywords\":[\"abastecimiento\",\"bolivia\",\"combustibles\",\"intervenci\u00f3n\",\"petrolera YPFB\"],\"articleSection\":[\"Econom\u00eda\"],\"inLanguage\":\"es-AR\",\"potentialAction\":[{\"@type\":\"CommentAction\",\"name\":\"Comment\",\"target\":[\"https:\\\/\\\/fronteiralivre.com.br\\\/es\\\/gobierno-de-bolivia-interviene-ypfb-por-desabastecimiento\\\/#respond\"]}]},{\"@type\":\"WebPage\",\"@id\":\"https:\\\/\\\/fronteiralivre.com.br\\\/es\\\/gobierno-de-bolivia-interviene-ypfb-por-desabastecimiento\\\/\",\"url\":\"https:\\\/\\\/fronteiralivre.com.br\\\/es\\\/gobierno-de-bolivia-interviene-ypfb-por-desabastecimiento\\\/\",\"name\":\"Gobierno de Bolivia interviene YPFB por desabastecimiento - Fronteira Livre\",\"isPartOf\":{\"@id\":\"https:\\\/\\\/fronteiralivre.com.br\\\/es\\\/#website\"},\"primaryImageOfPage\":{\"@id\":\"https:\\\/\\\/fronteiralivre.com.br\\\/es\\\/gobierno-de-bolivia-interviene-ypfb-por-desabastecimiento\\\/#primaryimage\"},\"image\":{\"@id\":\"https:\\\/\\\/fronteiralivre.com.br\\\/es\\\/gobierno-de-bolivia-interviene-ypfb-por-desabastecimiento\\\/#primaryimage\"},\"thumbnailUrl\":\"https:\\\/\\\/fronteiralivre.com.br\\\/es\\\/wp-content\\\/uploads\\\/2026\\\/09\\\/Untitled-design-16.webp\",\"datePublished\":\"2026-09-03T00:45:39+00:00\",\"dateModified\":\"2026-09-03T00:46:37+00:00\",\"author\":{\"@id\":\"https:\\\/\\\/fronteiralivre.com.br\\\/es\\\/#\\\/schema\\\/person\\\/3c3ddfa3b04a2720a84b3f9bdf3dbd6b\"},\"description\":\"Bolivia interviene la petrolera estatal YPFB por hasta 180 d\u00edas ante la crisis de abastecimiento de combustibles y problemas en la importaci\u00f3n\",\"breadcrumb\":{\"@id\":\"https:\\\/\\\/fronteiralivre.com.br\\\/es\\\/gobierno-de-bolivia-interviene-ypfb-por-desabastecimiento\\\/#breadcrumb\"},\"inLanguage\":\"es-AR\",\"potentialAction\":[{\"@type\":\"ReadAction\",\"target\":[\"https:\\\/\\\/fronteiralivre.com.br\\\/es\\\/gobierno-de-bolivia-interviene-ypfb-por-desabastecimiento\\\/\"]}]},{\"@type\":\"ImageObject\",\"inLanguage\":\"es-AR\",\"@id\":\"https:\\\/\\\/fronteiralivre.com.br\\\/es\\\/gobierno-de-bolivia-interviene-ypfb-por-desabastecimiento\\\/#primaryimage\",\"url\":\"https:\\\/\\\/fronteiralivre.com.br\\\/es\\\/wp-content\\\/uploads\\\/2026\\\/09\\\/Untitled-design-16.webp\",\"contentUrl\":\"https:\\\/\\\/fronteiralivre.com.br\\\/es\\\/wp-content\\\/uploads\\\/2026\\\/09\\\/Untitled-design-16.webp\",\"width\":1140,\"height\":570,\"caption\":\"La crisis de combustibles en Bolivia aumenta la presi\u00f3n sobre la econom\u00eda nacional, con efectos sobre el transporte, los costos de producci\u00f3n, el comercio y el abastecimiento interno Foto: Javier Mamani\\\/AFP\\\/Getty Images.\"},{\"@type\":\"BreadcrumbList\",\"@id\":\"https:\\\/\\\/fronteiralivre.com.br\\\/es\\\/gobierno-de-bolivia-interviene-ypfb-por-desabastecimiento\\\/#breadcrumb\",\"itemListElement\":[{\"@type\":\"ListItem\",\"position\":1,\"name\":\"Home\",\"item\":\"https:\\\/\\\/fronteiralivre.com.br\\\/es\\\/\"},{\"@type\":\"ListItem\",\"position\":2,\"name\":\"Gobierno de Bolivia interviene YPFB por desabastecimiento\"}]},{\"@type\":\"WebSite\",\"@id\":\"https:\\\/\\\/fronteiralivre.com.br\\\/es\\\/#website\",\"url\":\"https:\\\/\\\/fronteiralivre.com.br\\\/es\\\/\",\"name\":\"Fronteira Livre\",\"description\":\"De Foz do Igua\u00e7u para el mundo.\",\"potentialAction\":[{\"@type\":\"SearchAction\",\"target\":{\"@type\":\"EntryPoint\",\"urlTemplate\":\"https:\\\/\\\/fronteiralivre.com.br\\\/es\\\/?s={search_term_string}\"},\"query-input\":{\"@type\":\"PropertyValueSpecification\",\"valueRequired\":true,\"valueName\":\"search_term_string\"}}],\"inLanguage\":\"es-AR\"},{\"@type\":\"Person\",\"@id\":\"https:\\\/\\\/fronteiralivre.com.br\\\/es\\\/#\\\/schema\\\/person\\\/3c3ddfa3b04a2720a84b3f9bdf3dbd6b\",\"name\":\"Steve Rodr\u00edguez\",\"image\":{\"@type\":\"ImageObject\",\"inLanguage\":\"es-AR\",\"@id\":\"https:\\\/\\\/secure.gravatar.com\\\/avatar\\\/fc4acaf4a72962ec0c75e1dba58041dba48457881f6bce3b14ad81e35610c6f3?s=96&d=mm&r=g\",\"url\":\"https:\\\/\\\/secure.gravatar.com\\\/avatar\\\/fc4acaf4a72962ec0c75e1dba58041dba48457881f6bce3b14ad81e35610c6f3?s=96&d=mm&r=g\",\"contentUrl\":\"https:\\\/\\\/secure.gravatar.com\\\/avatar\\\/fc4acaf4a72962ec0c75e1dba58041dba48457881f6bce3b14ad81e35610c6f3?s=96&d=mm&r=g\",\"caption\":\"Steve Rodr\u00edguez\"},\"description\":\"Steve Rodr\u00edguez es reportero de Fronteira Livre, investigador y doctorando en la Universidad Federal de Integraci\u00f3n Latinoamericana (UNILA). Posee una formaci\u00f3n interdisciplinaria en narrativa audiovisual, estudios culturales latinoamericanos y pr\u00e1cticas pedag\u00f3gicas anticoloniales. Su trayectoria articula la creaci\u00f3n art\u00edstica en \u00e1mbitos como el teatro, el cine y la cultura visual con la reflexi\u00f3n cr\u00edtica y la investigaci\u00f3n acad\u00e9mica, desde una perspectiva inspirada en los estudios visuales desarrollados por Nicholas Mirzoeff.\",\"url\":\"https:\\\/\\\/fronteiralivre.com.br\\\/es\\\/author\\\/steverodrigues\\\/\"}]}<\/script>\n<!-- \/ Yoast SEO plugin. -->","yoast_head_json":{"title":"Gobierno de Bolivia interviene YPFB por desabastecimiento - Fronteira Livre","description":"Bolivia interviene la petrolera estatal YPFB por hasta 180 d\u00edas ante la crisis de abastecimiento de combustibles y problemas en la importaci\u00f3n","robots":{"index":"index","follow":"follow","max-snippet":"max-snippet:-1","max-image-preview":"max-image-preview:large","max-video-preview":"max-video-preview:-1"},"canonical":"https:\/\/fronteiralivre.com.br\/es\/gobierno-de-bolivia-interviene-ypfb-por-desabastecimiento\/","og_locale":"es_ES","og_type":"article","og_title":"Gobierno de Bolivia interviene YPFB por desabastecimiento - Fronteira Livre","og_description":"Bolivia interviene la petrolera estatal YPFB por hasta 180 d\u00edas ante la crisis de abastecimiento de combustibles y problemas en la importaci\u00f3n","og_url":"https:\/\/fronteiralivre.com.br\/es\/gobierno-de-bolivia-interviene-ypfb-por-desabastecimiento\/","og_site_name":"Fronteira Livre","article_published_time":"2026-09-03T00:45:39+00:00","article_modified_time":"2026-09-03T00:46:37+00:00","og_image":[{"width":1140,"height":570,"url":"https:\/\/fronteiralivre.com.br\/es\/wp-content\/uploads\/2026\/09\/Untitled-design-16.webp","type":"image\/webp"}],"author":"Steve Rodr\u00edguez","twitter_card":"summary_large_image","twitter_misc":{"Escrito por":"Steve Rodr\u00edguez","Tiempo de lectura":"3 minutos"},"schema":{"@context":"https:\/\/schema.org","@graph":[{"@type":"Article","@id":"https:\/\/fronteiralivre.com.br\/es\/gobierno-de-bolivia-interviene-ypfb-por-desabastecimiento\/#article","isPartOf":{"@id":"https:\/\/fronteiralivre.com.br\/es\/gobierno-de-bolivia-interviene-ypfb-por-desabastecimiento\/"},"author":{"name":"Steve Rodr\u00edguez","@id":"https:\/\/fronteiralivre.com.br\/es\/#\/schema\/person\/3c3ddfa3b04a2720a84b3f9bdf3dbd6b"},"headline":"Gobierno de Bolivia interviene YPFB por desabastecimiento","datePublished":"2026-09-03T00:45:39+00:00","dateModified":"2026-09-03T00:46:37+00:00","mainEntityOfPage":{"@id":"https:\/\/fronteiralivre.com.br\/es\/gobierno-de-bolivia-interviene-ypfb-por-desabastecimiento\/"},"wordCount":509,"commentCount":0,"image":{"@id":"https:\/\/fronteiralivre.com.br\/es\/gobierno-de-bolivia-interviene-ypfb-por-desabastecimiento\/#primaryimage"},"thumbnailUrl":"https:\/\/fronteiralivre.com.br\/es\/wp-content\/uploads\/2026\/09\/Untitled-design-16.webp","keywords":["abastecimiento","bolivia","combustibles","intervenci\u00f3n","petrolera YPFB"],"articleSection":["Econom\u00eda"],"inLanguage":"es-AR","potentialAction":[{"@type":"CommentAction","name":"Comment","target":["https:\/\/fronteiralivre.com.br\/es\/gobierno-de-bolivia-interviene-ypfb-por-desabastecimiento\/#respond"]}]},{"@type":"WebPage","@id":"https:\/\/fronteiralivre.com.br\/es\/gobierno-de-bolivia-interviene-ypfb-por-desabastecimiento\/","url":"https:\/\/fronteiralivre.com.br\/es\/gobierno-de-bolivia-interviene-ypfb-por-desabastecimiento\/","name":"Gobierno de Bolivia interviene YPFB por desabastecimiento - Fronteira Livre","isPartOf":{"@id":"https:\/\/fronteiralivre.com.br\/es\/#website"},"primaryImageOfPage":{"@id":"https:\/\/fronteiralivre.com.br\/es\/gobierno-de-bolivia-interviene-ypfb-por-desabastecimiento\/#primaryimage"},"image":{"@id":"https:\/\/fronteiralivre.com.br\/es\/gobierno-de-bolivia-interviene-ypfb-por-desabastecimiento\/#primaryimage"},"thumbnailUrl":"https:\/\/fronteiralivre.com.br\/es\/wp-content\/uploads\/2026\/09\/Untitled-design-16.webp","datePublished":"2026-09-03T00:45:39+00:00","dateModified":"2026-09-03T00:46:37+00:00","author":{"@id":"https:\/\/fronteiralivre.com.br\/es\/#\/schema\/person\/3c3ddfa3b04a2720a84b3f9bdf3dbd6b"},"description":"Bolivia interviene la petrolera estatal YPFB por hasta 180 d\u00edas ante la crisis de abastecimiento de combustibles y problemas en la importaci\u00f3n","breadcrumb":{"@id":"https:\/\/fronteiralivre.com.br\/es\/gobierno-de-bolivia-interviene-ypfb-por-desabastecimiento\/#breadcrumb"},"inLanguage":"es-AR","potentialAction":[{"@type":"ReadAction","target":["https:\/\/fronteiralivre.com.br\/es\/gobierno-de-bolivia-interviene-ypfb-por-desabastecimiento\/"]}]},{"@type":"ImageObject","inLanguage":"es-AR","@id":"https:\/\/fronteiralivre.com.br\/es\/gobierno-de-bolivia-interviene-ypfb-por-desabastecimiento\/#primaryimage","url":"https:\/\/fronteiralivre.com.br\/es\/wp-content\/uploads\/2026\/09\/Untitled-design-16.webp","contentUrl":"https:\/\/fronteiralivre.com.br\/es\/wp-content\/uploads\/2026\/09\/Untitled-design-16.webp","width":1140,"height":570,"caption":"La crisis de combustibles en Bolivia aumenta la presi\u00f3n sobre la econom\u00eda nacional, con efectos sobre el transporte, los costos de producci\u00f3n, el comercio y el abastecimiento interno Foto: Javier Mamani\/AFP\/Getty Images."},{"@type":"BreadcrumbList","@id":"https:\/\/fronteiralivre.com.br\/es\/gobierno-de-bolivia-interviene-ypfb-por-desabastecimiento\/#breadcrumb","itemListElement":[{"@type":"ListItem","position":1,"name":"Home","item":"https:\/\/fronteiralivre.com.br\/es\/"},{"@type":"ListItem","position":2,"name":"Gobierno de Bolivia interviene YPFB por desabastecimiento"}]},{"@type":"WebSite","@id":"https:\/\/fronteiralivre.com.br\/es\/#website","url":"https:\/\/fronteiralivre.com.br\/es\/","name":"Fronteira Livre","description":"De Foz do Igua\u00e7u para el mundo.","potentialAction":[{"@type":"SearchAction","target":{"@type":"EntryPoint","urlTemplate":"https:\/\/fronteiralivre.com.br\/es\/?s={search_term_string}"},"query-input":{"@type":"PropertyValueSpecification","valueRequired":true,"valueName":"search_term_string"}}],"inLanguage":"es-AR"},{"@type":"Person","@id":"https:\/\/fronteiralivre.com.br\/es\/#\/schema\/person\/3c3ddfa3b04a2720a84b3f9bdf3dbd6b","name":"Steve Rodr\u00edguez","image":{"@type":"ImageObject","inLanguage":"es-AR","@id":"https:\/\/secure.gravatar.com\/avatar\/fc4acaf4a72962ec0c75e1dba58041dba48457881f6bce3b14ad81e35610c6f3?s=96&d=mm&r=g","url":"https:\/\/secure.gravatar.com\/avatar\/fc4acaf4a72962ec0c75e1dba58041dba48457881f6bce3b14ad81e35610c6f3?s=96&d=mm&r=g","contentUrl":"https:\/\/secure.gravatar.com\/avatar\/fc4acaf4a72962ec0c75e1dba58041dba48457881f6bce3b14ad81e35610c6f3?s=96&d=mm&r=g","caption":"Steve Rodr\u00edguez"},"description":"Steve Rodr\u00edguez es reportero de Fronteira Livre, investigador y doctorando en la Universidad Federal de Integraci\u00f3n Latinoamericana (UNILA). Posee una formaci\u00f3n interdisciplinaria en narrativa audiovisual, estudios culturales latinoamericanos y pr\u00e1cticas pedag\u00f3gicas anticoloniales. Su trayectoria articula la creaci\u00f3n art\u00edstica en \u00e1mbitos como el teatro, el cine y la cultura visual con la reflexi\u00f3n cr\u00edtica y la investigaci\u00f3n acad\u00e9mica, desde una perspectiva inspirada en los estudios visuales desarrollados por Nicholas Mirzoeff.","url":"https:\/\/fronteiralivre.com.br\/es\/author\/steverodrigues\/"}]}},"_links":{"self":[{"href":"https:\/\/fronteiralivre.com.br\/es\/wp-json\/wp\/v2\/posts\/899","targetHints":{"allow":["GET"]}}],"collection":[{"href":"https:\/\/fronteiralivre.com.br\/es\/wp-json\/wp\/v2\/posts"}],"about":[{"href":"https:\/\/fronteiralivre.com.br\/es\/wp-json\/wp\/v2\/types\/post"}],"author":[{"embeddable":true,"href":"https:\/\/fronteiralivre.com.br\/es\/wp-json\/wp\/v2\/users\/7"}],"replies":[{"embeddable":true,"href":"https:\/\/fronteiralivre.com.br\/es\/wp-json\/wp\/v2\/comments?post=899"}],"version-history":[{"count":1,"href":"https:\/\/fronteiralivre.com.br\/es\/wp-json\/wp\/v2\/posts\/899\/revisions"}],"predecessor-version":[{"id":901,"href":"https:\/\/fronteiralivre.com.br\/es\/wp-json\/wp\/v2\/posts\/899\/revisions\/901"}],"wp:featuredmedia":[{"embeddable":true,"href":"https:\/\/fronteiralivre.com.br\/es\/wp-json\/wp\/v2\/media\/900"}],"wp:attachment":[{"href":"https:\/\/fronteiralivre.com.br\/es\/wp-json\/wp\/v2\/media?parent=899"}],"wp:term":[{"taxonomy":"category","embeddable":true,"href":"https:\/\/fronteiralivre.com.br\/es\/wp-json\/wp\/v2\/categories?post=899"},{"taxonomy":"post_tag","embeddable":true,"href":"https:\/\/fronteiralivre.com.br\/es\/wp-json\/wp\/v2\/tags?post=899"}],"curies":[{"name":"wp","href":"https:\/\/api.w.org\/{rel}","templated":true}]}}