{"id":889,"date":"2026-09-01T21:18:17","date_gmt":"2026-09-02T00:18:17","guid":{"rendered":"https:\/\/fronteiralivre.com.br\/es\/?p=889"},"modified":"2026-09-01T21:18:18","modified_gmt":"2026-09-02T00:18:18","slug":"fardo-guype-llega-al-alto-parana-con-dos-funciones","status":"publish","type":"post","link":"https:\/\/fronteiralivre.com.br\/es\/fardo-guype-llega-al-alto-parana-con-dos-funciones\/","title":{"rendered":"Fardo Guype llega al Alto Paran\u00e1 con dos funciones"},"content":{"rendered":"\n<p class=\"wp-block-paragraph\"><strong>Ciudad del Este, Alto Paran\u00e1 \u2013<\/strong> La obra teatral <em>Fardo Guype<\/em> llega a Ciudad del Este para exponer la violencia y el r\u00e9gimen de semiesclavitud que padecieron los mens\u00fa, los peones de los yerbales que sostuvieron la econom\u00eda paraguaya a inicios del siglo XX. El t\u00edtulo de la pieza proviene del guaran\u00ed y remite a la carga f\u00edsica y simb\u00f3lica que soportaban estos trabajadores: &#8220;Bajo el fardo&#8221;. El montaje sube a escena a partir de los escritos del periodista, pensador y cronista anarquista espa\u00f1ol Rafael Barrett (1876\u20131910), quien adopt\u00f3 a Paraguay como territorio de lucha y denunci\u00f3 en carne viva el trabajo forzado en las selvas del interior del pa\u00eds.<\/p>\n\n\n\n<p class=\"wp-block-paragraph\">En aquella \u00e9poca, la legislaci\u00f3n paraguaya clasificaba la cosecha de la yerba mate bajo el r\u00e9gimen de explotaci\u00f3n minera. De esa categor\u00eda legal deriv\u00f3 el apelativo de &#8220;mineros&#8221; para los hachadores y estibadores, quienes en la pr\u00e1ctica viv\u00edan sometidos a un cautiverio por deudas fraudulentas acumuladas en los almacenes de las compa\u00f1\u00edas yerbateras, expuestos a castigos corporales sistem\u00e1ticos y al aislamiento geogr\u00e1fico en los montes. Barrett plasm\u00f3 esta maquinaria represiva en las p\u00e1ginas de <em>El dolor paraguayo<\/em>, un testimonio que sacudi\u00f3 las letras del continente y marc\u00f3 la obra de escritores fundamentales como Augusto Roa Bastos, quien defini\u00f3 al autor hispano como la pluma que supo desentra\u00f1ar &#8220;la realidad que delira&#8221; en la historia nacional.<\/p>\n\n\n\n<p class=\"wp-block-paragraph\">La dramaturgia retrata esa cotidianidad mediante el encuentro de tres peones en un mismo campamento yerbatero: un veterano sobreviviente de los combates de la Guerra de la Triple Alianza, un m\u00fasico popular con sensibilidad l\u00edrica y un joven rebelde que busca refugio tras el fracaso de una sublevaci\u00f3n armada. Entre las jornadas extenuantes, los cantos colectivos y las memorias del encierro, el tr\u00edo reconstruye las fracturas pol\u00edticas y las heridas abiertas de la sociedad paraguaya de posguerra.<\/p>\n\n\n\n<p class=\"wp-block-paragraph\">La puesta cuenta con la direcci\u00f3n de Nelson Viveros y las actuaciones de Carlos D\u00edaz, Hern\u00e1n Melgarejo y Dante Zorrilla. Tras su estreno en Asunci\u00f3n en 2023, la producci\u00f3n cumpli\u00f3 una nueva temporada en 2025 y recorri\u00f3 salas emblem\u00e1ticas como el Auditorio del Sitio de Memoria y Centro Cultural 1A Ycu\u00e1 Bola\u00f1os. Esta gira por la frontera cuenta con el respaldo de los Fondos de Cultura 2026 de la Secretar\u00eda Nacional de Cultura y la articulaci\u00f3n en territorio del Elenco Teatral Lampium.<\/p>\n\n\n\n<p class=\"wp-block-paragraph\">Las presentaciones en Alto Paran\u00e1 se dividen en dos citas: el jueves 17 de septiembre a las 19:00 en el Auditorio del Rectorado de la Universidad Nacional del Este (UNE), con entrada libre para estudiantes, y una funci\u00f3n abierta el s\u00e1bado 19 de septiembre a las 20:00 en el Auditorio del Colegio Sembrador.<\/p>\n","protected":false},"excerpt":{"rendered":"<p>Ciudad del Este, Alto Paran\u00e1 \u2013 La obra teatral Fardo Guype llega a Ciudad del Este para exponer la violencia y el r\u00e9gimen de semiesclavitud que padecieron los mens\u00fa, los peones de los yerbales que sostuvieron la econom\u00eda paraguaya a inicios del siglo XX. El t\u00edtulo de la pieza proviene del guaran\u00ed y remite a la carga f\u00edsica y simb\u00f3lica que soportaban estos trabajadores: &#8220;Bajo el fardo&#8221;. El montaje sube a escena a partir de los escritos del periodista, pensador y cronista anarquista espa\u00f1ol Rafael Barrett (1876\u20131910), quien adopt\u00f3 a Paraguay como territorio de lucha y denunci\u00f3 en carne viva el trabajo forzado en las selvas del interior del pa\u00eds.<\/p>\n","protected":false},"author":2,"featured_media":891,"comment_status":"open","ping_status":"open","sticky":false,"template":"","format":"standard","meta":{"_sub_headline":"La obra teatral recrea el cautiverio de los yerbales paraguayos inspirada en los textos hist\u00f3ricos del anarquista Rafael Barrett","videourl":"","footnotes":""},"categories":[28],"tags":[124,54,2066,2062,1560,2065,2064,2067,2063],"class_list":["post-889","post","type-post","status-publish","format-standard","has-post-thumbnail","hentry","category-movida-latam","tag-alto-parana","tag-ciudad-del-este","tag-elenco-teatral-lampium","tag-fardo-guype","tag-memoria-obrera","tag-mensu","tag-rafael-barrett","tag-secretaria-nacional-de-cultura","tag-teatro-paraguayo"],"yoast_head":"<!-- This site is optimized with the Yoast SEO plugin v28.3 - https:\/\/yoast.com\/product\/yoast-seo-wordpress\/ -->\n<title>Fardo Guype llega al Alto Paran\u00e1 con dos funciones - Fronteira Livre<\/title>\n<meta name=\"description\" content=\"La obra teatral Fardo Guype sube a escena en Ciudad del Este para narrar la explotaci\u00f3n de los mens\u00fa documentada por el autor Rafael Barrett.\" \/>\n<meta name=\"robots\" content=\"index, follow, max-snippet:-1, max-image-preview:large, max-video-preview:-1\" \/>\n<link rel=\"canonical\" href=\"https:\/\/fronteiralivre.com.br\/es\/fardo-guype-llega-al-alto-parana-con-dos-funciones\/\" \/>\n<meta property=\"og:locale\" content=\"es_ES\" \/>\n<meta property=\"og:type\" content=\"article\" \/>\n<meta property=\"og:title\" content=\"Fardo Guype llega al Alto Paran\u00e1 con dos funciones - Fronteira Livre\" \/>\n<meta property=\"og:description\" content=\"La obra teatral Fardo Guype sube a escena en Ciudad del Este para narrar la explotaci\u00f3n de los mens\u00fa documentada por el autor Rafael Barrett.\" \/>\n<meta property=\"og:url\" content=\"https:\/\/fronteiralivre.com.br\/es\/fardo-guype-llega-al-alto-parana-con-dos-funciones\/\" \/>\n<meta property=\"og:site_name\" content=\"Fronteira Livre\" \/>\n<meta property=\"article:published_time\" content=\"2026-09-02T00:18:17+00:00\" \/>\n<meta property=\"article:modified_time\" content=\"2026-09-02T00:18:18+00:00\" \/>\n<meta property=\"og:image\" content=\"https:\/\/fronteiralivre.com.br\/es\/wp-content\/uploads\/2026\/09\/Peca-Teatral-Fardo-Guype.webp\" \/>\n\t<meta property=\"og:image:width\" content=\"1140\" \/>\n\t<meta property=\"og:image:height\" content=\"569\" \/>\n\t<meta property=\"og:image:type\" content=\"image\/webp\" \/>\n<meta name=\"author\" content=\"Amilton Farias\" \/>\n<meta name=\"twitter:card\" content=\"summary_large_image\" \/>\n<meta name=\"twitter:label1\" content=\"Escrito por\" \/>\n\t<meta name=\"twitter:data1\" content=\"Amilton Farias\" \/>\n\t<meta name=\"twitter:label2\" content=\"Tiempo de lectura\" \/>\n\t<meta name=\"twitter:data2\" content=\"3 minutos\" \/>\n<script type=\"application\/ld+json\" class=\"yoast-schema-graph\">{\"@context\":\"https:\\\/\\\/schema.org\",\"@graph\":[{\"@type\":\"Article\",\"@id\":\"https:\\\/\\\/fronteiralivre.com.br\\\/es\\\/fardo-guype-llega-al-alto-parana-con-dos-funciones\\\/#article\",\"isPartOf\":{\"@id\":\"https:\\\/\\\/fronteiralivre.com.br\\\/es\\\/fardo-guype-llega-al-alto-parana-con-dos-funciones\\\/\"},\"author\":{\"name\":\"Amilton Farias\",\"@id\":\"https:\\\/\\\/fronteiralivre.com.br\\\/es\\\/#\\\/schema\\\/person\\\/69b75b5696283ac4f954edef95e172d0\"},\"headline\":\"Fardo Guype llega al Alto Paran\u00e1 con dos funciones\",\"datePublished\":\"2026-09-02T00:18:17+00:00\",\"dateModified\":\"2026-09-02T00:18:18+00:00\",\"mainEntityOfPage\":{\"@id\":\"https:\\\/\\\/fronteiralivre.com.br\\\/es\\\/fardo-guype-llega-al-alto-parana-con-dos-funciones\\\/\"},\"wordCount\":471,\"commentCount\":0,\"image\":{\"@id\":\"https:\\\/\\\/fronteiralivre.com.br\\\/es\\\/fardo-guype-llega-al-alto-parana-con-dos-funciones\\\/#primaryimage\"},\"thumbnailUrl\":\"https:\\\/\\\/fronteiralivre.com.br\\\/es\\\/wp-content\\\/uploads\\\/2026\\\/09\\\/Peca-Teatral-Fardo-Guype.webp\",\"keywords\":[\"Alto Paran\u00e1\",\"Ciudad del Este\",\"Elenco Teatral Lampium\",\"Fardo Guype\",\"memoria obrera\",\"Mens\u00fa\",\"Rafael Barrett\",\"Secretar\u00eda Nacional de Cultura\",\"Teatro paraguayo\"],\"articleSection\":[\"Movida Latam\"],\"inLanguage\":\"es-AR\",\"potentialAction\":[{\"@type\":\"CommentAction\",\"name\":\"Comment\",\"target\":[\"https:\\\/\\\/fronteiralivre.com.br\\\/es\\\/fardo-guype-llega-al-alto-parana-con-dos-funciones\\\/#respond\"]}]},{\"@type\":\"WebPage\",\"@id\":\"https:\\\/\\\/fronteiralivre.com.br\\\/es\\\/fardo-guype-llega-al-alto-parana-con-dos-funciones\\\/\",\"url\":\"https:\\\/\\\/fronteiralivre.com.br\\\/es\\\/fardo-guype-llega-al-alto-parana-con-dos-funciones\\\/\",\"name\":\"Fardo Guype llega al Alto Paran\u00e1 con dos funciones - Fronteira Livre\",\"isPartOf\":{\"@id\":\"https:\\\/\\\/fronteiralivre.com.br\\\/es\\\/#website\"},\"primaryImageOfPage\":{\"@id\":\"https:\\\/\\\/fronteiralivre.com.br\\\/es\\\/fardo-guype-llega-al-alto-parana-con-dos-funciones\\\/#primaryimage\"},\"image\":{\"@id\":\"https:\\\/\\\/fronteiralivre.com.br\\\/es\\\/fardo-guype-llega-al-alto-parana-con-dos-funciones\\\/#primaryimage\"},\"thumbnailUrl\":\"https:\\\/\\\/fronteiralivre.com.br\\\/es\\\/wp-content\\\/uploads\\\/2026\\\/09\\\/Peca-Teatral-Fardo-Guype.webp\",\"datePublished\":\"2026-09-02T00:18:17+00:00\",\"dateModified\":\"2026-09-02T00:18:18+00:00\",\"author\":{\"@id\":\"https:\\\/\\\/fronteiralivre.com.br\\\/es\\\/#\\\/schema\\\/person\\\/69b75b5696283ac4f954edef95e172d0\"},\"description\":\"La obra teatral Fardo Guype sube a escena en Ciudad del Este para narrar la explotaci\u00f3n de los mens\u00fa documentada por el autor Rafael Barrett.\",\"breadcrumb\":{\"@id\":\"https:\\\/\\\/fronteiralivre.com.br\\\/es\\\/fardo-guype-llega-al-alto-parana-con-dos-funciones\\\/#breadcrumb\"},\"inLanguage\":\"es-AR\",\"potentialAction\":[{\"@type\":\"ReadAction\",\"target\":[\"https:\\\/\\\/fronteiralivre.com.br\\\/es\\\/fardo-guype-llega-al-alto-parana-con-dos-funciones\\\/\"]}]},{\"@type\":\"ImageObject\",\"inLanguage\":\"es-AR\",\"@id\":\"https:\\\/\\\/fronteiralivre.com.br\\\/es\\\/fardo-guype-llega-al-alto-parana-con-dos-funciones\\\/#primaryimage\",\"url\":\"https:\\\/\\\/fronteiralivre.com.br\\\/es\\\/wp-content\\\/uploads\\\/2026\\\/09\\\/Peca-Teatral-Fardo-Guype.webp\",\"contentUrl\":\"https:\\\/\\\/fronteiralivre.com.br\\\/es\\\/wp-content\\\/uploads\\\/2026\\\/09\\\/Peca-Teatral-Fardo-Guype.webp\",\"width\":1140,\"height\":569,\"caption\":\"La obra traslada al escenario las denuncias del libro El dolor paraguayo de Rafael Barrett.\"},{\"@type\":\"BreadcrumbList\",\"@id\":\"https:\\\/\\\/fronteiralivre.com.br\\\/es\\\/fardo-guype-llega-al-alto-parana-con-dos-funciones\\\/#breadcrumb\",\"itemListElement\":[{\"@type\":\"ListItem\",\"position\":1,\"name\":\"Home\",\"item\":\"https:\\\/\\\/fronteiralivre.com.br\\\/es\\\/\"},{\"@type\":\"ListItem\",\"position\":2,\"name\":\"Fardo Guype llega al Alto Paran\u00e1 con dos funciones\"}]},{\"@type\":\"WebSite\",\"@id\":\"https:\\\/\\\/fronteiralivre.com.br\\\/es\\\/#website\",\"url\":\"https:\\\/\\\/fronteiralivre.com.br\\\/es\\\/\",\"name\":\"Fronteira Livre\",\"description\":\"De Foz do Igua\u00e7u para el mundo.\",\"potentialAction\":[{\"@type\":\"SearchAction\",\"target\":{\"@type\":\"EntryPoint\",\"urlTemplate\":\"https:\\\/\\\/fronteiralivre.com.br\\\/es\\\/?s={search_term_string}\"},\"query-input\":{\"@type\":\"PropertyValueSpecification\",\"valueRequired\":true,\"valueName\":\"search_term_string\"}}],\"inLanguage\":\"es-AR\"},{\"@type\":\"Person\",\"@id\":\"https:\\\/\\\/fronteiralivre.com.br\\\/es\\\/#\\\/schema\\\/person\\\/69b75b5696283ac4f954edef95e172d0\",\"name\":\"Amilton Farias\",\"image\":{\"@type\":\"ImageObject\",\"inLanguage\":\"es-AR\",\"@id\":\"https:\\\/\\\/secure.gravatar.com\\\/avatar\\\/9fe07c446bf96e74022abf469fb49b43748aab858e89a1702d8dced3b8e2dedf?s=96&d=mm&r=g\",\"url\":\"https:\\\/\\\/secure.gravatar.com\\\/avatar\\\/9fe07c446bf96e74022abf469fb49b43748aab858e89a1702d8dced3b8e2dedf?s=96&d=mm&r=g\",\"contentUrl\":\"https:\\\/\\\/secure.gravatar.com\\\/avatar\\\/9fe07c446bf96e74022abf469fb49b43748aab858e89a1702d8dced3b8e2dedf?s=96&d=mm&r=g\",\"caption\":\"Amilton Farias\"},\"description\":\"Amilton Farias es periodista, fundador y editor de Fronteira Livre. Con experiencia en distintos pa\u00edses de Am\u00e9rica Latina y una trayectoria vinculada al periodismo territorial, escribe sobre las fronteras, los territorios y los procesos pol\u00edticos, sociales y culturales que moldean la realidad de los pueblos latinoamericanos.\",\"sameAs\":[\"https:\\\/\\\/fronteiralivre.com.br\\\/es\\\/\"],\"url\":\"https:\\\/\\\/fronteiralivre.com.br\\\/es\\\/author\\\/amilton\\\/\"}]}<\/script>\n<!-- \/ Yoast SEO plugin. -->","yoast_head_json":{"title":"Fardo Guype llega al Alto Paran\u00e1 con dos funciones - Fronteira Livre","description":"La obra teatral Fardo Guype sube a escena en Ciudad del Este para narrar la explotaci\u00f3n de los mens\u00fa documentada por el autor Rafael Barrett.","robots":{"index":"index","follow":"follow","max-snippet":"max-snippet:-1","max-image-preview":"max-image-preview:large","max-video-preview":"max-video-preview:-1"},"canonical":"https:\/\/fronteiralivre.com.br\/es\/fardo-guype-llega-al-alto-parana-con-dos-funciones\/","og_locale":"es_ES","og_type":"article","og_title":"Fardo Guype llega al Alto Paran\u00e1 con dos funciones - Fronteira Livre","og_description":"La obra teatral Fardo Guype sube a escena en Ciudad del Este para narrar la explotaci\u00f3n de los mens\u00fa documentada por el autor Rafael Barrett.","og_url":"https:\/\/fronteiralivre.com.br\/es\/fardo-guype-llega-al-alto-parana-con-dos-funciones\/","og_site_name":"Fronteira Livre","article_published_time":"2026-09-02T00:18:17+00:00","article_modified_time":"2026-09-02T00:18:18+00:00","og_image":[{"width":1140,"height":569,"url":"https:\/\/fronteiralivre.com.br\/es\/wp-content\/uploads\/2026\/09\/Peca-Teatral-Fardo-Guype.webp","type":"image\/webp"}],"author":"Amilton Farias","twitter_card":"summary_large_image","twitter_misc":{"Escrito por":"Amilton Farias","Tiempo de lectura":"3 minutos"},"schema":{"@context":"https:\/\/schema.org","@graph":[{"@type":"Article","@id":"https:\/\/fronteiralivre.com.br\/es\/fardo-guype-llega-al-alto-parana-con-dos-funciones\/#article","isPartOf":{"@id":"https:\/\/fronteiralivre.com.br\/es\/fardo-guype-llega-al-alto-parana-con-dos-funciones\/"},"author":{"name":"Amilton Farias","@id":"https:\/\/fronteiralivre.com.br\/es\/#\/schema\/person\/69b75b5696283ac4f954edef95e172d0"},"headline":"Fardo Guype llega al Alto Paran\u00e1 con dos funciones","datePublished":"2026-09-02T00:18:17+00:00","dateModified":"2026-09-02T00:18:18+00:00","mainEntityOfPage":{"@id":"https:\/\/fronteiralivre.com.br\/es\/fardo-guype-llega-al-alto-parana-con-dos-funciones\/"},"wordCount":471,"commentCount":0,"image":{"@id":"https:\/\/fronteiralivre.com.br\/es\/fardo-guype-llega-al-alto-parana-con-dos-funciones\/#primaryimage"},"thumbnailUrl":"https:\/\/fronteiralivre.com.br\/es\/wp-content\/uploads\/2026\/09\/Peca-Teatral-Fardo-Guype.webp","keywords":["Alto Paran\u00e1","Ciudad del Este","Elenco Teatral Lampium","Fardo Guype","memoria obrera","Mens\u00fa","Rafael Barrett","Secretar\u00eda Nacional de Cultura","Teatro paraguayo"],"articleSection":["Movida Latam"],"inLanguage":"es-AR","potentialAction":[{"@type":"CommentAction","name":"Comment","target":["https:\/\/fronteiralivre.com.br\/es\/fardo-guype-llega-al-alto-parana-con-dos-funciones\/#respond"]}]},{"@type":"WebPage","@id":"https:\/\/fronteiralivre.com.br\/es\/fardo-guype-llega-al-alto-parana-con-dos-funciones\/","url":"https:\/\/fronteiralivre.com.br\/es\/fardo-guype-llega-al-alto-parana-con-dos-funciones\/","name":"Fardo Guype llega al Alto Paran\u00e1 con dos funciones - Fronteira Livre","isPartOf":{"@id":"https:\/\/fronteiralivre.com.br\/es\/#website"},"primaryImageOfPage":{"@id":"https:\/\/fronteiralivre.com.br\/es\/fardo-guype-llega-al-alto-parana-con-dos-funciones\/#primaryimage"},"image":{"@id":"https:\/\/fronteiralivre.com.br\/es\/fardo-guype-llega-al-alto-parana-con-dos-funciones\/#primaryimage"},"thumbnailUrl":"https:\/\/fronteiralivre.com.br\/es\/wp-content\/uploads\/2026\/09\/Peca-Teatral-Fardo-Guype.webp","datePublished":"2026-09-02T00:18:17+00:00","dateModified":"2026-09-02T00:18:18+00:00","author":{"@id":"https:\/\/fronteiralivre.com.br\/es\/#\/schema\/person\/69b75b5696283ac4f954edef95e172d0"},"description":"La obra teatral Fardo Guype sube a escena en Ciudad del Este para narrar la explotaci\u00f3n de los mens\u00fa documentada por el autor Rafael Barrett.","breadcrumb":{"@id":"https:\/\/fronteiralivre.com.br\/es\/fardo-guype-llega-al-alto-parana-con-dos-funciones\/#breadcrumb"},"inLanguage":"es-AR","potentialAction":[{"@type":"ReadAction","target":["https:\/\/fronteiralivre.com.br\/es\/fardo-guype-llega-al-alto-parana-con-dos-funciones\/"]}]},{"@type":"ImageObject","inLanguage":"es-AR","@id":"https:\/\/fronteiralivre.com.br\/es\/fardo-guype-llega-al-alto-parana-con-dos-funciones\/#primaryimage","url":"https:\/\/fronteiralivre.com.br\/es\/wp-content\/uploads\/2026\/09\/Peca-Teatral-Fardo-Guype.webp","contentUrl":"https:\/\/fronteiralivre.com.br\/es\/wp-content\/uploads\/2026\/09\/Peca-Teatral-Fardo-Guype.webp","width":1140,"height":569,"caption":"La obra traslada al escenario las denuncias del libro El dolor paraguayo de Rafael Barrett."},{"@type":"BreadcrumbList","@id":"https:\/\/fronteiralivre.com.br\/es\/fardo-guype-llega-al-alto-parana-con-dos-funciones\/#breadcrumb","itemListElement":[{"@type":"ListItem","position":1,"name":"Home","item":"https:\/\/fronteiralivre.com.br\/es\/"},{"@type":"ListItem","position":2,"name":"Fardo Guype llega al Alto Paran\u00e1 con dos funciones"}]},{"@type":"WebSite","@id":"https:\/\/fronteiralivre.com.br\/es\/#website","url":"https:\/\/fronteiralivre.com.br\/es\/","name":"Fronteira Livre","description":"De Foz do Igua\u00e7u para el mundo.","potentialAction":[{"@type":"SearchAction","target":{"@type":"EntryPoint","urlTemplate":"https:\/\/fronteiralivre.com.br\/es\/?s={search_term_string}"},"query-input":{"@type":"PropertyValueSpecification","valueRequired":true,"valueName":"search_term_string"}}],"inLanguage":"es-AR"},{"@type":"Person","@id":"https:\/\/fronteiralivre.com.br\/es\/#\/schema\/person\/69b75b5696283ac4f954edef95e172d0","name":"Amilton Farias","image":{"@type":"ImageObject","inLanguage":"es-AR","@id":"https:\/\/secure.gravatar.com\/avatar\/9fe07c446bf96e74022abf469fb49b43748aab858e89a1702d8dced3b8e2dedf?s=96&d=mm&r=g","url":"https:\/\/secure.gravatar.com\/avatar\/9fe07c446bf96e74022abf469fb49b43748aab858e89a1702d8dced3b8e2dedf?s=96&d=mm&r=g","contentUrl":"https:\/\/secure.gravatar.com\/avatar\/9fe07c446bf96e74022abf469fb49b43748aab858e89a1702d8dced3b8e2dedf?s=96&d=mm&r=g","caption":"Amilton Farias"},"description":"Amilton Farias es periodista, fundador y editor de Fronteira Livre. Con experiencia en distintos pa\u00edses de Am\u00e9rica Latina y una trayectoria vinculada al periodismo territorial, escribe sobre las fronteras, los territorios y los procesos pol\u00edticos, sociales y culturales que moldean la realidad de los pueblos latinoamericanos.","sameAs":["https:\/\/fronteiralivre.com.br\/es\/"],"url":"https:\/\/fronteiralivre.com.br\/es\/author\/amilton\/"}]}},"_links":{"self":[{"href":"https:\/\/fronteiralivre.com.br\/es\/wp-json\/wp\/v2\/posts\/889","targetHints":{"allow":["GET"]}}],"collection":[{"href":"https:\/\/fronteiralivre.com.br\/es\/wp-json\/wp\/v2\/posts"}],"about":[{"href":"https:\/\/fronteiralivre.com.br\/es\/wp-json\/wp\/v2\/types\/post"}],"author":[{"embeddable":true,"href":"https:\/\/fronteiralivre.com.br\/es\/wp-json\/wp\/v2\/users\/2"}],"replies":[{"embeddable":true,"href":"https:\/\/fronteiralivre.com.br\/es\/wp-json\/wp\/v2\/comments?post=889"}],"version-history":[{"count":1,"href":"https:\/\/fronteiralivre.com.br\/es\/wp-json\/wp\/v2\/posts\/889\/revisions"}],"predecessor-version":[{"id":892,"href":"https:\/\/fronteiralivre.com.br\/es\/wp-json\/wp\/v2\/posts\/889\/revisions\/892"}],"wp:featuredmedia":[{"embeddable":true,"href":"https:\/\/fronteiralivre.com.br\/es\/wp-json\/wp\/v2\/media\/891"}],"wp:attachment":[{"href":"https:\/\/fronteiralivre.com.br\/es\/wp-json\/wp\/v2\/media?parent=889"}],"wp:term":[{"taxonomy":"category","embeddable":true,"href":"https:\/\/fronteiralivre.com.br\/es\/wp-json\/wp\/v2\/categories?post=889"},{"taxonomy":"post_tag","embeddable":true,"href":"https:\/\/fronteiralivre.com.br\/es\/wp-json\/wp\/v2\/tags?post=889"}],"curies":[{"name":"wp","href":"https:\/\/api.w.org\/{rel}","templated":true}]}}