{"id":885,"date":"2026-09-01T21:00:11","date_gmt":"2026-09-02T00:00:11","guid":{"rendered":"https:\/\/fronteiralivre.com.br\/es\/?p=885"},"modified":"2026-09-01T21:00:11","modified_gmt":"2026-09-02T00:00:11","slug":"renuncia-masiva-medicos-paraguay","status":"publish","type":"post","link":"https:\/\/fronteiralivre.com.br\/es\/renuncia-masiva-medicos-paraguay\/","title":{"rendered":"Paraguay: 300 especialistas renuncian y paran cirug\u00edas infantiles"},"content":{"rendered":"\n<p class=\"wp-block-paragraph\"><strong>Asunci\u00f3n, Paraguay \u2013<\/strong> Alrededor de 300 m\u00e9dicos especialistas y subespecialistas presentaron este lunes su renuncia masiva al Ministerio de Salud P\u00fablica y Bienestar Social, luego de que fracasaran de forma definitiva las negociaciones salariales con el gobierno del presidente Santiago Pe\u00f1a. La dimisi\u00f3n colectiva se da tras una semana de huelga sanitaria que interrumpi\u00f3 consultas hospitalarias e intervenciones quir\u00fargicas en distintos puntos del territorio paraguayo.<\/p>\n\n\n\n<p class=\"wp-block-paragraph\">La salida de los profesionales impacta de lleno en centros de alta complejidad del \u00e1rea metropolitana y del interior del pa\u00eds, con una situaci\u00f3n cr\u00edtica en el Hospital General Pedi\u00e1trico Ni\u00f1os de Acosta \u00d1u, ubicado en San Lorenzo, y en el Hospital de Trauma. Tras la renuncia conjunta de los cirujanos, los servicios de cirug\u00eda pedi\u00e1trica de estos centros de referencia enfrentan el riesgo inmediato de quedarse sin personal de guardia ni especialistas para operar a ni\u00f1as y ni\u00f1os.<\/p>\n\n\n\n<p class=\"wp-block-paragraph\">La medida de fuerza llega tras cinco d\u00edas consecutivos de paro que congregaron a 11.000 m\u00e9dicos del sistema estatal y llevaron a m\u00e1s de 5.000 trabajadores de la salud a marchar por las calles de Asunci\u00f3n. La lista de reclamos incluye la formalizaci\u00f3n laboral de 9.000 funcionarios contratados bajo r\u00e9gimen temporal sin estabilidad ni derechos plenos, la provisi\u00f3n regular de medicamentos e insumos b\u00e1sicos en los hospitales p\u00fablicos y el pago de compensaciones por trabajar en d\u00edas feriados.<\/p>\n\n\n\n<p class=\"wp-block-paragraph\">El eje principal del conflicto es el ajuste salarial: el gremio exige elevar el salario b\u00e1sico mensual de 5 millones a 8 millones de guaran\u00edes (de unos 680 a 1.090 d\u00f3lares aproximadamente).<\/p>\n\n\n\n<p class=\"wp-block-paragraph\">La secretaria general del Sindicato Nacional de M\u00e9dicos (Sinamed), Rossana Gonz\u00e1lez, encabez\u00f3 la presentaci\u00f3n formal de las cartas de renuncia ante la sede ministerial y contest\u00f3 a los cuestionamientos oficiales:<\/p>\n\n\n\n<p class=\"wp-block-paragraph\">\u201cIsto no es extorsi\u00f3n, es una manifestaci\u00f3n de insatisfacci\u00f3n de la categor\u00eda m\u00e9dica. Lo que queremos es que reaccionen y den una respuesta, por la poblaci\u00f3n y tambi\u00e9n por nosotros. No es algo contra los pacientes, pero el gobierno tiene que entender que llegamos a un punto insostenible. El salario que nos pagan hoy no alcanza ni para cubrir el transporte para ir a trabajar\u201d, dijo Gonz\u00e1lez.<\/p>\n\n\n\n<p class=\"wp-block-paragraph\">Entre quienes dimitieron figura el cirujano pedi\u00e1trico Ernesto Waldemar Arg\u00fcello Duarte, quien prestaba servicios en las dos salas quir\u00fargicas m\u00e1s afectadas por el conflicto. El m\u00e9dico ratific\u00f3 su alejamiento de los hospitales estatales y apunt\u00f3 a la gesti\u00f3n de los fondos p\u00fablicos:<\/p>\n\n\n\n<p class=\"wp-block-paragraph\">\u201cTengo mi consultorio privado, voy a trabajar como m\u00e9dico de barrio y voy a ganar m\u00e1s de lo que esta gente paga. Plata hay cuando no se roba\u201d, afirm\u00f3 Arg\u00fcello Duarte.<\/p>\n\n\n\n<p class=\"wp-block-paragraph\">Por parte del Poder Ejecutivo, la ministra de Salud P\u00fablica, Mar\u00eda Teresa Bar\u00e1n, declar\u00f3 que la demanda econ\u00f3mica del gremio resulta \u201cpoco aplicable\u201d frente a los l\u00edmites presupuestarios que maneja el presidente Pe\u00f1a. A su vez, el director de Gabinete de la cartera sanitaria, Juan Marcelo Estigarribia, comunic\u00f3 que revisar\u00e1n los pedidos de renuncia de forma individual, ya que las leyes laborales del pa\u00eds no contemplan un r\u00e9gimen de rescisi\u00f3n colectiva. Estigarribia cuestion\u00f3 adem\u00e1s a la Sociedad Paraguaya de Anestesiolog\u00eda, a la que acus\u00f3 de presionar a sus afiliados con la expulsi\u00f3n gremial si aceptan cubrir las vacancias que dejan los m\u00e9dicos salientes.<\/p>\n","protected":false},"excerpt":{"rendered":"<p>Asunci\u00f3n, Paraguay \u2013 Alrededor de 300 m\u00e9dicos especialistas y subespecialistas presentaron este lunes su renuncia masiva al Ministerio de Salud P\u00fablica y Bienestar Social, luego de que fracasaran de forma definitiva las negociaciones salariales con el gobierno del presidente Santiago Pe\u00f1a. La dimisi\u00f3n colectiva se da tras una semana de huelga sanitaria que interrumpi\u00f3 consultas hospitalarias e intervenciones quir\u00fargicas en distintos puntos del territorio paraguayo.<\/p>\n","protected":false},"author":2,"featured_media":887,"comment_status":"open","ping_status":"open","sticky":false,"template":"","format":"standard","meta":{"_sub_headline":"Alrededor de 300 cirujanos y especialistas abandonan el sistema p\u00fablico tras el rechazo del gobierno de Santiago Pe\u00f1a a sus demandas salariales.","videourl":"","footnotes":""},"categories":[40],"tags":[2061,1910,2055,2059,2060,83,346,87,2053],"class_list":["post-885","post","type-post","status-publish","format-standard","has-post-thumbnail","hentry","category-triple-frontera","tag-asuncion","tag-crisis-sanitaria","tag-hospital-acosta-nu","tag-hospital-de-trauma","tag-huelga-medica","tag-paraguay","tag-salud-publica","tag-santiago-pena","tag-sinamed"],"yoast_head":"<!-- This site is optimized with the Yoast SEO plugin v28.3 - https:\/\/yoast.com\/product\/yoast-seo-wordpress\/ -->\n<title>Paraguay: 300 especialistas renuncian y paran cirug\u00edas infantiles - Fronteira Livre<\/title>\n<meta name=\"description\" content=\"La renuncia masiva de m\u00e9dicos en Paraguay deja sin cirug\u00edas al hospital pedi\u00e1trico tras romperse el di\u00e1logo salarial con el gobierno de Pe\u00f1a.\" \/>\n<meta name=\"robots\" content=\"index, follow, max-snippet:-1, max-image-preview:large, max-video-preview:-1\" \/>\n<link rel=\"canonical\" href=\"https:\/\/fronteiralivre.com.br\/es\/renuncia-masiva-medicos-paraguay\/\" \/>\n<meta property=\"og:locale\" content=\"es_ES\" \/>\n<meta property=\"og:type\" content=\"article\" \/>\n<meta property=\"og:title\" content=\"Paraguay: 300 especialistas renuncian y paran cirug\u00edas infantiles - Fronteira Livre\" \/>\n<meta property=\"og:description\" content=\"La renuncia masiva de m\u00e9dicos en Paraguay deja sin cirug\u00edas al hospital pedi\u00e1trico tras romperse el di\u00e1logo salarial con el gobierno de Pe\u00f1a.\" \/>\n<meta property=\"og:url\" content=\"https:\/\/fronteiralivre.com.br\/es\/renuncia-masiva-medicos-paraguay\/\" \/>\n<meta property=\"og:site_name\" content=\"Fronteira Livre\" \/>\n<meta property=\"article:published_time\" content=\"2026-09-02T00:00:11+00:00\" \/>\n<meta property=\"og:image\" content=\"https:\/\/fronteiralivre.com.br\/es\/wp-content\/uploads\/2026\/09\/Medicos-paraguayos.webp\" \/>\n\t<meta property=\"og:image:width\" content=\"1140\" \/>\n\t<meta property=\"og:image:height\" content=\"568\" \/>\n\t<meta property=\"og:image:type\" content=\"image\/webp\" \/>\n<meta name=\"author\" content=\"Amilton Farias\" \/>\n<meta name=\"twitter:card\" content=\"summary_large_image\" \/>\n<meta name=\"twitter:label1\" content=\"Escrito por\" \/>\n\t<meta name=\"twitter:data1\" content=\"Amilton Farias\" \/>\n\t<meta name=\"twitter:label2\" content=\"Tiempo de lectura\" \/>\n\t<meta name=\"twitter:data2\" content=\"3 minutos\" \/>\n<script type=\"application\/ld+json\" class=\"yoast-schema-graph\">{\"@context\":\"https:\\\/\\\/schema.org\",\"@graph\":[{\"@type\":\"Article\",\"@id\":\"https:\\\/\\\/fronteiralivre.com.br\\\/es\\\/renuncia-masiva-medicos-paraguay\\\/#article\",\"isPartOf\":{\"@id\":\"https:\\\/\\\/fronteiralivre.com.br\\\/es\\\/renuncia-masiva-medicos-paraguay\\\/\"},\"author\":{\"name\":\"Amilton Farias\",\"@id\":\"https:\\\/\\\/fronteiralivre.com.br\\\/es\\\/#\\\/schema\\\/person\\\/69b75b5696283ac4f954edef95e172d0\"},\"headline\":\"Paraguay: 300 especialistas renuncian y paran cirug\u00edas infantiles\",\"datePublished\":\"2026-09-02T00:00:11+00:00\",\"mainEntityOfPage\":{\"@id\":\"https:\\\/\\\/fronteiralivre.com.br\\\/es\\\/renuncia-masiva-medicos-paraguay\\\/\"},\"wordCount\":589,\"commentCount\":0,\"image\":{\"@id\":\"https:\\\/\\\/fronteiralivre.com.br\\\/es\\\/renuncia-masiva-medicos-paraguay\\\/#primaryimage\"},\"thumbnailUrl\":\"https:\\\/\\\/fronteiralivre.com.br\\\/es\\\/wp-content\\\/uploads\\\/2026\\\/09\\\/Medicos-paraguayos.webp\",\"keywords\":[\"Asunci\u00f3n\",\"crisis sanitaria\",\"Hospital Acosta \u00d1u\",\"Hospital de Trauma\",\"Huelga m\u00e9dica\",\"Paraguay\",\"Salud P\u00fablica\",\"Santiago Pe\u00f1a\",\"Sinamed\"],\"articleSection\":[\"Triple Frontera\"],\"inLanguage\":\"es-AR\",\"potentialAction\":[{\"@type\":\"CommentAction\",\"name\":\"Comment\",\"target\":[\"https:\\\/\\\/fronteiralivre.com.br\\\/es\\\/renuncia-masiva-medicos-paraguay\\\/#respond\"]}]},{\"@type\":\"WebPage\",\"@id\":\"https:\\\/\\\/fronteiralivre.com.br\\\/es\\\/renuncia-masiva-medicos-paraguay\\\/\",\"url\":\"https:\\\/\\\/fronteiralivre.com.br\\\/es\\\/renuncia-masiva-medicos-paraguay\\\/\",\"name\":\"Paraguay: 300 especialistas renuncian y paran cirug\u00edas infantiles - Fronteira Livre\",\"isPartOf\":{\"@id\":\"https:\\\/\\\/fronteiralivre.com.br\\\/es\\\/#website\"},\"primaryImageOfPage\":{\"@id\":\"https:\\\/\\\/fronteiralivre.com.br\\\/es\\\/renuncia-masiva-medicos-paraguay\\\/#primaryimage\"},\"image\":{\"@id\":\"https:\\\/\\\/fronteiralivre.com.br\\\/es\\\/renuncia-masiva-medicos-paraguay\\\/#primaryimage\"},\"thumbnailUrl\":\"https:\\\/\\\/fronteiralivre.com.br\\\/es\\\/wp-content\\\/uploads\\\/2026\\\/09\\\/Medicos-paraguayos.webp\",\"datePublished\":\"2026-09-02T00:00:11+00:00\",\"author\":{\"@id\":\"https:\\\/\\\/fronteiralivre.com.br\\\/es\\\/#\\\/schema\\\/person\\\/69b75b5696283ac4f954edef95e172d0\"},\"description\":\"La renuncia masiva de m\u00e9dicos en Paraguay deja sin cirug\u00edas al hospital pedi\u00e1trico tras romperse el di\u00e1logo salarial con el gobierno de Pe\u00f1a.\",\"breadcrumb\":{\"@id\":\"https:\\\/\\\/fronteiralivre.com.br\\\/es\\\/renuncia-masiva-medicos-paraguay\\\/#breadcrumb\"},\"inLanguage\":\"es-AR\",\"potentialAction\":[{\"@type\":\"ReadAction\",\"target\":[\"https:\\\/\\\/fronteiralivre.com.br\\\/es\\\/renuncia-masiva-medicos-paraguay\\\/\"]}]},{\"@type\":\"ImageObject\",\"inLanguage\":\"es-AR\",\"@id\":\"https:\\\/\\\/fronteiralivre.com.br\\\/es\\\/renuncia-masiva-medicos-paraguay\\\/#primaryimage\",\"url\":\"https:\\\/\\\/fronteiralivre.com.br\\\/es\\\/wp-content\\\/uploads\\\/2026\\\/09\\\/Medicos-paraguayos.webp\",\"contentUrl\":\"https:\\\/\\\/fronteiralivre.com.br\\\/es\\\/wp-content\\\/uploads\\\/2026\\\/09\\\/Medicos-paraguayos.webp\",\"width\":1140,\"height\":568,\"caption\":\"Foto: Divulgaci\u00f3n. Foto: Divulgaci\u00f3n.\"},{\"@type\":\"BreadcrumbList\",\"@id\":\"https:\\\/\\\/fronteiralivre.com.br\\\/es\\\/renuncia-masiva-medicos-paraguay\\\/#breadcrumb\",\"itemListElement\":[{\"@type\":\"ListItem\",\"position\":1,\"name\":\"Home\",\"item\":\"https:\\\/\\\/fronteiralivre.com.br\\\/es\\\/\"},{\"@type\":\"ListItem\",\"position\":2,\"name\":\"Paraguay: 300 especialistas renuncian y paran cirug\u00edas infantiles\"}]},{\"@type\":\"WebSite\",\"@id\":\"https:\\\/\\\/fronteiralivre.com.br\\\/es\\\/#website\",\"url\":\"https:\\\/\\\/fronteiralivre.com.br\\\/es\\\/\",\"name\":\"Fronteira Livre\",\"description\":\"De Foz do Igua\u00e7u para el mundo.\",\"potentialAction\":[{\"@type\":\"SearchAction\",\"target\":{\"@type\":\"EntryPoint\",\"urlTemplate\":\"https:\\\/\\\/fronteiralivre.com.br\\\/es\\\/?s={search_term_string}\"},\"query-input\":{\"@type\":\"PropertyValueSpecification\",\"valueRequired\":true,\"valueName\":\"search_term_string\"}}],\"inLanguage\":\"es-AR\"},{\"@type\":\"Person\",\"@id\":\"https:\\\/\\\/fronteiralivre.com.br\\\/es\\\/#\\\/schema\\\/person\\\/69b75b5696283ac4f954edef95e172d0\",\"name\":\"Amilton Farias\",\"image\":{\"@type\":\"ImageObject\",\"inLanguage\":\"es-AR\",\"@id\":\"https:\\\/\\\/secure.gravatar.com\\\/avatar\\\/9fe07c446bf96e74022abf469fb49b43748aab858e89a1702d8dced3b8e2dedf?s=96&d=mm&r=g\",\"url\":\"https:\\\/\\\/secure.gravatar.com\\\/avatar\\\/9fe07c446bf96e74022abf469fb49b43748aab858e89a1702d8dced3b8e2dedf?s=96&d=mm&r=g\",\"contentUrl\":\"https:\\\/\\\/secure.gravatar.com\\\/avatar\\\/9fe07c446bf96e74022abf469fb49b43748aab858e89a1702d8dced3b8e2dedf?s=96&d=mm&r=g\",\"caption\":\"Amilton Farias\"},\"description\":\"Amilton Farias es periodista, fundador y editor de Fronteira Livre. Con experiencia en distintos pa\u00edses de Am\u00e9rica Latina y una trayectoria vinculada al periodismo territorial, escribe sobre las fronteras, los territorios y los procesos pol\u00edticos, sociales y culturales que moldean la realidad de los pueblos latinoamericanos.\",\"sameAs\":[\"https:\\\/\\\/fronteiralivre.com.br\\\/es\\\/\"],\"url\":\"https:\\\/\\\/fronteiralivre.com.br\\\/es\\\/author\\\/amilton\\\/\"}]}<\/script>\n<!-- \/ Yoast SEO plugin. -->","yoast_head_json":{"title":"Paraguay: 300 especialistas renuncian y paran cirug\u00edas infantiles - Fronteira Livre","description":"La renuncia masiva de m\u00e9dicos en Paraguay deja sin cirug\u00edas al hospital pedi\u00e1trico tras romperse el di\u00e1logo salarial con el gobierno de Pe\u00f1a.","robots":{"index":"index","follow":"follow","max-snippet":"max-snippet:-1","max-image-preview":"max-image-preview:large","max-video-preview":"max-video-preview:-1"},"canonical":"https:\/\/fronteiralivre.com.br\/es\/renuncia-masiva-medicos-paraguay\/","og_locale":"es_ES","og_type":"article","og_title":"Paraguay: 300 especialistas renuncian y paran cirug\u00edas infantiles - Fronteira Livre","og_description":"La renuncia masiva de m\u00e9dicos en Paraguay deja sin cirug\u00edas al hospital pedi\u00e1trico tras romperse el di\u00e1logo salarial con el gobierno de Pe\u00f1a.","og_url":"https:\/\/fronteiralivre.com.br\/es\/renuncia-masiva-medicos-paraguay\/","og_site_name":"Fronteira Livre","article_published_time":"2026-09-02T00:00:11+00:00","og_image":[{"width":1140,"height":568,"url":"https:\/\/fronteiralivre.com.br\/es\/wp-content\/uploads\/2026\/09\/Medicos-paraguayos.webp","type":"image\/webp"}],"author":"Amilton Farias","twitter_card":"summary_large_image","twitter_misc":{"Escrito por":"Amilton Farias","Tiempo de lectura":"3 minutos"},"schema":{"@context":"https:\/\/schema.org","@graph":[{"@type":"Article","@id":"https:\/\/fronteiralivre.com.br\/es\/renuncia-masiva-medicos-paraguay\/#article","isPartOf":{"@id":"https:\/\/fronteiralivre.com.br\/es\/renuncia-masiva-medicos-paraguay\/"},"author":{"name":"Amilton Farias","@id":"https:\/\/fronteiralivre.com.br\/es\/#\/schema\/person\/69b75b5696283ac4f954edef95e172d0"},"headline":"Paraguay: 300 especialistas renuncian y paran cirug\u00edas infantiles","datePublished":"2026-09-02T00:00:11+00:00","mainEntityOfPage":{"@id":"https:\/\/fronteiralivre.com.br\/es\/renuncia-masiva-medicos-paraguay\/"},"wordCount":589,"commentCount":0,"image":{"@id":"https:\/\/fronteiralivre.com.br\/es\/renuncia-masiva-medicos-paraguay\/#primaryimage"},"thumbnailUrl":"https:\/\/fronteiralivre.com.br\/es\/wp-content\/uploads\/2026\/09\/Medicos-paraguayos.webp","keywords":["Asunci\u00f3n","crisis sanitaria","Hospital Acosta \u00d1u","Hospital de Trauma","Huelga m\u00e9dica","Paraguay","Salud P\u00fablica","Santiago Pe\u00f1a","Sinamed"],"articleSection":["Triple Frontera"],"inLanguage":"es-AR","potentialAction":[{"@type":"CommentAction","name":"Comment","target":["https:\/\/fronteiralivre.com.br\/es\/renuncia-masiva-medicos-paraguay\/#respond"]}]},{"@type":"WebPage","@id":"https:\/\/fronteiralivre.com.br\/es\/renuncia-masiva-medicos-paraguay\/","url":"https:\/\/fronteiralivre.com.br\/es\/renuncia-masiva-medicos-paraguay\/","name":"Paraguay: 300 especialistas renuncian y paran cirug\u00edas infantiles - Fronteira Livre","isPartOf":{"@id":"https:\/\/fronteiralivre.com.br\/es\/#website"},"primaryImageOfPage":{"@id":"https:\/\/fronteiralivre.com.br\/es\/renuncia-masiva-medicos-paraguay\/#primaryimage"},"image":{"@id":"https:\/\/fronteiralivre.com.br\/es\/renuncia-masiva-medicos-paraguay\/#primaryimage"},"thumbnailUrl":"https:\/\/fronteiralivre.com.br\/es\/wp-content\/uploads\/2026\/09\/Medicos-paraguayos.webp","datePublished":"2026-09-02T00:00:11+00:00","author":{"@id":"https:\/\/fronteiralivre.com.br\/es\/#\/schema\/person\/69b75b5696283ac4f954edef95e172d0"},"description":"La renuncia masiva de m\u00e9dicos en Paraguay deja sin cirug\u00edas al hospital pedi\u00e1trico tras romperse el di\u00e1logo salarial con el gobierno de Pe\u00f1a.","breadcrumb":{"@id":"https:\/\/fronteiralivre.com.br\/es\/renuncia-masiva-medicos-paraguay\/#breadcrumb"},"inLanguage":"es-AR","potentialAction":[{"@type":"ReadAction","target":["https:\/\/fronteiralivre.com.br\/es\/renuncia-masiva-medicos-paraguay\/"]}]},{"@type":"ImageObject","inLanguage":"es-AR","@id":"https:\/\/fronteiralivre.com.br\/es\/renuncia-masiva-medicos-paraguay\/#primaryimage","url":"https:\/\/fronteiralivre.com.br\/es\/wp-content\/uploads\/2026\/09\/Medicos-paraguayos.webp","contentUrl":"https:\/\/fronteiralivre.com.br\/es\/wp-content\/uploads\/2026\/09\/Medicos-paraguayos.webp","width":1140,"height":568,"caption":"Foto: Divulgaci\u00f3n. Foto: Divulgaci\u00f3n."},{"@type":"BreadcrumbList","@id":"https:\/\/fronteiralivre.com.br\/es\/renuncia-masiva-medicos-paraguay\/#breadcrumb","itemListElement":[{"@type":"ListItem","position":1,"name":"Home","item":"https:\/\/fronteiralivre.com.br\/es\/"},{"@type":"ListItem","position":2,"name":"Paraguay: 300 especialistas renuncian y paran cirug\u00edas infantiles"}]},{"@type":"WebSite","@id":"https:\/\/fronteiralivre.com.br\/es\/#website","url":"https:\/\/fronteiralivre.com.br\/es\/","name":"Fronteira Livre","description":"De Foz do Igua\u00e7u para el mundo.","potentialAction":[{"@type":"SearchAction","target":{"@type":"EntryPoint","urlTemplate":"https:\/\/fronteiralivre.com.br\/es\/?s={search_term_string}"},"query-input":{"@type":"PropertyValueSpecification","valueRequired":true,"valueName":"search_term_string"}}],"inLanguage":"es-AR"},{"@type":"Person","@id":"https:\/\/fronteiralivre.com.br\/es\/#\/schema\/person\/69b75b5696283ac4f954edef95e172d0","name":"Amilton Farias","image":{"@type":"ImageObject","inLanguage":"es-AR","@id":"https:\/\/secure.gravatar.com\/avatar\/9fe07c446bf96e74022abf469fb49b43748aab858e89a1702d8dced3b8e2dedf?s=96&d=mm&r=g","url":"https:\/\/secure.gravatar.com\/avatar\/9fe07c446bf96e74022abf469fb49b43748aab858e89a1702d8dced3b8e2dedf?s=96&d=mm&r=g","contentUrl":"https:\/\/secure.gravatar.com\/avatar\/9fe07c446bf96e74022abf469fb49b43748aab858e89a1702d8dced3b8e2dedf?s=96&d=mm&r=g","caption":"Amilton Farias"},"description":"Amilton Farias es periodista, fundador y editor de Fronteira Livre. Con experiencia en distintos pa\u00edses de Am\u00e9rica Latina y una trayectoria vinculada al periodismo territorial, escribe sobre las fronteras, los territorios y los procesos pol\u00edticos, sociales y culturales que moldean la realidad de los pueblos latinoamericanos.","sameAs":["https:\/\/fronteiralivre.com.br\/es\/"],"url":"https:\/\/fronteiralivre.com.br\/es\/author\/amilton\/"}]}},"_links":{"self":[{"href":"https:\/\/fronteiralivre.com.br\/es\/wp-json\/wp\/v2\/posts\/885","targetHints":{"allow":["GET"]}}],"collection":[{"href":"https:\/\/fronteiralivre.com.br\/es\/wp-json\/wp\/v2\/posts"}],"about":[{"href":"https:\/\/fronteiralivre.com.br\/es\/wp-json\/wp\/v2\/types\/post"}],"author":[{"embeddable":true,"href":"https:\/\/fronteiralivre.com.br\/es\/wp-json\/wp\/v2\/users\/2"}],"replies":[{"embeddable":true,"href":"https:\/\/fronteiralivre.com.br\/es\/wp-json\/wp\/v2\/comments?post=885"}],"version-history":[{"count":1,"href":"https:\/\/fronteiralivre.com.br\/es\/wp-json\/wp\/v2\/posts\/885\/revisions"}],"predecessor-version":[{"id":888,"href":"https:\/\/fronteiralivre.com.br\/es\/wp-json\/wp\/v2\/posts\/885\/revisions\/888"}],"wp:featuredmedia":[{"embeddable":true,"href":"https:\/\/fronteiralivre.com.br\/es\/wp-json\/wp\/v2\/media\/887"}],"wp:attachment":[{"href":"https:\/\/fronteiralivre.com.br\/es\/wp-json\/wp\/v2\/media?parent=885"}],"wp:term":[{"taxonomy":"category","embeddable":true,"href":"https:\/\/fronteiralivre.com.br\/es\/wp-json\/wp\/v2\/categories?post=885"},{"taxonomy":"post_tag","embeddable":true,"href":"https:\/\/fronteiralivre.com.br\/es\/wp-json\/wp\/v2\/tags?post=885"}],"curies":[{"name":"wp","href":"https:\/\/api.w.org\/{rel}","templated":true}]}}