{"id":882,"date":"2026-09-01T15:02:52","date_gmt":"2026-09-01T18:02:52","guid":{"rendered":"https:\/\/fronteiralivre.com.br\/es\/?p=882"},"modified":"2026-09-01T15:02:53","modified_gmt":"2026-09-01T18:02:53","slug":"municipalidad-de-cde-apoya-a-medicos-durante-jornada-de-calor","status":"publish","type":"post","link":"https:\/\/fronteiralivre.com.br\/es\/municipalidad-de-cde-apoya-a-medicos-durante-jornada-de-calor\/","title":{"rendered":"Municipalidad de CDE apoya a m\u00e9dicos durante jornada de calor"},"content":{"rendered":"\n<p class=\"wp-block-paragraph\"><strong>Ciudad del Este, PY <\/strong>&#8211; La Municipalidad de Ciudad del Este acompa\u00f1\u00f3 durante la jornada a los m\u00e9dicos que se encuentran movilizados en reclamo de sus derechos, acerc\u00e1ndoles agua mineral y ensalada de frutas ante las altas temperaturas registradas.<\/p>\n\n\n\n<p class=\"wp-block-paragraph\">La iniciativa fue realizada por la Municipalidad de Ciudad del Este, bajo la administraci\u00f3n del intendente Pedro Acu\u00f1a, como una muestra de acompa\u00f1amiento a los profesionales que participan de la movilizaci\u00f3n.<\/p>\n\n\n\n<p class=\"wp-block-paragraph\">La acci\u00f3n se suma al respaldo institucional expresado por la Municipalidad a las reivindicaciones del sector m\u00e9dico a nivel nacional, mediante la<strong> Resoluci\u00f3n N.\u00ba 607\/I.M<\/strong>., emitida con motivo de la huelga nacional de m\u00e9dicos.<\/p>\n\n\n\n<p class=\"wp-block-paragraph\">En este contexto, el gesto realizado durante la jornada tuvo como objetivo brindar hidrataci\u00f3n y un alimento fresco a los profesionales movilizados mientras llevan adelante sus reclamos, especialmente ante las condiciones de intenso calor.<\/p>\n","protected":false},"excerpt":{"rendered":"<p>Ciudad del Este, PY &#8211; La Municipalidad de Ciudad del Este acompa\u00f1\u00f3 durante la jornada a los m\u00e9dicos que se encuentran movilizados en reclamo de sus derechos, acerc\u00e1ndoles agua mineral y ensalada de frutas ante las altas temperaturas registradas.<\/p>\n","protected":false},"author":7,"featured_media":883,"comment_status":"open","ping_status":"open","sticky":false,"template":"","format":"standard","meta":{"_sub_headline":"La Municipalidad de Ciudad del Este acerc\u00f3 agua mineral y ensalada de frutas a los m\u00e9dicos movilizados, en respaldo a sus reivindicaciones durante la huelga nacional","videourl":"","footnotes":""},"categories":[40],"tags":[886,1951,1952,59,2057,2058],"class_list":["post-882","post","type-post","status-publish","format-standard","has-post-thumbnail","hentry","category-triple-frontera","tag-derechos-laborales","tag-medicos","tag-movilizaciones","tag-municipalidad-de-ciudad-del-este","tag-resolucion","tag-sector-medico"],"yoast_head":"<!-- This site is optimized with the Yoast SEO plugin v28.3 - https:\/\/yoast.com\/product\/yoast-seo-wordpress\/ -->\n<title>Municipalidad de CDE apoya a m\u00e9dicos durante jornada de calor - Fronteira Livre<\/title>\n<meta name=\"description\" content=\"Municipalidad de Ciudad del Este acompa\u00f1\u00f3 a m\u00e9dicos movilizados con agua y ensalada de frutas durante una jornada de altas temperaturas\" \/>\n<meta name=\"robots\" content=\"index, follow, max-snippet:-1, max-image-preview:large, max-video-preview:-1\" \/>\n<link rel=\"canonical\" href=\"https:\/\/fronteiralivre.com.br\/es\/municipalidad-de-cde-apoya-a-medicos-durante-jornada-de-calor\/\" \/>\n<meta property=\"og:locale\" content=\"es_ES\" \/>\n<meta property=\"og:type\" content=\"article\" \/>\n<meta property=\"og:title\" content=\"Municipalidad de CDE apoya a m\u00e9dicos durante jornada de calor - Fronteira Livre\" \/>\n<meta property=\"og:description\" content=\"Municipalidad de Ciudad del Este acompa\u00f1\u00f3 a m\u00e9dicos movilizados con agua y ensalada de frutas durante una jornada de altas temperaturas\" \/>\n<meta property=\"og:url\" content=\"https:\/\/fronteiralivre.com.br\/es\/municipalidad-de-cde-apoya-a-medicos-durante-jornada-de-calor\/\" \/>\n<meta property=\"og:site_name\" content=\"Fronteira Livre\" \/>\n<meta property=\"article:published_time\" content=\"2026-09-01T18:02:52+00:00\" \/>\n<meta property=\"article:modified_time\" content=\"2026-09-01T18:02:53+00:00\" \/>\n<meta property=\"og:image\" content=\"https:\/\/fronteiralivre.com.br\/es\/wp-content\/uploads\/2026\/09\/Untitled-design-14.webp\" \/>\n\t<meta property=\"og:image:width\" content=\"1140\" \/>\n\t<meta property=\"og:image:height\" content=\"570\" \/>\n\t<meta property=\"og:image:type\" content=\"image\/webp\" \/>\n<meta name=\"author\" content=\"Steve Rodr\u00edguez\" \/>\n<meta name=\"twitter:card\" content=\"summary_large_image\" \/>\n<meta name=\"twitter:label1\" content=\"Escrito por\" \/>\n\t<meta name=\"twitter:data1\" content=\"Steve Rodr\u00edguez\" \/>\n\t<meta name=\"twitter:label2\" content=\"Tiempo de lectura\" \/>\n\t<meta name=\"twitter:data2\" content=\"1 minuto\" \/>\n<script type=\"application\/ld+json\" class=\"yoast-schema-graph\">{\"@context\":\"https:\\\/\\\/schema.org\",\"@graph\":[{\"@type\":\"Article\",\"@id\":\"https:\\\/\\\/fronteiralivre.com.br\\\/es\\\/municipalidad-de-cde-apoya-a-medicos-durante-jornada-de-calor\\\/#article\",\"isPartOf\":{\"@id\":\"https:\\\/\\\/fronteiralivre.com.br\\\/es\\\/municipalidad-de-cde-apoya-a-medicos-durante-jornada-de-calor\\\/\"},\"author\":{\"name\":\"Steve Rodr\u00edguez\",\"@id\":\"https:\\\/\\\/fronteiralivre.com.br\\\/es\\\/#\\\/schema\\\/person\\\/3c3ddfa3b04a2720a84b3f9bdf3dbd6b\"},\"headline\":\"Municipalidad de CDE apoya a m\u00e9dicos durante jornada de calor\",\"datePublished\":\"2026-09-01T18:02:52+00:00\",\"dateModified\":\"2026-09-01T18:02:53+00:00\",\"mainEntityOfPage\":{\"@id\":\"https:\\\/\\\/fronteiralivre.com.br\\\/es\\\/municipalidad-de-cde-apoya-a-medicos-durante-jornada-de-calor\\\/\"},\"wordCount\":161,\"commentCount\":0,\"image\":{\"@id\":\"https:\\\/\\\/fronteiralivre.com.br\\\/es\\\/municipalidad-de-cde-apoya-a-medicos-durante-jornada-de-calor\\\/#primaryimage\"},\"thumbnailUrl\":\"https:\\\/\\\/fronteiralivre.com.br\\\/es\\\/wp-content\\\/uploads\\\/2026\\\/09\\\/Untitled-design-14.webp\",\"keywords\":[\"Derechos Laborales\",\"m\u00e9dicos\",\"movilizaciones\",\"Municipalidad de Ciudad del Este\",\"resoluci\u00f3n\",\"sector m\u00e9dico\"],\"articleSection\":[\"Triple Frontera\"],\"inLanguage\":\"es-AR\",\"potentialAction\":[{\"@type\":\"CommentAction\",\"name\":\"Comment\",\"target\":[\"https:\\\/\\\/fronteiralivre.com.br\\\/es\\\/municipalidad-de-cde-apoya-a-medicos-durante-jornada-de-calor\\\/#respond\"]}]},{\"@type\":\"WebPage\",\"@id\":\"https:\\\/\\\/fronteiralivre.com.br\\\/es\\\/municipalidad-de-cde-apoya-a-medicos-durante-jornada-de-calor\\\/\",\"url\":\"https:\\\/\\\/fronteiralivre.com.br\\\/es\\\/municipalidad-de-cde-apoya-a-medicos-durante-jornada-de-calor\\\/\",\"name\":\"Municipalidad de CDE apoya a m\u00e9dicos durante jornada de calor - Fronteira Livre\",\"isPartOf\":{\"@id\":\"https:\\\/\\\/fronteiralivre.com.br\\\/es\\\/#website\"},\"primaryImageOfPage\":{\"@id\":\"https:\\\/\\\/fronteiralivre.com.br\\\/es\\\/municipalidad-de-cde-apoya-a-medicos-durante-jornada-de-calor\\\/#primaryimage\"},\"image\":{\"@id\":\"https:\\\/\\\/fronteiralivre.com.br\\\/es\\\/municipalidad-de-cde-apoya-a-medicos-durante-jornada-de-calor\\\/#primaryimage\"},\"thumbnailUrl\":\"https:\\\/\\\/fronteiralivre.com.br\\\/es\\\/wp-content\\\/uploads\\\/2026\\\/09\\\/Untitled-design-14.webp\",\"datePublished\":\"2026-09-01T18:02:52+00:00\",\"dateModified\":\"2026-09-01T18:02:53+00:00\",\"author\":{\"@id\":\"https:\\\/\\\/fronteiralivre.com.br\\\/es\\\/#\\\/schema\\\/person\\\/3c3ddfa3b04a2720a84b3f9bdf3dbd6b\"},\"description\":\"Municipalidad de Ciudad del Este acompa\u00f1\u00f3 a m\u00e9dicos movilizados con agua y ensalada de frutas durante una jornada de altas temperaturas\",\"breadcrumb\":{\"@id\":\"https:\\\/\\\/fronteiralivre.com.br\\\/es\\\/municipalidad-de-cde-apoya-a-medicos-durante-jornada-de-calor\\\/#breadcrumb\"},\"inLanguage\":\"es-AR\",\"potentialAction\":[{\"@type\":\"ReadAction\",\"target\":[\"https:\\\/\\\/fronteiralivre.com.br\\\/es\\\/municipalidad-de-cde-apoya-a-medicos-durante-jornada-de-calor\\\/\"]}]},{\"@type\":\"ImageObject\",\"inLanguage\":\"es-AR\",\"@id\":\"https:\\\/\\\/fronteiralivre.com.br\\\/es\\\/municipalidad-de-cde-apoya-a-medicos-durante-jornada-de-calor\\\/#primaryimage\",\"url\":\"https:\\\/\\\/fronteiralivre.com.br\\\/es\\\/wp-content\\\/uploads\\\/2026\\\/09\\\/Untitled-design-14.webp\",\"contentUrl\":\"https:\\\/\\\/fronteiralivre.com.br\\\/es\\\/wp-content\\\/uploads\\\/2026\\\/09\\\/Untitled-design-14.webp\",\"width\":1140,\"height\":570,\"caption\":\"Foto: Divulgaci\u00f3n.\"},{\"@type\":\"BreadcrumbList\",\"@id\":\"https:\\\/\\\/fronteiralivre.com.br\\\/es\\\/municipalidad-de-cde-apoya-a-medicos-durante-jornada-de-calor\\\/#breadcrumb\",\"itemListElement\":[{\"@type\":\"ListItem\",\"position\":1,\"name\":\"Home\",\"item\":\"https:\\\/\\\/fronteiralivre.com.br\\\/es\\\/\"},{\"@type\":\"ListItem\",\"position\":2,\"name\":\"Municipalidad de CDE apoya a m\u00e9dicos durante jornada de calor\"}]},{\"@type\":\"WebSite\",\"@id\":\"https:\\\/\\\/fronteiralivre.com.br\\\/es\\\/#website\",\"url\":\"https:\\\/\\\/fronteiralivre.com.br\\\/es\\\/\",\"name\":\"Fronteira Livre\",\"description\":\"De Foz do Igua\u00e7u para el mundo.\",\"potentialAction\":[{\"@type\":\"SearchAction\",\"target\":{\"@type\":\"EntryPoint\",\"urlTemplate\":\"https:\\\/\\\/fronteiralivre.com.br\\\/es\\\/?s={search_term_string}\"},\"query-input\":{\"@type\":\"PropertyValueSpecification\",\"valueRequired\":true,\"valueName\":\"search_term_string\"}}],\"inLanguage\":\"es-AR\"},{\"@type\":\"Person\",\"@id\":\"https:\\\/\\\/fronteiralivre.com.br\\\/es\\\/#\\\/schema\\\/person\\\/3c3ddfa3b04a2720a84b3f9bdf3dbd6b\",\"name\":\"Steve Rodr\u00edguez\",\"image\":{\"@type\":\"ImageObject\",\"inLanguage\":\"es-AR\",\"@id\":\"https:\\\/\\\/secure.gravatar.com\\\/avatar\\\/fc4acaf4a72962ec0c75e1dba58041dba48457881f6bce3b14ad81e35610c6f3?s=96&d=mm&r=g\",\"url\":\"https:\\\/\\\/secure.gravatar.com\\\/avatar\\\/fc4acaf4a72962ec0c75e1dba58041dba48457881f6bce3b14ad81e35610c6f3?s=96&d=mm&r=g\",\"contentUrl\":\"https:\\\/\\\/secure.gravatar.com\\\/avatar\\\/fc4acaf4a72962ec0c75e1dba58041dba48457881f6bce3b14ad81e35610c6f3?s=96&d=mm&r=g\",\"caption\":\"Steve Rodr\u00edguez\"},\"description\":\"Steve Rodr\u00edguez es reportero de Fronteira Livre, investigador y doctorando en la Universidad Federal de Integraci\u00f3n Latinoamericana (UNILA). Posee una formaci\u00f3n interdisciplinaria en narrativa audiovisual, estudios culturales latinoamericanos y pr\u00e1cticas pedag\u00f3gicas anticoloniales. Su trayectoria articula la creaci\u00f3n art\u00edstica en \u00e1mbitos como el teatro, el cine y la cultura visual con la reflexi\u00f3n cr\u00edtica y la investigaci\u00f3n acad\u00e9mica, desde una perspectiva inspirada en los estudios visuales desarrollados por Nicholas Mirzoeff.\",\"url\":\"https:\\\/\\\/fronteiralivre.com.br\\\/es\\\/author\\\/steverodrigues\\\/\"}]}<\/script>\n<!-- \/ Yoast SEO plugin. -->","yoast_head_json":{"title":"Municipalidad de CDE apoya a m\u00e9dicos durante jornada de calor - Fronteira Livre","description":"Municipalidad de Ciudad del Este acompa\u00f1\u00f3 a m\u00e9dicos movilizados con agua y ensalada de frutas durante una jornada de altas temperaturas","robots":{"index":"index","follow":"follow","max-snippet":"max-snippet:-1","max-image-preview":"max-image-preview:large","max-video-preview":"max-video-preview:-1"},"canonical":"https:\/\/fronteiralivre.com.br\/es\/municipalidad-de-cde-apoya-a-medicos-durante-jornada-de-calor\/","og_locale":"es_ES","og_type":"article","og_title":"Municipalidad de CDE apoya a m\u00e9dicos durante jornada de calor - Fronteira Livre","og_description":"Municipalidad de Ciudad del Este acompa\u00f1\u00f3 a m\u00e9dicos movilizados con agua y ensalada de frutas durante una jornada de altas temperaturas","og_url":"https:\/\/fronteiralivre.com.br\/es\/municipalidad-de-cde-apoya-a-medicos-durante-jornada-de-calor\/","og_site_name":"Fronteira Livre","article_published_time":"2026-09-01T18:02:52+00:00","article_modified_time":"2026-09-01T18:02:53+00:00","og_image":[{"width":1140,"height":570,"url":"https:\/\/fronteiralivre.com.br\/es\/wp-content\/uploads\/2026\/09\/Untitled-design-14.webp","type":"image\/webp"}],"author":"Steve Rodr\u00edguez","twitter_card":"summary_large_image","twitter_misc":{"Escrito por":"Steve Rodr\u00edguez","Tiempo de lectura":"1 minuto"},"schema":{"@context":"https:\/\/schema.org","@graph":[{"@type":"Article","@id":"https:\/\/fronteiralivre.com.br\/es\/municipalidad-de-cde-apoya-a-medicos-durante-jornada-de-calor\/#article","isPartOf":{"@id":"https:\/\/fronteiralivre.com.br\/es\/municipalidad-de-cde-apoya-a-medicos-durante-jornada-de-calor\/"},"author":{"name":"Steve Rodr\u00edguez","@id":"https:\/\/fronteiralivre.com.br\/es\/#\/schema\/person\/3c3ddfa3b04a2720a84b3f9bdf3dbd6b"},"headline":"Municipalidad de CDE apoya a m\u00e9dicos durante jornada de calor","datePublished":"2026-09-01T18:02:52+00:00","dateModified":"2026-09-01T18:02:53+00:00","mainEntityOfPage":{"@id":"https:\/\/fronteiralivre.com.br\/es\/municipalidad-de-cde-apoya-a-medicos-durante-jornada-de-calor\/"},"wordCount":161,"commentCount":0,"image":{"@id":"https:\/\/fronteiralivre.com.br\/es\/municipalidad-de-cde-apoya-a-medicos-durante-jornada-de-calor\/#primaryimage"},"thumbnailUrl":"https:\/\/fronteiralivre.com.br\/es\/wp-content\/uploads\/2026\/09\/Untitled-design-14.webp","keywords":["Derechos Laborales","m\u00e9dicos","movilizaciones","Municipalidad de Ciudad del Este","resoluci\u00f3n","sector m\u00e9dico"],"articleSection":["Triple Frontera"],"inLanguage":"es-AR","potentialAction":[{"@type":"CommentAction","name":"Comment","target":["https:\/\/fronteiralivre.com.br\/es\/municipalidad-de-cde-apoya-a-medicos-durante-jornada-de-calor\/#respond"]}]},{"@type":"WebPage","@id":"https:\/\/fronteiralivre.com.br\/es\/municipalidad-de-cde-apoya-a-medicos-durante-jornada-de-calor\/","url":"https:\/\/fronteiralivre.com.br\/es\/municipalidad-de-cde-apoya-a-medicos-durante-jornada-de-calor\/","name":"Municipalidad de CDE apoya a m\u00e9dicos durante jornada de calor - Fronteira Livre","isPartOf":{"@id":"https:\/\/fronteiralivre.com.br\/es\/#website"},"primaryImageOfPage":{"@id":"https:\/\/fronteiralivre.com.br\/es\/municipalidad-de-cde-apoya-a-medicos-durante-jornada-de-calor\/#primaryimage"},"image":{"@id":"https:\/\/fronteiralivre.com.br\/es\/municipalidad-de-cde-apoya-a-medicos-durante-jornada-de-calor\/#primaryimage"},"thumbnailUrl":"https:\/\/fronteiralivre.com.br\/es\/wp-content\/uploads\/2026\/09\/Untitled-design-14.webp","datePublished":"2026-09-01T18:02:52+00:00","dateModified":"2026-09-01T18:02:53+00:00","author":{"@id":"https:\/\/fronteiralivre.com.br\/es\/#\/schema\/person\/3c3ddfa3b04a2720a84b3f9bdf3dbd6b"},"description":"Municipalidad de Ciudad del Este acompa\u00f1\u00f3 a m\u00e9dicos movilizados con agua y ensalada de frutas durante una jornada de altas temperaturas","breadcrumb":{"@id":"https:\/\/fronteiralivre.com.br\/es\/municipalidad-de-cde-apoya-a-medicos-durante-jornada-de-calor\/#breadcrumb"},"inLanguage":"es-AR","potentialAction":[{"@type":"ReadAction","target":["https:\/\/fronteiralivre.com.br\/es\/municipalidad-de-cde-apoya-a-medicos-durante-jornada-de-calor\/"]}]},{"@type":"ImageObject","inLanguage":"es-AR","@id":"https:\/\/fronteiralivre.com.br\/es\/municipalidad-de-cde-apoya-a-medicos-durante-jornada-de-calor\/#primaryimage","url":"https:\/\/fronteiralivre.com.br\/es\/wp-content\/uploads\/2026\/09\/Untitled-design-14.webp","contentUrl":"https:\/\/fronteiralivre.com.br\/es\/wp-content\/uploads\/2026\/09\/Untitled-design-14.webp","width":1140,"height":570,"caption":"Foto: Divulgaci\u00f3n."},{"@type":"BreadcrumbList","@id":"https:\/\/fronteiralivre.com.br\/es\/municipalidad-de-cde-apoya-a-medicos-durante-jornada-de-calor\/#breadcrumb","itemListElement":[{"@type":"ListItem","position":1,"name":"Home","item":"https:\/\/fronteiralivre.com.br\/es\/"},{"@type":"ListItem","position":2,"name":"Municipalidad de CDE apoya a m\u00e9dicos durante jornada de calor"}]},{"@type":"WebSite","@id":"https:\/\/fronteiralivre.com.br\/es\/#website","url":"https:\/\/fronteiralivre.com.br\/es\/","name":"Fronteira Livre","description":"De Foz do Igua\u00e7u para el mundo.","potentialAction":[{"@type":"SearchAction","target":{"@type":"EntryPoint","urlTemplate":"https:\/\/fronteiralivre.com.br\/es\/?s={search_term_string}"},"query-input":{"@type":"PropertyValueSpecification","valueRequired":true,"valueName":"search_term_string"}}],"inLanguage":"es-AR"},{"@type":"Person","@id":"https:\/\/fronteiralivre.com.br\/es\/#\/schema\/person\/3c3ddfa3b04a2720a84b3f9bdf3dbd6b","name":"Steve Rodr\u00edguez","image":{"@type":"ImageObject","inLanguage":"es-AR","@id":"https:\/\/secure.gravatar.com\/avatar\/fc4acaf4a72962ec0c75e1dba58041dba48457881f6bce3b14ad81e35610c6f3?s=96&d=mm&r=g","url":"https:\/\/secure.gravatar.com\/avatar\/fc4acaf4a72962ec0c75e1dba58041dba48457881f6bce3b14ad81e35610c6f3?s=96&d=mm&r=g","contentUrl":"https:\/\/secure.gravatar.com\/avatar\/fc4acaf4a72962ec0c75e1dba58041dba48457881f6bce3b14ad81e35610c6f3?s=96&d=mm&r=g","caption":"Steve Rodr\u00edguez"},"description":"Steve Rodr\u00edguez es reportero de Fronteira Livre, investigador y doctorando en la Universidad Federal de Integraci\u00f3n Latinoamericana (UNILA). Posee una formaci\u00f3n interdisciplinaria en narrativa audiovisual, estudios culturales latinoamericanos y pr\u00e1cticas pedag\u00f3gicas anticoloniales. Su trayectoria articula la creaci\u00f3n art\u00edstica en \u00e1mbitos como el teatro, el cine y la cultura visual con la reflexi\u00f3n cr\u00edtica y la investigaci\u00f3n acad\u00e9mica, desde una perspectiva inspirada en los estudios visuales desarrollados por Nicholas Mirzoeff.","url":"https:\/\/fronteiralivre.com.br\/es\/author\/steverodrigues\/"}]}},"_links":{"self":[{"href":"https:\/\/fronteiralivre.com.br\/es\/wp-json\/wp\/v2\/posts\/882","targetHints":{"allow":["GET"]}}],"collection":[{"href":"https:\/\/fronteiralivre.com.br\/es\/wp-json\/wp\/v2\/posts"}],"about":[{"href":"https:\/\/fronteiralivre.com.br\/es\/wp-json\/wp\/v2\/types\/post"}],"author":[{"embeddable":true,"href":"https:\/\/fronteiralivre.com.br\/es\/wp-json\/wp\/v2\/users\/7"}],"replies":[{"embeddable":true,"href":"https:\/\/fronteiralivre.com.br\/es\/wp-json\/wp\/v2\/comments?post=882"}],"version-history":[{"count":1,"href":"https:\/\/fronteiralivre.com.br\/es\/wp-json\/wp\/v2\/posts\/882\/revisions"}],"predecessor-version":[{"id":884,"href":"https:\/\/fronteiralivre.com.br\/es\/wp-json\/wp\/v2\/posts\/882\/revisions\/884"}],"wp:featuredmedia":[{"embeddable":true,"href":"https:\/\/fronteiralivre.com.br\/es\/wp-json\/wp\/v2\/media\/883"}],"wp:attachment":[{"href":"https:\/\/fronteiralivre.com.br\/es\/wp-json\/wp\/v2\/media?parent=882"}],"wp:term":[{"taxonomy":"category","embeddable":true,"href":"https:\/\/fronteiralivre.com.br\/es\/wp-json\/wp\/v2\/categories?post=882"},{"taxonomy":"post_tag","embeddable":true,"href":"https:\/\/fronteiralivre.com.br\/es\/wp-json\/wp\/v2\/tags?post=882"}],"curies":[{"name":"wp","href":"https:\/\/api.w.org\/{rel}","templated":true}]}}