{"id":876,"date":"2026-08-31T12:39:16","date_gmt":"2026-08-31T15:39:16","guid":{"rendered":"https:\/\/fronteiralivre.com.br\/es\/?p=876"},"modified":"2026-08-31T12:39:17","modified_gmt":"2026-08-31T15:39:17","slug":"huelga-medicos-paraguay-renuncias-hospitales","status":"publish","type":"post","link":"https:\/\/fronteiralivre.com.br\/es\/huelga-medicos-paraguay-renuncias-hospitales\/","title":{"rendered":"M\u00e9dicos van a huelga general y renuncian en masa en Paraguay"},"content":{"rendered":"\n<p class=\"wp-block-paragraph\"><strong>Asunci\u00f3n, Paraguay \u2013<\/strong> La <strong>huelga de m\u00e9dicos en Paraguay<\/strong> cerr\u00f3 cinco d\u00edas de movilizaciones este viernes 28 sin ning\u00fan acuerdo con el gobierno de Santiago Pe\u00f1a, una situaci\u00f3n que deja al sistema de salud p\u00fablica al borde del colapso. Tras 14 a\u00f1os sin reajustes salariales y en medio del desabastecimiento cr\u00f3nico de insumos b\u00e1sicos en los hospitales, el gremio prepara un paro nacional por tiempo indeterminado y avanza con renuncias colectivas de especialistas que amenazan con suspender la atenci\u00f3n pedi\u00e1trica en todo el pa\u00eds.<\/p>\n\n\n\n<p class=\"wp-block-paragraph\">La crisis escal\u00f3 tras la entrega masiva de pedidos de desvinculaci\u00f3n en los principales centros de referencia nacional. En el Hospital General Pedi\u00e1trico Acosta \u00d1u, 141 de los 164 m\u00e9dicos especialistas \u2014el 86% del plantel\u2014 ya presentaron su renuncia. La medida incluye a cirujanos de alta complejidad, intensivistas y anestesi\u00f3logos. Al mismo tiempo, en el Hospital de Trauma de Asunci\u00f3n, 19 de los 21 terapeutas pedi\u00e1tricos comunicaron su salida inmediata si el Poder Ejecutivo no responde a los reclamos.<\/p>\n\n\n\n<p class=\"wp-block-paragraph\">\u201cEsta es una situaci\u00f3n muy cr\u00edtica y est\u00e1 creando un efecto bola de nieve\u201d, alert\u00f3 Roberto Riveros, cirujano y secretario de la Sociedad Paraguaya de Cirug\u00eda Pedi\u00e1trica. Desde la coordinaci\u00f3n de terapia intensiva del Acosta \u00d1u advirtieron que el mercado laboral paraguayo no cuenta con especialistas suficientes para cubrir estas bajas. Ante el conflicto, la Sociedad Paraguaya de Anestesiolog\u00eda declar\u00f3 formalmente como \u201czona de conflicto\u201d a todas las dependencias del Ministerio de Salud P\u00fablica y Bienestar Social afectadas por las renuncias.<\/p>\n\n\n\n<p class=\"wp-block-paragraph\">Las protestas, convocadas por el Sindicato Nacional de M\u00e9dicos (Sinamed), sumaron el respaldo de enfermeros, estudiantes universitarios y asociaciones de pacientes. El pliego de reclamos contempla cuatro demandas centrales:<\/p>\n\n\n\n<ul class=\"wp-block-list\">\n<li><strong>Reajuste salarial del 76%:<\/strong> para compensar la p\u00e9rdida del poder adquisitivo acumulada desde 2012, a\u00f1o del \u00faltimo aumento otorgado durante la gesti\u00f3n de Fernando Lugo.<\/li>\n\n\n\n<li><strong>Provisi\u00f3n regular de insumos y medicamentos:<\/strong> compra urgente y sostenida de insumos b\u00e1sicos y f\u00e1rmacos esenciales para toda la red de hospitales p\u00fablicos.<\/li>\n\n\n\n<li><strong>Pase a planta permanente:<\/strong> regularizaci\u00f3n laboral e incorporaci\u00f3n formal de cerca de 9.000 trabajadores que operan bajo contratos precarios y sin cobertura laboral plena.<\/li>\n\n\n\n<li><strong>Condiciones operativas y descansos:<\/strong> pago doble por guardias realizadas durante d\u00edas feriados y reducci\u00f3n de la carga horaria para los equipos tercerizados.<\/li>\n<\/ul>\n\n\n\n<p class=\"wp-block-paragraph\">Las mesas de di\u00e1logo entre el gremio y el gobierno terminaron en un punto muerto. La ministra de Salud, Mar\u00eda Teresa Bar\u00e1n, y el ministro de Econom\u00eda, \u00d3scar Lovera, calificaron de \u201cimposible\u201d el financiamiento del reajuste del 76% y propusieron conformar una mesa t\u00e9cnica sobre la carrera sanitaria sin impacto presupuestario para este a\u00f1o. Los m\u00e9dicos rechazaron el planteamiento y propusieron reasignar fondos mediante la eliminaci\u00f3n de los seguros m\u00e9dicos privados que benefician a altos funcionarios del Estado, as\u00ed como la revisi\u00f3n de contratos con empresas tercerizadas; ambas opciones fueron descartadas por el Ejecutivo. Ante la falta de respuestas directas de la presidencia, la C\u00e1mara de Diputados abri\u00f3 una instancia de mediaci\u00f3n para debatir posibles adendas al Presupuesto General de la Naci\u00f3n.<\/p>\n\n\n\n<p class=\"wp-block-paragraph\">El malestar social se traslad\u00f3 a las calles durante toda la semana. En Asunci\u00f3n, profesionales de la salud y estudiantes de la Universidad Nacional de Asunci\u00f3n (UNA) cortaron el tr\u00e1nsito frente a la sede del Ministerio de Econom\u00eda y Finanzas. \u201cPedimos que nuestros m\u00e9dicos sean valorizados y que haya insumos en los hospitales para que nadie tenga que morir por ser pobre\u201d, denunci\u00f3 el dirigente estudiantil Alcides Bord\u00f3n. En el interior del pa\u00eds hubo cierres de rutas en el departamento de Misiones y en Ciudad del Este, en la frontera con Brasil.<\/p>\n\n\n\n<p class=\"wp-block-paragraph\">Durante la \u00faltima jornada, el Sinamed traslad\u00f3 las protestas al departamento de Itap\u00faa, en el sur del pa\u00eds, aprovechando la llegada del Campeonato Mundial de Rally (WRC) para visibilizar la precariedad hospitalaria ante las delegaciones internacionales y las autoridades nacionales presentes.<\/p>\n\n\n\n<p class=\"wp-block-paragraph\">\u201cNo recibimos ninguna respuesta del gobierno, ni ning\u00fan tipo de propuesta, por eso continuaremos protestando\u201d, afirm\u00f3 Rossana Gonz\u00e1lez, secretaria general del Sinamed. El gremio convocar\u00e1 a una asamblea general en los pr\u00f3ximos d\u00edas para definir la fecha de inicio de la huelga general por tiempo indeterminado en todo el territorio paraguayo.<\/p>\n","protected":false},"excerpt":{"rendered":"<p>Asunci\u00f3n, Paraguay \u2013 La huelga de m\u00e9dicos en Paraguay cerr\u00f3 cinco d\u00edas de movilizaciones este viernes 28 sin ning\u00fan acuerdo con el gobierno de Santiago Pe\u00f1a, una situaci\u00f3n que deja al sistema de salud p\u00fablica al borde del colapso. Tras 14 a\u00f1os sin reajustes salariales y en medio del desabastecimiento cr\u00f3nico de insumos b\u00e1sicos en los hospitales, el gremio prepara un paro nacional por tiempo indeterminado y avanza con renuncias colectivas de especialistas que amenazan con suspender la atenci\u00f3n pedi\u00e1trica en todo el pa\u00eds.<\/p>\n","protected":false},"author":2,"featured_media":878,"comment_status":"open","ping_status":"open","sticky":false,"template":"","format":"standard","meta":{"_sub_headline":"Cirujanos, anestesi\u00f3logos e intensivistas pedi\u00e1tricos entregan sus puestos ante la falta de respuestas del Ministerio de Econom\u00eda y Salud.","videourl":"","footnotes":""},"categories":[40],"tags":[1910,2055,2052,2056,2054,87,2053],"class_list":["post-876","post","type-post","status-publish","format-standard","has-post-thumbnail","hentry","category-triple-frontera","tag-crisis-sanitaria","tag-hospital-acosta-nu","tag-huelga-de-medicos-en-paraguay","tag-ministerio-de-salud-paraguay","tag-salud-publica-paraguay","tag-santiago-pena","tag-sinamed"],"yoast_head":"<!-- This site is optimized with the Yoast SEO plugin v28.3 - https:\/\/yoast.com\/product\/yoast-seo-wordpress\/ -->\n<title>M\u00e9dicos van a huelga general y renuncian en masa en Paraguay - Fronteira Livre<\/title>\n<meta name=\"description\" content=\"La huelga de m\u00e9dicos en Paraguay se agrava con renuncias masivas en hospitales pedi\u00e1tricos y el llamado a un paro nacional indefinido.\" \/>\n<meta name=\"robots\" content=\"index, follow, max-snippet:-1, max-image-preview:large, max-video-preview:-1\" \/>\n<link rel=\"canonical\" href=\"https:\/\/fronteiralivre.com.br\/es\/huelga-medicos-paraguay-renuncias-hospitales\/\" \/>\n<meta property=\"og:locale\" content=\"es_ES\" \/>\n<meta property=\"og:type\" content=\"article\" \/>\n<meta property=\"og:title\" content=\"M\u00e9dicos van a huelga general y renuncian en masa en Paraguay - Fronteira Livre\" \/>\n<meta property=\"og:description\" content=\"La huelga de m\u00e9dicos en Paraguay se agrava con renuncias masivas en hospitales pedi\u00e1tricos y el llamado a un paro nacional indefinido.\" \/>\n<meta property=\"og:url\" content=\"https:\/\/fronteiralivre.com.br\/es\/huelga-medicos-paraguay-renuncias-hospitales\/\" \/>\n<meta property=\"og:site_name\" content=\"Fronteira Livre\" \/>\n<meta property=\"article:published_time\" content=\"2026-08-31T15:39:16+00:00\" \/>\n<meta property=\"article:modified_time\" content=\"2026-08-31T15:39:17+00:00\" \/>\n<meta property=\"og:image\" content=\"https:\/\/fronteiralivre.com.br\/es\/wp-content\/uploads\/2026\/08\/Paraguay.webp\" \/>\n\t<meta property=\"og:image:width\" content=\"1140\" \/>\n\t<meta property=\"og:image:height\" content=\"570\" \/>\n\t<meta property=\"og:image:type\" content=\"image\/webp\" \/>\n<meta name=\"author\" content=\"Amilton Farias\" \/>\n<meta name=\"twitter:card\" content=\"summary_large_image\" \/>\n<meta name=\"twitter:label1\" content=\"Escrito por\" \/>\n\t<meta name=\"twitter:data1\" content=\"Amilton Farias\" \/>\n\t<meta name=\"twitter:label2\" content=\"Tiempo de lectura\" \/>\n\t<meta name=\"twitter:data2\" content=\"4 minutos\" \/>\n<script type=\"application\/ld+json\" class=\"yoast-schema-graph\">{\"@context\":\"https:\\\/\\\/schema.org\",\"@graph\":[{\"@type\":\"Article\",\"@id\":\"https:\\\/\\\/fronteiralivre.com.br\\\/es\\\/huelga-medicos-paraguay-renuncias-hospitales\\\/#article\",\"isPartOf\":{\"@id\":\"https:\\\/\\\/fronteiralivre.com.br\\\/es\\\/huelga-medicos-paraguay-renuncias-hospitales\\\/\"},\"author\":{\"name\":\"Amilton Farias\",\"@id\":\"https:\\\/\\\/fronteiralivre.com.br\\\/es\\\/#\\\/schema\\\/person\\\/69b75b5696283ac4f954edef95e172d0\"},\"headline\":\"M\u00e9dicos van a huelga general y renuncian en masa en Paraguay\",\"datePublished\":\"2026-08-31T15:39:16+00:00\",\"dateModified\":\"2026-08-31T15:39:17+00:00\",\"mainEntityOfPage\":{\"@id\":\"https:\\\/\\\/fronteiralivre.com.br\\\/es\\\/huelga-medicos-paraguay-renuncias-hospitales\\\/\"},\"wordCount\":737,\"commentCount\":0,\"image\":{\"@id\":\"https:\\\/\\\/fronteiralivre.com.br\\\/es\\\/huelga-medicos-paraguay-renuncias-hospitales\\\/#primaryimage\"},\"thumbnailUrl\":\"https:\\\/\\\/fronteiralivre.com.br\\\/es\\\/wp-content\\\/uploads\\\/2026\\\/08\\\/Paraguay.webp\",\"keywords\":[\"crisis sanitaria\",\"Hospital Acosta \u00d1u\",\"huelga de m\u00e9dicos en Paraguay\",\"Ministerio de Salud Paraguay\",\"salud p\u00fablica Paraguay\",\"Santiago Pe\u00f1a\",\"Sinamed\"],\"articleSection\":[\"Triple Frontera\"],\"inLanguage\":\"es-AR\",\"potentialAction\":[{\"@type\":\"CommentAction\",\"name\":\"Comment\",\"target\":[\"https:\\\/\\\/fronteiralivre.com.br\\\/es\\\/huelga-medicos-paraguay-renuncias-hospitales\\\/#respond\"]}]},{\"@type\":\"WebPage\",\"@id\":\"https:\\\/\\\/fronteiralivre.com.br\\\/es\\\/huelga-medicos-paraguay-renuncias-hospitales\\\/\",\"url\":\"https:\\\/\\\/fronteiralivre.com.br\\\/es\\\/huelga-medicos-paraguay-renuncias-hospitales\\\/\",\"name\":\"M\u00e9dicos van a huelga general y renuncian en masa en Paraguay - Fronteira Livre\",\"isPartOf\":{\"@id\":\"https:\\\/\\\/fronteiralivre.com.br\\\/es\\\/#website\"},\"primaryImageOfPage\":{\"@id\":\"https:\\\/\\\/fronteiralivre.com.br\\\/es\\\/huelga-medicos-paraguay-renuncias-hospitales\\\/#primaryimage\"},\"image\":{\"@id\":\"https:\\\/\\\/fronteiralivre.com.br\\\/es\\\/huelga-medicos-paraguay-renuncias-hospitales\\\/#primaryimage\"},\"thumbnailUrl\":\"https:\\\/\\\/fronteiralivre.com.br\\\/es\\\/wp-content\\\/uploads\\\/2026\\\/08\\\/Paraguay.webp\",\"datePublished\":\"2026-08-31T15:39:16+00:00\",\"dateModified\":\"2026-08-31T15:39:17+00:00\",\"author\":{\"@id\":\"https:\\\/\\\/fronteiralivre.com.br\\\/es\\\/#\\\/schema\\\/person\\\/69b75b5696283ac4f954edef95e172d0\"},\"description\":\"La huelga de m\u00e9dicos en Paraguay se agrava con renuncias masivas en hospitales pedi\u00e1tricos y el llamado a un paro nacional indefinido.\",\"breadcrumb\":{\"@id\":\"https:\\\/\\\/fronteiralivre.com.br\\\/es\\\/huelga-medicos-paraguay-renuncias-hospitales\\\/#breadcrumb\"},\"inLanguage\":\"es-AR\",\"potentialAction\":[{\"@type\":\"ReadAction\",\"target\":[\"https:\\\/\\\/fronteiralivre.com.br\\\/es\\\/huelga-medicos-paraguay-renuncias-hospitales\\\/\"]}]},{\"@type\":\"ImageObject\",\"inLanguage\":\"es-AR\",\"@id\":\"https:\\\/\\\/fronteiralivre.com.br\\\/es\\\/huelga-medicos-paraguay-renuncias-hospitales\\\/#primaryimage\",\"url\":\"https:\\\/\\\/fronteiralivre.com.br\\\/es\\\/wp-content\\\/uploads\\\/2026\\\/08\\\/Paraguay.webp\",\"contentUrl\":\"https:\\\/\\\/fronteiralivre.com.br\\\/es\\\/wp-content\\\/uploads\\\/2026\\\/08\\\/Paraguay.webp\",\"width\":1140,\"height\":570,\"caption\":\"M\u00e9dicos y estudiantes universitarios se manifiestan frente al Ministerio de Econom\u00eda en Asunci\u00f3n. Foto: Dardo Ram\u00edrez.\"},{\"@type\":\"BreadcrumbList\",\"@id\":\"https:\\\/\\\/fronteiralivre.com.br\\\/es\\\/huelga-medicos-paraguay-renuncias-hospitales\\\/#breadcrumb\",\"itemListElement\":[{\"@type\":\"ListItem\",\"position\":1,\"name\":\"Home\",\"item\":\"https:\\\/\\\/fronteiralivre.com.br\\\/es\\\/\"},{\"@type\":\"ListItem\",\"position\":2,\"name\":\"M\u00e9dicos van a huelga general y renuncian en masa en Paraguay\"}]},{\"@type\":\"WebSite\",\"@id\":\"https:\\\/\\\/fronteiralivre.com.br\\\/es\\\/#website\",\"url\":\"https:\\\/\\\/fronteiralivre.com.br\\\/es\\\/\",\"name\":\"Fronteira Livre\",\"description\":\"De Foz do Igua\u00e7u para el mundo.\",\"potentialAction\":[{\"@type\":\"SearchAction\",\"target\":{\"@type\":\"EntryPoint\",\"urlTemplate\":\"https:\\\/\\\/fronteiralivre.com.br\\\/es\\\/?s={search_term_string}\"},\"query-input\":{\"@type\":\"PropertyValueSpecification\",\"valueRequired\":true,\"valueName\":\"search_term_string\"}}],\"inLanguage\":\"es-AR\"},{\"@type\":\"Person\",\"@id\":\"https:\\\/\\\/fronteiralivre.com.br\\\/es\\\/#\\\/schema\\\/person\\\/69b75b5696283ac4f954edef95e172d0\",\"name\":\"Amilton Farias\",\"image\":{\"@type\":\"ImageObject\",\"inLanguage\":\"es-AR\",\"@id\":\"https:\\\/\\\/secure.gravatar.com\\\/avatar\\\/9fe07c446bf96e74022abf469fb49b43748aab858e89a1702d8dced3b8e2dedf?s=96&d=mm&r=g\",\"url\":\"https:\\\/\\\/secure.gravatar.com\\\/avatar\\\/9fe07c446bf96e74022abf469fb49b43748aab858e89a1702d8dced3b8e2dedf?s=96&d=mm&r=g\",\"contentUrl\":\"https:\\\/\\\/secure.gravatar.com\\\/avatar\\\/9fe07c446bf96e74022abf469fb49b43748aab858e89a1702d8dced3b8e2dedf?s=96&d=mm&r=g\",\"caption\":\"Amilton Farias\"},\"description\":\"Amilton Farias es periodista, fundador y editor de Fronteira Livre. Con experiencia en distintos pa\u00edses de Am\u00e9rica Latina y una trayectoria vinculada al periodismo territorial, escribe sobre las fronteras, los territorios y los procesos pol\u00edticos, sociales y culturales que moldean la realidad de los pueblos latinoamericanos.\",\"sameAs\":[\"https:\\\/\\\/fronteiralivre.com.br\\\/es\\\/\"],\"url\":\"https:\\\/\\\/fronteiralivre.com.br\\\/es\\\/author\\\/amilton\\\/\"}]}<\/script>\n<!-- \/ Yoast SEO plugin. -->","yoast_head_json":{"title":"M\u00e9dicos van a huelga general y renuncian en masa en Paraguay - Fronteira Livre","description":"La huelga de m\u00e9dicos en Paraguay se agrava con renuncias masivas en hospitales pedi\u00e1tricos y el llamado a un paro nacional indefinido.","robots":{"index":"index","follow":"follow","max-snippet":"max-snippet:-1","max-image-preview":"max-image-preview:large","max-video-preview":"max-video-preview:-1"},"canonical":"https:\/\/fronteiralivre.com.br\/es\/huelga-medicos-paraguay-renuncias-hospitales\/","og_locale":"es_ES","og_type":"article","og_title":"M\u00e9dicos van a huelga general y renuncian en masa en Paraguay - Fronteira Livre","og_description":"La huelga de m\u00e9dicos en Paraguay se agrava con renuncias masivas en hospitales pedi\u00e1tricos y el llamado a un paro nacional indefinido.","og_url":"https:\/\/fronteiralivre.com.br\/es\/huelga-medicos-paraguay-renuncias-hospitales\/","og_site_name":"Fronteira Livre","article_published_time":"2026-08-31T15:39:16+00:00","article_modified_time":"2026-08-31T15:39:17+00:00","og_image":[{"width":1140,"height":570,"url":"https:\/\/fronteiralivre.com.br\/es\/wp-content\/uploads\/2026\/08\/Paraguay.webp","type":"image\/webp"}],"author":"Amilton Farias","twitter_card":"summary_large_image","twitter_misc":{"Escrito por":"Amilton Farias","Tiempo de lectura":"4 minutos"},"schema":{"@context":"https:\/\/schema.org","@graph":[{"@type":"Article","@id":"https:\/\/fronteiralivre.com.br\/es\/huelga-medicos-paraguay-renuncias-hospitales\/#article","isPartOf":{"@id":"https:\/\/fronteiralivre.com.br\/es\/huelga-medicos-paraguay-renuncias-hospitales\/"},"author":{"name":"Amilton Farias","@id":"https:\/\/fronteiralivre.com.br\/es\/#\/schema\/person\/69b75b5696283ac4f954edef95e172d0"},"headline":"M\u00e9dicos van a huelga general y renuncian en masa en Paraguay","datePublished":"2026-08-31T15:39:16+00:00","dateModified":"2026-08-31T15:39:17+00:00","mainEntityOfPage":{"@id":"https:\/\/fronteiralivre.com.br\/es\/huelga-medicos-paraguay-renuncias-hospitales\/"},"wordCount":737,"commentCount":0,"image":{"@id":"https:\/\/fronteiralivre.com.br\/es\/huelga-medicos-paraguay-renuncias-hospitales\/#primaryimage"},"thumbnailUrl":"https:\/\/fronteiralivre.com.br\/es\/wp-content\/uploads\/2026\/08\/Paraguay.webp","keywords":["crisis sanitaria","Hospital Acosta \u00d1u","huelga de m\u00e9dicos en Paraguay","Ministerio de Salud Paraguay","salud p\u00fablica Paraguay","Santiago Pe\u00f1a","Sinamed"],"articleSection":["Triple Frontera"],"inLanguage":"es-AR","potentialAction":[{"@type":"CommentAction","name":"Comment","target":["https:\/\/fronteiralivre.com.br\/es\/huelga-medicos-paraguay-renuncias-hospitales\/#respond"]}]},{"@type":"WebPage","@id":"https:\/\/fronteiralivre.com.br\/es\/huelga-medicos-paraguay-renuncias-hospitales\/","url":"https:\/\/fronteiralivre.com.br\/es\/huelga-medicos-paraguay-renuncias-hospitales\/","name":"M\u00e9dicos van a huelga general y renuncian en masa en Paraguay - Fronteira Livre","isPartOf":{"@id":"https:\/\/fronteiralivre.com.br\/es\/#website"},"primaryImageOfPage":{"@id":"https:\/\/fronteiralivre.com.br\/es\/huelga-medicos-paraguay-renuncias-hospitales\/#primaryimage"},"image":{"@id":"https:\/\/fronteiralivre.com.br\/es\/huelga-medicos-paraguay-renuncias-hospitales\/#primaryimage"},"thumbnailUrl":"https:\/\/fronteiralivre.com.br\/es\/wp-content\/uploads\/2026\/08\/Paraguay.webp","datePublished":"2026-08-31T15:39:16+00:00","dateModified":"2026-08-31T15:39:17+00:00","author":{"@id":"https:\/\/fronteiralivre.com.br\/es\/#\/schema\/person\/69b75b5696283ac4f954edef95e172d0"},"description":"La huelga de m\u00e9dicos en Paraguay se agrava con renuncias masivas en hospitales pedi\u00e1tricos y el llamado a un paro nacional indefinido.","breadcrumb":{"@id":"https:\/\/fronteiralivre.com.br\/es\/huelga-medicos-paraguay-renuncias-hospitales\/#breadcrumb"},"inLanguage":"es-AR","potentialAction":[{"@type":"ReadAction","target":["https:\/\/fronteiralivre.com.br\/es\/huelga-medicos-paraguay-renuncias-hospitales\/"]}]},{"@type":"ImageObject","inLanguage":"es-AR","@id":"https:\/\/fronteiralivre.com.br\/es\/huelga-medicos-paraguay-renuncias-hospitales\/#primaryimage","url":"https:\/\/fronteiralivre.com.br\/es\/wp-content\/uploads\/2026\/08\/Paraguay.webp","contentUrl":"https:\/\/fronteiralivre.com.br\/es\/wp-content\/uploads\/2026\/08\/Paraguay.webp","width":1140,"height":570,"caption":"M\u00e9dicos y estudiantes universitarios se manifiestan frente al Ministerio de Econom\u00eda en Asunci\u00f3n. Foto: Dardo Ram\u00edrez."},{"@type":"BreadcrumbList","@id":"https:\/\/fronteiralivre.com.br\/es\/huelga-medicos-paraguay-renuncias-hospitales\/#breadcrumb","itemListElement":[{"@type":"ListItem","position":1,"name":"Home","item":"https:\/\/fronteiralivre.com.br\/es\/"},{"@type":"ListItem","position":2,"name":"M\u00e9dicos van a huelga general y renuncian en masa en Paraguay"}]},{"@type":"WebSite","@id":"https:\/\/fronteiralivre.com.br\/es\/#website","url":"https:\/\/fronteiralivre.com.br\/es\/","name":"Fronteira Livre","description":"De Foz do Igua\u00e7u para el mundo.","potentialAction":[{"@type":"SearchAction","target":{"@type":"EntryPoint","urlTemplate":"https:\/\/fronteiralivre.com.br\/es\/?s={search_term_string}"},"query-input":{"@type":"PropertyValueSpecification","valueRequired":true,"valueName":"search_term_string"}}],"inLanguage":"es-AR"},{"@type":"Person","@id":"https:\/\/fronteiralivre.com.br\/es\/#\/schema\/person\/69b75b5696283ac4f954edef95e172d0","name":"Amilton Farias","image":{"@type":"ImageObject","inLanguage":"es-AR","@id":"https:\/\/secure.gravatar.com\/avatar\/9fe07c446bf96e74022abf469fb49b43748aab858e89a1702d8dced3b8e2dedf?s=96&d=mm&r=g","url":"https:\/\/secure.gravatar.com\/avatar\/9fe07c446bf96e74022abf469fb49b43748aab858e89a1702d8dced3b8e2dedf?s=96&d=mm&r=g","contentUrl":"https:\/\/secure.gravatar.com\/avatar\/9fe07c446bf96e74022abf469fb49b43748aab858e89a1702d8dced3b8e2dedf?s=96&d=mm&r=g","caption":"Amilton Farias"},"description":"Amilton Farias es periodista, fundador y editor de Fronteira Livre. Con experiencia en distintos pa\u00edses de Am\u00e9rica Latina y una trayectoria vinculada al periodismo territorial, escribe sobre las fronteras, los territorios y los procesos pol\u00edticos, sociales y culturales que moldean la realidad de los pueblos latinoamericanos.","sameAs":["https:\/\/fronteiralivre.com.br\/es\/"],"url":"https:\/\/fronteiralivre.com.br\/es\/author\/amilton\/"}]}},"_links":{"self":[{"href":"https:\/\/fronteiralivre.com.br\/es\/wp-json\/wp\/v2\/posts\/876","targetHints":{"allow":["GET"]}}],"collection":[{"href":"https:\/\/fronteiralivre.com.br\/es\/wp-json\/wp\/v2\/posts"}],"about":[{"href":"https:\/\/fronteiralivre.com.br\/es\/wp-json\/wp\/v2\/types\/post"}],"author":[{"embeddable":true,"href":"https:\/\/fronteiralivre.com.br\/es\/wp-json\/wp\/v2\/users\/2"}],"replies":[{"embeddable":true,"href":"https:\/\/fronteiralivre.com.br\/es\/wp-json\/wp\/v2\/comments?post=876"}],"version-history":[{"count":1,"href":"https:\/\/fronteiralivre.com.br\/es\/wp-json\/wp\/v2\/posts\/876\/revisions"}],"predecessor-version":[{"id":879,"href":"https:\/\/fronteiralivre.com.br\/es\/wp-json\/wp\/v2\/posts\/876\/revisions\/879"}],"wp:featuredmedia":[{"embeddable":true,"href":"https:\/\/fronteiralivre.com.br\/es\/wp-json\/wp\/v2\/media\/878"}],"wp:attachment":[{"href":"https:\/\/fronteiralivre.com.br\/es\/wp-json\/wp\/v2\/media?parent=876"}],"wp:term":[{"taxonomy":"category","embeddable":true,"href":"https:\/\/fronteiralivre.com.br\/es\/wp-json\/wp\/v2\/categories?post=876"},{"taxonomy":"post_tag","embeddable":true,"href":"https:\/\/fronteiralivre.com.br\/es\/wp-json\/wp\/v2\/tags?post=876"}],"curies":[{"name":"wp","href":"https:\/\/api.w.org\/{rel}","templated":true}]}}