{"id":872,"date":"2026-08-31T12:24:22","date_gmt":"2026-08-31T15:24:22","guid":{"rendered":"https:\/\/fronteiralivre.com.br\/es\/?p=872"},"modified":"2026-08-31T12:24:22","modified_gmt":"2026-08-31T15:24:22","slug":"acuerdo-petroleo-eeuu-venezuela","status":"publish","type":"post","link":"https:\/\/fronteiralivre.com.br\/es\/acuerdo-petroleo-eeuu-venezuela\/","title":{"rendered":"Rodr\u00edguez fija metas del acuerdo de petr\u00f3leo con EE. UU."},"content":{"rendered":"\n<p class=\"wp-block-paragraph\"><strong>Caracas, Venezuela \u2013<\/strong> La presidenta interina de Venezuela, Delcy Rodr\u00edguez, defendi\u00f3 este s\u00e1bado en cadena nacional de radio y televisi\u00f3n los t\u00e9rminos del nuevo <strong>acuerdo de petr\u00f3leo con EE. UU.<\/strong>, asegurando que el convenio preserva la propiedad estatal sobre los recursos del subsuelo y transfiere los ingresos tributarios directamente hacia \u00e1reas cr\u00edticas como la salud, la educaci\u00f3n, el transporte y los servicios esenciales. El pacto energ\u00e9tico bilateral, formalizado el viernes 28 de agosto tras meses de gestiones diplom\u00e1ticas, establece un marco de operaciones conjuntas con una vigencia de 25 a\u00f1os.<\/p>\n\n\n\n<p class=\"wp-block-paragraph\">El modelo de trabajo acordado opera bajo un esquema de complementariedad industrial. El Estado venezolano mantendr\u00e1 la titularidad del crudo, la red de refiner\u00edas y la mano de obra t\u00e9cnica acumulada por m\u00e1s de cien a\u00f1os en el sector, mientras que las compa\u00f1\u00edas estadounidenses aportar\u00e1n financiamiento directo y maquinaria especializada para reactivar pozos que presentan ca\u00eddas de rendimiento. El plan de intervenci\u00f3n abarca 17 bloques de extracci\u00f3n y fija la meta de superar una producci\u00f3n diaria de 1,5 millones de barriles.<\/p>\n\n\n\n<p class=\"wp-block-paragraph\">\u201cEs in\u00fatil tener nuestras reservas de petr\u00f3leo en el subsuelo solo para figurar en una estad\u00edstica, cuando no podemos convertirlas y traducirlas en desarrollo para Venezuela\u201d, afirm\u00f3 la mandataria durante su mensaje oficial.<\/p>\n\n\n\n<p class=\"wp-block-paragraph\">Rodr\u00edguez tambi\u00e9n sostuvo que las metas del convenio miran al largo plazo: \u201cEstamos comprometidos con un futuro pr\u00f3spero para Venezuela, para que los venezolanos puedan mirar hacia el futuro dentro de un a\u00f1o, cinco a\u00f1os, diez a\u00f1os, cincuenta a\u00f1os. Estamos pensando en la Venezuela del futuro\u201d.<\/p>\n\n\n\n<p class=\"wp-block-paragraph\">En el plano econ\u00f3mico, las proyecciones presentadas desde el Palacio de Miraflores calculan una recaudaci\u00f3n tributaria acumulada de hasta 209.335 millones de d\u00f3lares a lo largo de los 25 a\u00f1os del contrato, tomando como referencia un precio internacional de 65 d\u00f3lares por barril. Dentro de esa estructura de cobro, el tesoro venezolano recibir\u00e1 un ingreso fiscal neto de 19 d\u00f3lares por cada barril colocado en los mercados internacionales.<\/p>\n\n\n\n<p class=\"wp-block-paragraph\">El convenio introduce adem\u00e1s una reforma estructural en las regal\u00edas de la Faja Petrol\u00edfera del Orinoco, estableciendo una tasa m\u00ednima obligatoria del 16%, una cifra muy distante del piso del 1% aplicado en las concesiones de la d\u00e9cada de 1990. La funcionaria descart\u00f3 cualquier entrega o privatizaci\u00f3n de bienes p\u00fablicos en favor de consorcios privados y a\u00f1adi\u00f3 que el programa energ\u00e9tico contempla incrementar las ventas externas de gas natural e impulsar la industria petroqu\u00edmica local.<\/p>\n\n\n\n<p class=\"wp-block-paragraph\">\u201cElegimos el camino de la diplomacia con los EE. UU. para transformar nuestras diferencias en cooperaci\u00f3n\u201d, concluy\u00f3 la mandataria interina.<\/p>\n","protected":false},"excerpt":{"rendered":"<p>Caracas, Venezuela \u2013 La presidenta interina de Venezuela, Delcy Rodr\u00edguez, defendi\u00f3 este s\u00e1bado en cadena nacional de radio y televisi\u00f3n los t\u00e9rminos del nuevo acuerdo de petr\u00f3leo con EE. UU., asegurando que el convenio preserva la propiedad estatal sobre los recursos del subsuelo y transfiere los ingresos tributarios directamente hacia \u00e1reas cr\u00edticas como la salud, la educaci\u00f3n, el transporte y los servicios esenciales. El pacto energ\u00e9tico bilateral, formalizado el viernes 28 de agosto tras meses de gestiones diplom\u00e1ticas, establece un marco de operaciones conjuntas con una vigencia de 25 a\u00f1os.<\/p>\n","protected":false},"author":2,"featured_media":874,"comment_status":"open","ping_status":"open","sticky":false,"template":"","format":"standard","meta":{"_sub_headline":"La presidenta interina asegur\u00f3 que el Estado mantiene la soberan\u00eda del subsuelo y recibir\u00e1 19 d\u00f3lares directos por barril vendido.","videourl":"","footnotes":""},"categories":[31],"tags":[1458,2051,2050,47,2049,1318,736,587],"class_list":["post-872","post","type-post","status-publish","format-standard","has-post-thumbnail","hentry","category-politica","tag-delcy-rodriguez","tag-economia-2","tag-energia-2","tag-estados-unidos","tag-faja-del-orinoco","tag-petroleo","tag-politica-internacional","tag-venezuela"],"yoast_head":"<!-- This site is optimized with the Yoast SEO plugin v28.3 - https:\/\/yoast.com\/product\/yoast-seo-wordpress\/ -->\n<title>Rodr\u00edguez fija metas del acuerdo de petr\u00f3leo con EE. UU. - Fronteira Livre<\/title>\n<meta name=\"description\" content=\"Venezuela formaliz\u00f3 el acuerdo de petr\u00f3leo con EE. UU. a 25 a\u00f1os para elevar la producci\u00f3n y canalizar recursos fiscales a servicios b\u00e1sicos.\" \/>\n<meta name=\"robots\" content=\"index, follow, max-snippet:-1, max-image-preview:large, max-video-preview:-1\" \/>\n<link rel=\"canonical\" href=\"https:\/\/fronteiralivre.com.br\/es\/acuerdo-petroleo-eeuu-venezuela\/\" \/>\n<meta property=\"og:locale\" content=\"es_ES\" \/>\n<meta property=\"og:type\" content=\"article\" \/>\n<meta property=\"og:title\" content=\"Rodr\u00edguez fija metas del acuerdo de petr\u00f3leo con EE. UU. - Fronteira Livre\" \/>\n<meta property=\"og:description\" content=\"Venezuela formaliz\u00f3 el acuerdo de petr\u00f3leo con EE. UU. a 25 a\u00f1os para elevar la producci\u00f3n y canalizar recursos fiscales a servicios b\u00e1sicos.\" \/>\n<meta property=\"og:url\" content=\"https:\/\/fronteiralivre.com.br\/es\/acuerdo-petroleo-eeuu-venezuela\/\" \/>\n<meta property=\"og:site_name\" content=\"Fronteira Livre\" \/>\n<meta property=\"article:published_time\" content=\"2026-08-31T15:24:22+00:00\" \/>\n<meta property=\"og:image\" content=\"https:\/\/fronteiralivre.com.br\/es\/wp-content\/uploads\/2026\/08\/Venezzuela.webp\" \/>\n\t<meta property=\"og:image:width\" content=\"1140\" \/>\n\t<meta property=\"og:image:height\" content=\"569\" \/>\n\t<meta property=\"og:image:type\" content=\"image\/webp\" \/>\n<meta name=\"author\" content=\"Amilton Farias\" \/>\n<meta name=\"twitter:card\" content=\"summary_large_image\" \/>\n<meta name=\"twitter:label1\" content=\"Escrito por\" \/>\n\t<meta name=\"twitter:data1\" content=\"Amilton Farias\" \/>\n\t<meta name=\"twitter:label2\" content=\"Tiempo de lectura\" \/>\n\t<meta name=\"twitter:data2\" content=\"3 minutos\" \/>\n<script type=\"application\/ld+json\" class=\"yoast-schema-graph\">{\"@context\":\"https:\\\/\\\/schema.org\",\"@graph\":[{\"@type\":\"Article\",\"@id\":\"https:\\\/\\\/fronteiralivre.com.br\\\/es\\\/acuerdo-petroleo-eeuu-venezuela\\\/#article\",\"isPartOf\":{\"@id\":\"https:\\\/\\\/fronteiralivre.com.br\\\/es\\\/acuerdo-petroleo-eeuu-venezuela\\\/\"},\"author\":{\"name\":\"Amilton Farias\",\"@id\":\"https:\\\/\\\/fronteiralivre.com.br\\\/es\\\/#\\\/schema\\\/person\\\/69b75b5696283ac4f954edef95e172d0\"},\"headline\":\"Rodr\u00edguez fija metas del acuerdo de petr\u00f3leo con EE. UU.\",\"datePublished\":\"2026-08-31T15:24:22+00:00\",\"mainEntityOfPage\":{\"@id\":\"https:\\\/\\\/fronteiralivre.com.br\\\/es\\\/acuerdo-petroleo-eeuu-venezuela\\\/\"},\"wordCount\":460,\"commentCount\":0,\"image\":{\"@id\":\"https:\\\/\\\/fronteiralivre.com.br\\\/es\\\/acuerdo-petroleo-eeuu-venezuela\\\/#primaryimage\"},\"thumbnailUrl\":\"https:\\\/\\\/fronteiralivre.com.br\\\/es\\\/wp-content\\\/uploads\\\/2026\\\/08\\\/Venezzuela.webp\",\"keywords\":[\"Delcy Rodr\u00edguez\",\"Econom\u00eda\",\"Energ\u00eda\",\"Estados Unidos\",\"Faja del Orinoco\",\"Petr\u00f3leo\",\"pol\u00edtica internacional\",\"Venezuela\"],\"articleSection\":[\"Pol\u00edtica\"],\"inLanguage\":\"es-AR\",\"potentialAction\":[{\"@type\":\"CommentAction\",\"name\":\"Comment\",\"target\":[\"https:\\\/\\\/fronteiralivre.com.br\\\/es\\\/acuerdo-petroleo-eeuu-venezuela\\\/#respond\"]}]},{\"@type\":\"WebPage\",\"@id\":\"https:\\\/\\\/fronteiralivre.com.br\\\/es\\\/acuerdo-petroleo-eeuu-venezuela\\\/\",\"url\":\"https:\\\/\\\/fronteiralivre.com.br\\\/es\\\/acuerdo-petroleo-eeuu-venezuela\\\/\",\"name\":\"Rodr\u00edguez fija metas del acuerdo de petr\u00f3leo con EE. UU. - Fronteira Livre\",\"isPartOf\":{\"@id\":\"https:\\\/\\\/fronteiralivre.com.br\\\/es\\\/#website\"},\"primaryImageOfPage\":{\"@id\":\"https:\\\/\\\/fronteiralivre.com.br\\\/es\\\/acuerdo-petroleo-eeuu-venezuela\\\/#primaryimage\"},\"image\":{\"@id\":\"https:\\\/\\\/fronteiralivre.com.br\\\/es\\\/acuerdo-petroleo-eeuu-venezuela\\\/#primaryimage\"},\"thumbnailUrl\":\"https:\\\/\\\/fronteiralivre.com.br\\\/es\\\/wp-content\\\/uploads\\\/2026\\\/08\\\/Venezzuela.webp\",\"datePublished\":\"2026-08-31T15:24:22+00:00\",\"author\":{\"@id\":\"https:\\\/\\\/fronteiralivre.com.br\\\/es\\\/#\\\/schema\\\/person\\\/69b75b5696283ac4f954edef95e172d0\"},\"description\":\"Venezuela formaliz\u00f3 el acuerdo de petr\u00f3leo con EE. UU. a 25 a\u00f1os para elevar la producci\u00f3n y canalizar recursos fiscales a servicios b\u00e1sicos.\",\"breadcrumb\":{\"@id\":\"https:\\\/\\\/fronteiralivre.com.br\\\/es\\\/acuerdo-petroleo-eeuu-venezuela\\\/#breadcrumb\"},\"inLanguage\":\"es-AR\",\"potentialAction\":[{\"@type\":\"ReadAction\",\"target\":[\"https:\\\/\\\/fronteiralivre.com.br\\\/es\\\/acuerdo-petroleo-eeuu-venezuela\\\/\"]}]},{\"@type\":\"ImageObject\",\"inLanguage\":\"es-AR\",\"@id\":\"https:\\\/\\\/fronteiralivre.com.br\\\/es\\\/acuerdo-petroleo-eeuu-venezuela\\\/#primaryimage\",\"url\":\"https:\\\/\\\/fronteiralivre.com.br\\\/es\\\/wp-content\\\/uploads\\\/2026\\\/08\\\/Venezzuela.webp\",\"contentUrl\":\"https:\\\/\\\/fronteiralivre.com.br\\\/es\\\/wp-content\\\/uploads\\\/2026\\\/08\\\/Venezzuela.webp\",\"width\":1140,\"height\":569,\"caption\":\"Delcy Rodr\u00edguez durante su alocuci\u00f3n en cadena nacional sobre el tratado energ\u00e9tico binacional. Foto: Asesor\u00eda de Prensa de la Presidencia de Venezuela\"},{\"@type\":\"BreadcrumbList\",\"@id\":\"https:\\\/\\\/fronteiralivre.com.br\\\/es\\\/acuerdo-petroleo-eeuu-venezuela\\\/#breadcrumb\",\"itemListElement\":[{\"@type\":\"ListItem\",\"position\":1,\"name\":\"Home\",\"item\":\"https:\\\/\\\/fronteiralivre.com.br\\\/es\\\/\"},{\"@type\":\"ListItem\",\"position\":2,\"name\":\"Rodr\u00edguez fija metas del acuerdo de petr\u00f3leo con EE. UU.\"}]},{\"@type\":\"WebSite\",\"@id\":\"https:\\\/\\\/fronteiralivre.com.br\\\/es\\\/#website\",\"url\":\"https:\\\/\\\/fronteiralivre.com.br\\\/es\\\/\",\"name\":\"Fronteira Livre\",\"description\":\"De Foz do Igua\u00e7u para el mundo.\",\"potentialAction\":[{\"@type\":\"SearchAction\",\"target\":{\"@type\":\"EntryPoint\",\"urlTemplate\":\"https:\\\/\\\/fronteiralivre.com.br\\\/es\\\/?s={search_term_string}\"},\"query-input\":{\"@type\":\"PropertyValueSpecification\",\"valueRequired\":true,\"valueName\":\"search_term_string\"}}],\"inLanguage\":\"es-AR\"},{\"@type\":\"Person\",\"@id\":\"https:\\\/\\\/fronteiralivre.com.br\\\/es\\\/#\\\/schema\\\/person\\\/69b75b5696283ac4f954edef95e172d0\",\"name\":\"Amilton Farias\",\"image\":{\"@type\":\"ImageObject\",\"inLanguage\":\"es-AR\",\"@id\":\"https:\\\/\\\/secure.gravatar.com\\\/avatar\\\/9fe07c446bf96e74022abf469fb49b43748aab858e89a1702d8dced3b8e2dedf?s=96&d=mm&r=g\",\"url\":\"https:\\\/\\\/secure.gravatar.com\\\/avatar\\\/9fe07c446bf96e74022abf469fb49b43748aab858e89a1702d8dced3b8e2dedf?s=96&d=mm&r=g\",\"contentUrl\":\"https:\\\/\\\/secure.gravatar.com\\\/avatar\\\/9fe07c446bf96e74022abf469fb49b43748aab858e89a1702d8dced3b8e2dedf?s=96&d=mm&r=g\",\"caption\":\"Amilton Farias\"},\"description\":\"Amilton Farias es periodista, fundador y editor de Fronteira Livre. Con experiencia en distintos pa\u00edses de Am\u00e9rica Latina y una trayectoria vinculada al periodismo territorial, escribe sobre las fronteras, los territorios y los procesos pol\u00edticos, sociales y culturales que moldean la realidad de los pueblos latinoamericanos.\",\"sameAs\":[\"https:\\\/\\\/fronteiralivre.com.br\\\/es\\\/\"],\"url\":\"https:\\\/\\\/fronteiralivre.com.br\\\/es\\\/author\\\/amilton\\\/\"}]}<\/script>\n<!-- \/ Yoast SEO plugin. -->","yoast_head_json":{"title":"Rodr\u00edguez fija metas del acuerdo de petr\u00f3leo con EE. UU. - Fronteira Livre","description":"Venezuela formaliz\u00f3 el acuerdo de petr\u00f3leo con EE. UU. a 25 a\u00f1os para elevar la producci\u00f3n y canalizar recursos fiscales a servicios b\u00e1sicos.","robots":{"index":"index","follow":"follow","max-snippet":"max-snippet:-1","max-image-preview":"max-image-preview:large","max-video-preview":"max-video-preview:-1"},"canonical":"https:\/\/fronteiralivre.com.br\/es\/acuerdo-petroleo-eeuu-venezuela\/","og_locale":"es_ES","og_type":"article","og_title":"Rodr\u00edguez fija metas del acuerdo de petr\u00f3leo con EE. UU. - Fronteira Livre","og_description":"Venezuela formaliz\u00f3 el acuerdo de petr\u00f3leo con EE. UU. a 25 a\u00f1os para elevar la producci\u00f3n y canalizar recursos fiscales a servicios b\u00e1sicos.","og_url":"https:\/\/fronteiralivre.com.br\/es\/acuerdo-petroleo-eeuu-venezuela\/","og_site_name":"Fronteira Livre","article_published_time":"2026-08-31T15:24:22+00:00","og_image":[{"width":1140,"height":569,"url":"https:\/\/fronteiralivre.com.br\/es\/wp-content\/uploads\/2026\/08\/Venezzuela.webp","type":"image\/webp"}],"author":"Amilton Farias","twitter_card":"summary_large_image","twitter_misc":{"Escrito por":"Amilton Farias","Tiempo de lectura":"3 minutos"},"schema":{"@context":"https:\/\/schema.org","@graph":[{"@type":"Article","@id":"https:\/\/fronteiralivre.com.br\/es\/acuerdo-petroleo-eeuu-venezuela\/#article","isPartOf":{"@id":"https:\/\/fronteiralivre.com.br\/es\/acuerdo-petroleo-eeuu-venezuela\/"},"author":{"name":"Amilton Farias","@id":"https:\/\/fronteiralivre.com.br\/es\/#\/schema\/person\/69b75b5696283ac4f954edef95e172d0"},"headline":"Rodr\u00edguez fija metas del acuerdo de petr\u00f3leo con EE. UU.","datePublished":"2026-08-31T15:24:22+00:00","mainEntityOfPage":{"@id":"https:\/\/fronteiralivre.com.br\/es\/acuerdo-petroleo-eeuu-venezuela\/"},"wordCount":460,"commentCount":0,"image":{"@id":"https:\/\/fronteiralivre.com.br\/es\/acuerdo-petroleo-eeuu-venezuela\/#primaryimage"},"thumbnailUrl":"https:\/\/fronteiralivre.com.br\/es\/wp-content\/uploads\/2026\/08\/Venezzuela.webp","keywords":["Delcy Rodr\u00edguez","Econom\u00eda","Energ\u00eda","Estados Unidos","Faja del Orinoco","Petr\u00f3leo","pol\u00edtica internacional","Venezuela"],"articleSection":["Pol\u00edtica"],"inLanguage":"es-AR","potentialAction":[{"@type":"CommentAction","name":"Comment","target":["https:\/\/fronteiralivre.com.br\/es\/acuerdo-petroleo-eeuu-venezuela\/#respond"]}]},{"@type":"WebPage","@id":"https:\/\/fronteiralivre.com.br\/es\/acuerdo-petroleo-eeuu-venezuela\/","url":"https:\/\/fronteiralivre.com.br\/es\/acuerdo-petroleo-eeuu-venezuela\/","name":"Rodr\u00edguez fija metas del acuerdo de petr\u00f3leo con EE. UU. - Fronteira Livre","isPartOf":{"@id":"https:\/\/fronteiralivre.com.br\/es\/#website"},"primaryImageOfPage":{"@id":"https:\/\/fronteiralivre.com.br\/es\/acuerdo-petroleo-eeuu-venezuela\/#primaryimage"},"image":{"@id":"https:\/\/fronteiralivre.com.br\/es\/acuerdo-petroleo-eeuu-venezuela\/#primaryimage"},"thumbnailUrl":"https:\/\/fronteiralivre.com.br\/es\/wp-content\/uploads\/2026\/08\/Venezzuela.webp","datePublished":"2026-08-31T15:24:22+00:00","author":{"@id":"https:\/\/fronteiralivre.com.br\/es\/#\/schema\/person\/69b75b5696283ac4f954edef95e172d0"},"description":"Venezuela formaliz\u00f3 el acuerdo de petr\u00f3leo con EE. UU. a 25 a\u00f1os para elevar la producci\u00f3n y canalizar recursos fiscales a servicios b\u00e1sicos.","breadcrumb":{"@id":"https:\/\/fronteiralivre.com.br\/es\/acuerdo-petroleo-eeuu-venezuela\/#breadcrumb"},"inLanguage":"es-AR","potentialAction":[{"@type":"ReadAction","target":["https:\/\/fronteiralivre.com.br\/es\/acuerdo-petroleo-eeuu-venezuela\/"]}]},{"@type":"ImageObject","inLanguage":"es-AR","@id":"https:\/\/fronteiralivre.com.br\/es\/acuerdo-petroleo-eeuu-venezuela\/#primaryimage","url":"https:\/\/fronteiralivre.com.br\/es\/wp-content\/uploads\/2026\/08\/Venezzuela.webp","contentUrl":"https:\/\/fronteiralivre.com.br\/es\/wp-content\/uploads\/2026\/08\/Venezzuela.webp","width":1140,"height":569,"caption":"Delcy Rodr\u00edguez durante su alocuci\u00f3n en cadena nacional sobre el tratado energ\u00e9tico binacional. Foto: Asesor\u00eda de Prensa de la Presidencia de Venezuela"},{"@type":"BreadcrumbList","@id":"https:\/\/fronteiralivre.com.br\/es\/acuerdo-petroleo-eeuu-venezuela\/#breadcrumb","itemListElement":[{"@type":"ListItem","position":1,"name":"Home","item":"https:\/\/fronteiralivre.com.br\/es\/"},{"@type":"ListItem","position":2,"name":"Rodr\u00edguez fija metas del acuerdo de petr\u00f3leo con EE. UU."}]},{"@type":"WebSite","@id":"https:\/\/fronteiralivre.com.br\/es\/#website","url":"https:\/\/fronteiralivre.com.br\/es\/","name":"Fronteira Livre","description":"De Foz do Igua\u00e7u para el mundo.","potentialAction":[{"@type":"SearchAction","target":{"@type":"EntryPoint","urlTemplate":"https:\/\/fronteiralivre.com.br\/es\/?s={search_term_string}"},"query-input":{"@type":"PropertyValueSpecification","valueRequired":true,"valueName":"search_term_string"}}],"inLanguage":"es-AR"},{"@type":"Person","@id":"https:\/\/fronteiralivre.com.br\/es\/#\/schema\/person\/69b75b5696283ac4f954edef95e172d0","name":"Amilton Farias","image":{"@type":"ImageObject","inLanguage":"es-AR","@id":"https:\/\/secure.gravatar.com\/avatar\/9fe07c446bf96e74022abf469fb49b43748aab858e89a1702d8dced3b8e2dedf?s=96&d=mm&r=g","url":"https:\/\/secure.gravatar.com\/avatar\/9fe07c446bf96e74022abf469fb49b43748aab858e89a1702d8dced3b8e2dedf?s=96&d=mm&r=g","contentUrl":"https:\/\/secure.gravatar.com\/avatar\/9fe07c446bf96e74022abf469fb49b43748aab858e89a1702d8dced3b8e2dedf?s=96&d=mm&r=g","caption":"Amilton Farias"},"description":"Amilton Farias es periodista, fundador y editor de Fronteira Livre. Con experiencia en distintos pa\u00edses de Am\u00e9rica Latina y una trayectoria vinculada al periodismo territorial, escribe sobre las fronteras, los territorios y los procesos pol\u00edticos, sociales y culturales que moldean la realidad de los pueblos latinoamericanos.","sameAs":["https:\/\/fronteiralivre.com.br\/es\/"],"url":"https:\/\/fronteiralivre.com.br\/es\/author\/amilton\/"}]}},"_links":{"self":[{"href":"https:\/\/fronteiralivre.com.br\/es\/wp-json\/wp\/v2\/posts\/872","targetHints":{"allow":["GET"]}}],"collection":[{"href":"https:\/\/fronteiralivre.com.br\/es\/wp-json\/wp\/v2\/posts"}],"about":[{"href":"https:\/\/fronteiralivre.com.br\/es\/wp-json\/wp\/v2\/types\/post"}],"author":[{"embeddable":true,"href":"https:\/\/fronteiralivre.com.br\/es\/wp-json\/wp\/v2\/users\/2"}],"replies":[{"embeddable":true,"href":"https:\/\/fronteiralivre.com.br\/es\/wp-json\/wp\/v2\/comments?post=872"}],"version-history":[{"count":1,"href":"https:\/\/fronteiralivre.com.br\/es\/wp-json\/wp\/v2\/posts\/872\/revisions"}],"predecessor-version":[{"id":875,"href":"https:\/\/fronteiralivre.com.br\/es\/wp-json\/wp\/v2\/posts\/872\/revisions\/875"}],"wp:featuredmedia":[{"embeddable":true,"href":"https:\/\/fronteiralivre.com.br\/es\/wp-json\/wp\/v2\/media\/874"}],"wp:attachment":[{"href":"https:\/\/fronteiralivre.com.br\/es\/wp-json\/wp\/v2\/media?parent=872"}],"wp:term":[{"taxonomy":"category","embeddable":true,"href":"https:\/\/fronteiralivre.com.br\/es\/wp-json\/wp\/v2\/categories?post=872"},{"taxonomy":"post_tag","embeddable":true,"href":"https:\/\/fronteiralivre.com.br\/es\/wp-json\/wp\/v2\/tags?post=872"}],"curies":[{"name":"wp","href":"https:\/\/api.w.org\/{rel}","templated":true}]}}