{"id":866,"date":"2026-08-31T12:15:21","date_gmt":"2026-08-31T15:15:21","guid":{"rendered":"https:\/\/fronteiralivre.com.br\/es\/?p=866"},"modified":"2026-08-31T12:15:22","modified_gmt":"2026-08-31T15:15:22","slug":"condena-lenin-moreno-prision-ecuador","status":"publish","type":"post","link":"https:\/\/fronteiralivre.com.br\/es\/condena-lenin-moreno-prision-ecuador\/","title":{"rendered":"Condena a Len\u00edn Moreno: 5 a\u00f1os de c\u00e1rcel por cohecho en Ecuador"},"content":{"rendered":"\n<p class=\"wp-block-paragraph\"><strong>Quito, Ecuador \u2013<\/strong> La Corte Nacional de Justicia de Ecuador dict\u00f3 una condena de cinco a\u00f1os de prisi\u00f3n contra el expresidente Len\u00edn Moreno por el delito de cohecho. El tribunal declar\u00f3 culpable al exmandatario de recibir sobornos para facilitar el financiamiento estatal de la central hidroel\u00e9ctrica Coca Codo Sinclair, la mayor planta de generaci\u00f3n energ\u00e9tica del pa\u00eds, construida por la firma estatal china Sinohydro. El fallo fij\u00f3 la pena m\u00e1xima legal y la inhabilitaci\u00f3n absoluta y de por vida de Moreno para ocupar cargos p\u00fablicos.<\/p>\n\n\n\n<p class=\"wp-block-paragraph\">Los hechos juzgados ocurrieron mientras Moreno ejerc\u00eda la vicepresidencia durante el gobierno de Rafael Correa (2007\u20132017). Seg\u00fan el expediente judicial, Sinohydro distribuy\u00f3 76 millones de d\u00f3lares en sobornos para asegurar la adjudicaci\u00f3n y los contratos de la planta de 1.500 megavatios, financiada por el Banco de Exportaci\u00f3n e Importaci\u00f3n de China (Eximbank). La Fiscal\u00eda General del Estado demostr\u00f3 que m\u00e1s de 1 mill\u00f3n de d\u00f3lares de ese esquema global lleg\u00f3 de forma directa a Moreno, a sus familiares y a personas de su entorno \u00edntimo mediante empresas de fachada.<\/p>\n\n\n\n<p class=\"wp-block-paragraph\">Los magistrados determinaron que Moreno intervino en gestiones fuera de sus competencias oficiales de vicepresidente con el prop\u00f3sito deliberado de beneficiar a la compa\u00f1\u00eda extranjera. Junto al expresidente fueron juzgadas otras 20 personas. La justicia sentenci\u00f3 a la exprimera dama Roc\u00edo Gonz\u00e1lez, a su hija Irina Moreno y a los hermanos del exmandatario, Edwin y Guillermo Moreno, a cumplir dos a\u00f1os y seis meses de c\u00e1rcel cada uno. Su cu\u00f1ada, Marta Gonz\u00e1lez, recibi\u00f3 la misma pena de dos a\u00f1os y medio. Por su parte, el empresario Conto Pati\u00f1o, amigo personal de Moreno, y el exembajador de China en Ecuador, Cai Runguo, recibieron condenas de cinco a\u00f1os de prisi\u00f3n.<\/p>\n\n\n\n<p class=\"wp-block-paragraph\">En materia econ\u00f3mica, la sentencia obliga a Moreno a restituir al Estado ecuatoriano el triple del dinero recibido ilegalmente, un monto que asciende a unos 58.026 d\u00f3lares. Sus familiares deber\u00e1n pagar tambi\u00e9n el triple de las sumas recibidas, mientras que el resto de los condenados restituir\u00e1 entre dos y tres veces las cantidades cobradas. El fallo suspendi\u00f3 los derechos pol\u00edticos de todos los implicados durante el tiempo que duren sus penas y orden\u00f3 que ofrezcan disculpas p\u00fablicas a la sociedad ecuatoriana.<\/p>\n\n\n\n<p class=\"wp-block-paragraph\">Tras conocerse la resoluci\u00f3n, Moreno, de 73 a\u00f1os, neg\u00f3 haber recibido pagos de la empresa china y afirm\u00f3 ser v\u00edctima de persecuci\u00f3n. El exmandatario asegur\u00f3 que el juicio responde a una venganza pol\u00edtica orquestada por Rafael Correa. Su defensa argument\u00f3 que, al llegar al poder en 2017, Moreno orden\u00f3 auditar las obras con fallas t\u00e9cnicas construidas en el per\u00edodo anterior, entre ellas Coca Codo Sinclair, que presenta m\u00e1s de 17.000 fisuras y grietas estructurales. Correa, quien tambi\u00e9n tiene una condena firme por corrupci\u00f3n en Ecuador, reside actualmente en B\u00e9lgica.<\/p>\n","protected":false},"excerpt":{"rendered":"<p>Quito, Ecuador \u2013 La Corte Nacional de Justicia de Ecuador dict\u00f3 una condena de cinco a\u00f1os de prisi\u00f3n contra el expresidente Len\u00edn Moreno por el delito de cohecho. El tribunal declar\u00f3 culpable al exmandatario de recibir sobornos para facilitar el financiamiento estatal de la central hidroel\u00e9ctrica Coca Codo Sinclair, la mayor planta de generaci\u00f3n energ\u00e9tica del pa\u00eds, construida por la firma estatal china Sinohydro. El fallo fij\u00f3 la pena m\u00e1xima legal y la inhabilitaci\u00f3n absoluta y de por vida de Moreno para ocupar cargos p\u00fablicos.<\/p>\n","protected":false},"author":2,"featured_media":870,"comment_status":"open","ping_status":"open","sticky":false,"template":"","format":"standard","meta":{"_sub_headline":"La sentencia inhabilita de por vida al expresidente e impone penas de c\u00e1rcel para su esposa, su hija, sus hermanos y un exembajador chino.","videourl":"","footnotes":""},"categories":[31],"tags":[2046,1281,2047,199,64,2048,2044,69,2045],"class_list":["post-866","post","type-post","status-publish","format-standard","has-post-thumbnail","hentry","category-politica","tag-coca-codo-sinclair","tag-corrupcion","tag-corte-nacional-de-justicia","tag-derechos-humanos","tag-ecuador","tag-justicia-latinoamericana","tag-lenin-moreno","tag-rafael-correa","tag-sinohydro"],"yoast_head":"<!-- This site is optimized with the Yoast SEO plugin v28.3 - https:\/\/yoast.com\/product\/yoast-seo-wordpress\/ -->\n<title>Condena a Len\u00edn Moreno: 5 a\u00f1os de c\u00e1rcel por cohecho en Ecuador - Fronteira Livre<\/title>\n<meta name=\"description\" content=\"Justicia de Ecuador dicta condena a Len\u00edn Moreno a cinco a\u00f1os de prisi\u00f3n por sobornos millonarios en la hidroel\u00e9ctrica Coca Codo Sinclair.\" \/>\n<meta name=\"robots\" content=\"index, follow, max-snippet:-1, max-image-preview:large, max-video-preview:-1\" \/>\n<link rel=\"canonical\" href=\"https:\/\/fronteiralivre.com.br\/es\/condena-lenin-moreno-prision-ecuador\/\" \/>\n<meta property=\"og:locale\" content=\"es_ES\" \/>\n<meta property=\"og:type\" content=\"article\" \/>\n<meta property=\"og:title\" content=\"Condena a Len\u00edn Moreno: 5 a\u00f1os de c\u00e1rcel por cohecho en Ecuador - Fronteira Livre\" \/>\n<meta property=\"og:description\" content=\"Justicia de Ecuador dicta condena a Len\u00edn Moreno a cinco a\u00f1os de prisi\u00f3n por sobornos millonarios en la hidroel\u00e9ctrica Coca Codo Sinclair.\" \/>\n<meta property=\"og:url\" content=\"https:\/\/fronteiralivre.com.br\/es\/condena-lenin-moreno-prision-ecuador\/\" \/>\n<meta property=\"og:site_name\" content=\"Fronteira Livre\" \/>\n<meta property=\"article:published_time\" content=\"2026-08-31T15:15:21+00:00\" \/>\n<meta property=\"article:modified_time\" content=\"2026-08-31T15:15:22+00:00\" \/>\n<meta property=\"og:image\" content=\"https:\/\/fronteiralivre.com.br\/es\/wp-content\/uploads\/2026\/08\/Lenin.webp\" \/>\n\t<meta property=\"og:image:width\" content=\"1140\" \/>\n\t<meta property=\"og:image:height\" content=\"570\" \/>\n\t<meta property=\"og:image:type\" content=\"image\/webp\" \/>\n<meta name=\"author\" content=\"Amilton Farias\" \/>\n<meta name=\"twitter:card\" content=\"summary_large_image\" \/>\n<meta name=\"twitter:label1\" content=\"Escrito por\" \/>\n\t<meta name=\"twitter:data1\" content=\"Amilton Farias\" \/>\n\t<meta name=\"twitter:label2\" content=\"Tiempo de lectura\" \/>\n\t<meta name=\"twitter:data2\" content=\"3 minutos\" \/>\n<script type=\"application\/ld+json\" class=\"yoast-schema-graph\">{\"@context\":\"https:\\\/\\\/schema.org\",\"@graph\":[{\"@type\":\"Article\",\"@id\":\"https:\\\/\\\/fronteiralivre.com.br\\\/es\\\/condena-lenin-moreno-prision-ecuador\\\/#article\",\"isPartOf\":{\"@id\":\"https:\\\/\\\/fronteiralivre.com.br\\\/es\\\/condena-lenin-moreno-prision-ecuador\\\/\"},\"author\":{\"name\":\"Amilton Farias\",\"@id\":\"https:\\\/\\\/fronteiralivre.com.br\\\/es\\\/#\\\/schema\\\/person\\\/69b75b5696283ac4f954edef95e172d0\"},\"headline\":\"Condena a Len\u00edn Moreno: 5 a\u00f1os de c\u00e1rcel por cohecho en Ecuador\",\"datePublished\":\"2026-08-31T15:15:21+00:00\",\"dateModified\":\"2026-08-31T15:15:22+00:00\",\"mainEntityOfPage\":{\"@id\":\"https:\\\/\\\/fronteiralivre.com.br\\\/es\\\/condena-lenin-moreno-prision-ecuador\\\/\"},\"wordCount\":505,\"commentCount\":0,\"image\":{\"@id\":\"https:\\\/\\\/fronteiralivre.com.br\\\/es\\\/condena-lenin-moreno-prision-ecuador\\\/#primaryimage\"},\"thumbnailUrl\":\"https:\\\/\\\/fronteiralivre.com.br\\\/es\\\/wp-content\\\/uploads\\\/2026\\\/08\\\/Lenin.webp\",\"keywords\":[\"Coca Codo Sinclair\",\"corrupci\u00f3n\",\"Corte Nacional de Justicia\",\"derechos humanos\",\"Ecuador\",\"Justicia Latinoamericana\",\"Len\u00edn Moreno\",\"Rafael Correa\",\"Sinohydro\"],\"articleSection\":[\"Pol\u00edtica\"],\"inLanguage\":\"es-AR\",\"potentialAction\":[{\"@type\":\"CommentAction\",\"name\":\"Comment\",\"target\":[\"https:\\\/\\\/fronteiralivre.com.br\\\/es\\\/condena-lenin-moreno-prision-ecuador\\\/#respond\"]}]},{\"@type\":\"WebPage\",\"@id\":\"https:\\\/\\\/fronteiralivre.com.br\\\/es\\\/condena-lenin-moreno-prision-ecuador\\\/\",\"url\":\"https:\\\/\\\/fronteiralivre.com.br\\\/es\\\/condena-lenin-moreno-prision-ecuador\\\/\",\"name\":\"Condena a Len\u00edn Moreno: 5 a\u00f1os de c\u00e1rcel por cohecho en Ecuador - Fronteira Livre\",\"isPartOf\":{\"@id\":\"https:\\\/\\\/fronteiralivre.com.br\\\/es\\\/#website\"},\"primaryImageOfPage\":{\"@id\":\"https:\\\/\\\/fronteiralivre.com.br\\\/es\\\/condena-lenin-moreno-prision-ecuador\\\/#primaryimage\"},\"image\":{\"@id\":\"https:\\\/\\\/fronteiralivre.com.br\\\/es\\\/condena-lenin-moreno-prision-ecuador\\\/#primaryimage\"},\"thumbnailUrl\":\"https:\\\/\\\/fronteiralivre.com.br\\\/es\\\/wp-content\\\/uploads\\\/2026\\\/08\\\/Lenin.webp\",\"datePublished\":\"2026-08-31T15:15:21+00:00\",\"dateModified\":\"2026-08-31T15:15:22+00:00\",\"author\":{\"@id\":\"https:\\\/\\\/fronteiralivre.com.br\\\/es\\\/#\\\/schema\\\/person\\\/69b75b5696283ac4f954edef95e172d0\"},\"description\":\"Justicia de Ecuador dicta condena a Len\u00edn Moreno a cinco a\u00f1os de prisi\u00f3n por sobornos millonarios en la hidroel\u00e9ctrica Coca Codo Sinclair.\",\"breadcrumb\":{\"@id\":\"https:\\\/\\\/fronteiralivre.com.br\\\/es\\\/condena-lenin-moreno-prision-ecuador\\\/#breadcrumb\"},\"inLanguage\":\"es-AR\",\"potentialAction\":[{\"@type\":\"ReadAction\",\"target\":[\"https:\\\/\\\/fronteiralivre.com.br\\\/es\\\/condena-lenin-moreno-prision-ecuador\\\/\"]}]},{\"@type\":\"ImageObject\",\"inLanguage\":\"es-AR\",\"@id\":\"https:\\\/\\\/fronteiralivre.com.br\\\/es\\\/condena-lenin-moreno-prision-ecuador\\\/#primaryimage\",\"url\":\"https:\\\/\\\/fronteiralivre.com.br\\\/es\\\/wp-content\\\/uploads\\\/2026\\\/08\\\/Lenin.webp\",\"contentUrl\":\"https:\\\/\\\/fronteiralivre.com.br\\\/es\\\/wp-content\\\/uploads\\\/2026\\\/08\\\/Lenin.webp\",\"width\":1140,\"height\":570,\"caption\":\"El expresidente ecuatoriano Len\u00edn Moreno fue condenado por cohecho e inhabilitado de por vida para ejercer cargos p\u00fablicos. Foto: Presidencia de la Rep\u00fablica del Ecuador\"},{\"@type\":\"BreadcrumbList\",\"@id\":\"https:\\\/\\\/fronteiralivre.com.br\\\/es\\\/condena-lenin-moreno-prision-ecuador\\\/#breadcrumb\",\"itemListElement\":[{\"@type\":\"ListItem\",\"position\":1,\"name\":\"Home\",\"item\":\"https:\\\/\\\/fronteiralivre.com.br\\\/es\\\/\"},{\"@type\":\"ListItem\",\"position\":2,\"name\":\"Condena a Len\u00edn Moreno: 5 a\u00f1os de c\u00e1rcel por cohecho en Ecuador\"}]},{\"@type\":\"WebSite\",\"@id\":\"https:\\\/\\\/fronteiralivre.com.br\\\/es\\\/#website\",\"url\":\"https:\\\/\\\/fronteiralivre.com.br\\\/es\\\/\",\"name\":\"Fronteira Livre\",\"description\":\"De Foz do Igua\u00e7u para el mundo.\",\"potentialAction\":[{\"@type\":\"SearchAction\",\"target\":{\"@type\":\"EntryPoint\",\"urlTemplate\":\"https:\\\/\\\/fronteiralivre.com.br\\\/es\\\/?s={search_term_string}\"},\"query-input\":{\"@type\":\"PropertyValueSpecification\",\"valueRequired\":true,\"valueName\":\"search_term_string\"}}],\"inLanguage\":\"es-AR\"},{\"@type\":\"Person\",\"@id\":\"https:\\\/\\\/fronteiralivre.com.br\\\/es\\\/#\\\/schema\\\/person\\\/69b75b5696283ac4f954edef95e172d0\",\"name\":\"Amilton Farias\",\"image\":{\"@type\":\"ImageObject\",\"inLanguage\":\"es-AR\",\"@id\":\"https:\\\/\\\/secure.gravatar.com\\\/avatar\\\/9fe07c446bf96e74022abf469fb49b43748aab858e89a1702d8dced3b8e2dedf?s=96&d=mm&r=g\",\"url\":\"https:\\\/\\\/secure.gravatar.com\\\/avatar\\\/9fe07c446bf96e74022abf469fb49b43748aab858e89a1702d8dced3b8e2dedf?s=96&d=mm&r=g\",\"contentUrl\":\"https:\\\/\\\/secure.gravatar.com\\\/avatar\\\/9fe07c446bf96e74022abf469fb49b43748aab858e89a1702d8dced3b8e2dedf?s=96&d=mm&r=g\",\"caption\":\"Amilton Farias\"},\"description\":\"Amilton Farias es periodista, fundador y editor de Fronteira Livre. Con experiencia en distintos pa\u00edses de Am\u00e9rica Latina y una trayectoria vinculada al periodismo territorial, escribe sobre las fronteras, los territorios y los procesos pol\u00edticos, sociales y culturales que moldean la realidad de los pueblos latinoamericanos.\",\"sameAs\":[\"https:\\\/\\\/fronteiralivre.com.br\\\/es\\\/\"],\"url\":\"https:\\\/\\\/fronteiralivre.com.br\\\/es\\\/author\\\/amilton\\\/\"}]}<\/script>\n<!-- \/ Yoast SEO plugin. -->","yoast_head_json":{"title":"Condena a Len\u00edn Moreno: 5 a\u00f1os de c\u00e1rcel por cohecho en Ecuador - Fronteira Livre","description":"Justicia de Ecuador dicta condena a Len\u00edn Moreno a cinco a\u00f1os de prisi\u00f3n por sobornos millonarios en la hidroel\u00e9ctrica Coca Codo Sinclair.","robots":{"index":"index","follow":"follow","max-snippet":"max-snippet:-1","max-image-preview":"max-image-preview:large","max-video-preview":"max-video-preview:-1"},"canonical":"https:\/\/fronteiralivre.com.br\/es\/condena-lenin-moreno-prision-ecuador\/","og_locale":"es_ES","og_type":"article","og_title":"Condena a Len\u00edn Moreno: 5 a\u00f1os de c\u00e1rcel por cohecho en Ecuador - Fronteira Livre","og_description":"Justicia de Ecuador dicta condena a Len\u00edn Moreno a cinco a\u00f1os de prisi\u00f3n por sobornos millonarios en la hidroel\u00e9ctrica Coca Codo Sinclair.","og_url":"https:\/\/fronteiralivre.com.br\/es\/condena-lenin-moreno-prision-ecuador\/","og_site_name":"Fronteira Livre","article_published_time":"2026-08-31T15:15:21+00:00","article_modified_time":"2026-08-31T15:15:22+00:00","og_image":[{"width":1140,"height":570,"url":"https:\/\/fronteiralivre.com.br\/es\/wp-content\/uploads\/2026\/08\/Lenin.webp","type":"image\/webp"}],"author":"Amilton Farias","twitter_card":"summary_large_image","twitter_misc":{"Escrito por":"Amilton Farias","Tiempo de lectura":"3 minutos"},"schema":{"@context":"https:\/\/schema.org","@graph":[{"@type":"Article","@id":"https:\/\/fronteiralivre.com.br\/es\/condena-lenin-moreno-prision-ecuador\/#article","isPartOf":{"@id":"https:\/\/fronteiralivre.com.br\/es\/condena-lenin-moreno-prision-ecuador\/"},"author":{"name":"Amilton Farias","@id":"https:\/\/fronteiralivre.com.br\/es\/#\/schema\/person\/69b75b5696283ac4f954edef95e172d0"},"headline":"Condena a Len\u00edn Moreno: 5 a\u00f1os de c\u00e1rcel por cohecho en Ecuador","datePublished":"2026-08-31T15:15:21+00:00","dateModified":"2026-08-31T15:15:22+00:00","mainEntityOfPage":{"@id":"https:\/\/fronteiralivre.com.br\/es\/condena-lenin-moreno-prision-ecuador\/"},"wordCount":505,"commentCount":0,"image":{"@id":"https:\/\/fronteiralivre.com.br\/es\/condena-lenin-moreno-prision-ecuador\/#primaryimage"},"thumbnailUrl":"https:\/\/fronteiralivre.com.br\/es\/wp-content\/uploads\/2026\/08\/Lenin.webp","keywords":["Coca Codo Sinclair","corrupci\u00f3n","Corte Nacional de Justicia","derechos humanos","Ecuador","Justicia Latinoamericana","Len\u00edn Moreno","Rafael Correa","Sinohydro"],"articleSection":["Pol\u00edtica"],"inLanguage":"es-AR","potentialAction":[{"@type":"CommentAction","name":"Comment","target":["https:\/\/fronteiralivre.com.br\/es\/condena-lenin-moreno-prision-ecuador\/#respond"]}]},{"@type":"WebPage","@id":"https:\/\/fronteiralivre.com.br\/es\/condena-lenin-moreno-prision-ecuador\/","url":"https:\/\/fronteiralivre.com.br\/es\/condena-lenin-moreno-prision-ecuador\/","name":"Condena a Len\u00edn Moreno: 5 a\u00f1os de c\u00e1rcel por cohecho en Ecuador - Fronteira Livre","isPartOf":{"@id":"https:\/\/fronteiralivre.com.br\/es\/#website"},"primaryImageOfPage":{"@id":"https:\/\/fronteiralivre.com.br\/es\/condena-lenin-moreno-prision-ecuador\/#primaryimage"},"image":{"@id":"https:\/\/fronteiralivre.com.br\/es\/condena-lenin-moreno-prision-ecuador\/#primaryimage"},"thumbnailUrl":"https:\/\/fronteiralivre.com.br\/es\/wp-content\/uploads\/2026\/08\/Lenin.webp","datePublished":"2026-08-31T15:15:21+00:00","dateModified":"2026-08-31T15:15:22+00:00","author":{"@id":"https:\/\/fronteiralivre.com.br\/es\/#\/schema\/person\/69b75b5696283ac4f954edef95e172d0"},"description":"Justicia de Ecuador dicta condena a Len\u00edn Moreno a cinco a\u00f1os de prisi\u00f3n por sobornos millonarios en la hidroel\u00e9ctrica Coca Codo Sinclair.","breadcrumb":{"@id":"https:\/\/fronteiralivre.com.br\/es\/condena-lenin-moreno-prision-ecuador\/#breadcrumb"},"inLanguage":"es-AR","potentialAction":[{"@type":"ReadAction","target":["https:\/\/fronteiralivre.com.br\/es\/condena-lenin-moreno-prision-ecuador\/"]}]},{"@type":"ImageObject","inLanguage":"es-AR","@id":"https:\/\/fronteiralivre.com.br\/es\/condena-lenin-moreno-prision-ecuador\/#primaryimage","url":"https:\/\/fronteiralivre.com.br\/es\/wp-content\/uploads\/2026\/08\/Lenin.webp","contentUrl":"https:\/\/fronteiralivre.com.br\/es\/wp-content\/uploads\/2026\/08\/Lenin.webp","width":1140,"height":570,"caption":"El expresidente ecuatoriano Len\u00edn Moreno fue condenado por cohecho e inhabilitado de por vida para ejercer cargos p\u00fablicos. Foto: Presidencia de la Rep\u00fablica del Ecuador"},{"@type":"BreadcrumbList","@id":"https:\/\/fronteiralivre.com.br\/es\/condena-lenin-moreno-prision-ecuador\/#breadcrumb","itemListElement":[{"@type":"ListItem","position":1,"name":"Home","item":"https:\/\/fronteiralivre.com.br\/es\/"},{"@type":"ListItem","position":2,"name":"Condena a Len\u00edn Moreno: 5 a\u00f1os de c\u00e1rcel por cohecho en Ecuador"}]},{"@type":"WebSite","@id":"https:\/\/fronteiralivre.com.br\/es\/#website","url":"https:\/\/fronteiralivre.com.br\/es\/","name":"Fronteira Livre","description":"De Foz do Igua\u00e7u para el mundo.","potentialAction":[{"@type":"SearchAction","target":{"@type":"EntryPoint","urlTemplate":"https:\/\/fronteiralivre.com.br\/es\/?s={search_term_string}"},"query-input":{"@type":"PropertyValueSpecification","valueRequired":true,"valueName":"search_term_string"}}],"inLanguage":"es-AR"},{"@type":"Person","@id":"https:\/\/fronteiralivre.com.br\/es\/#\/schema\/person\/69b75b5696283ac4f954edef95e172d0","name":"Amilton Farias","image":{"@type":"ImageObject","inLanguage":"es-AR","@id":"https:\/\/secure.gravatar.com\/avatar\/9fe07c446bf96e74022abf469fb49b43748aab858e89a1702d8dced3b8e2dedf?s=96&d=mm&r=g","url":"https:\/\/secure.gravatar.com\/avatar\/9fe07c446bf96e74022abf469fb49b43748aab858e89a1702d8dced3b8e2dedf?s=96&d=mm&r=g","contentUrl":"https:\/\/secure.gravatar.com\/avatar\/9fe07c446bf96e74022abf469fb49b43748aab858e89a1702d8dced3b8e2dedf?s=96&d=mm&r=g","caption":"Amilton Farias"},"description":"Amilton Farias es periodista, fundador y editor de Fronteira Livre. Con experiencia en distintos pa\u00edses de Am\u00e9rica Latina y una trayectoria vinculada al periodismo territorial, escribe sobre las fronteras, los territorios y los procesos pol\u00edticos, sociales y culturales que moldean la realidad de los pueblos latinoamericanos.","sameAs":["https:\/\/fronteiralivre.com.br\/es\/"],"url":"https:\/\/fronteiralivre.com.br\/es\/author\/amilton\/"}]}},"_links":{"self":[{"href":"https:\/\/fronteiralivre.com.br\/es\/wp-json\/wp\/v2\/posts\/866","targetHints":{"allow":["GET"]}}],"collection":[{"href":"https:\/\/fronteiralivre.com.br\/es\/wp-json\/wp\/v2\/posts"}],"about":[{"href":"https:\/\/fronteiralivre.com.br\/es\/wp-json\/wp\/v2\/types\/post"}],"author":[{"embeddable":true,"href":"https:\/\/fronteiralivre.com.br\/es\/wp-json\/wp\/v2\/users\/2"}],"replies":[{"embeddable":true,"href":"https:\/\/fronteiralivre.com.br\/es\/wp-json\/wp\/v2\/comments?post=866"}],"version-history":[{"count":1,"href":"https:\/\/fronteiralivre.com.br\/es\/wp-json\/wp\/v2\/posts\/866\/revisions"}],"predecessor-version":[{"id":871,"href":"https:\/\/fronteiralivre.com.br\/es\/wp-json\/wp\/v2\/posts\/866\/revisions\/871"}],"wp:featuredmedia":[{"embeddable":true,"href":"https:\/\/fronteiralivre.com.br\/es\/wp-json\/wp\/v2\/media\/870"}],"wp:attachment":[{"href":"https:\/\/fronteiralivre.com.br\/es\/wp-json\/wp\/v2\/media?parent=866"}],"wp:term":[{"taxonomy":"category","embeddable":true,"href":"https:\/\/fronteiralivre.com.br\/es\/wp-json\/wp\/v2\/categories?post=866"},{"taxonomy":"post_tag","embeddable":true,"href":"https:\/\/fronteiralivre.com.br\/es\/wp-json\/wp\/v2\/tags?post=866"}],"curies":[{"name":"wp","href":"https:\/\/api.w.org\/{rel}","templated":true}]}}