{"id":859,"date":"2026-08-31T11:47:03","date_gmt":"2026-08-31T14:47:03","guid":{"rendered":"https:\/\/fronteiralivre.com.br\/es\/?p=859"},"modified":"2026-08-31T11:47:04","modified_gmt":"2026-08-31T14:47:04","slug":"cerimedo-preso-lobby-jair-bolsonaro","status":"publish","type":"post","link":"https:\/\/fronteiralivre.com.br\/es\/cerimedo-preso-lobby-jair-bolsonaro\/","title":{"rendered":"La trama oculta de lobby contra gobiernos en Sudam\u00e9rica"},"content":{"rendered":"\n<p class=\"wp-block-paragraph\"><strong>Buenos Aires, Argentina \u2013<\/strong> Una red de propaganda digital, desinformaci\u00f3n electoral y <strong>lobby para Jair Bolsonaro<\/strong>, Javier Milei y Nayib Bukele oper\u00f3 de manera articulada entre Sudam\u00e9rica y c\u00edrculos de poder en Washington. La trama, revelada por una investigaci\u00f3n del diario argentino <em>P\u00e1gina\/12<\/em>, expone el trabajo conjunto entre el consultor pol\u00edtico argentino Fernando Cerimedo \u2014actualmente detenido en Bolivia\u2014 y su socio radicado en Estados Unidos, Dami\u00e1n Merlo Debernardi.<\/p>\n\n\n\n<p class=\"wp-block-paragraph\">Ambos asesores conectaron estrategias digitales con gestiones directas ante oficinas del gobierno estadounidense. Cerimedo cobr\u00f3 notoriedad regional en 2022 cuando encabez\u00f3 una transmisi\u00f3n en redes sociales donde difundi\u00f3 datos falsos contra el sistema de votaci\u00f3n de Brasil para intentar anular la victoria electoral de Luiz In\u00e1cio Lula da Silva. Mientras Cerimedo lideraba las campa\u00f1as digitales, Merlo gestionaba los v\u00ednculos pol\u00edticos en territorio norteamericano.<\/p>\n\n\n\n<p class=\"wp-block-paragraph\">Merlo, ciudadano con doble nacionalidad argentina y estadounidense, dirige la firma Latin America Advisory Group (LAAG) y cuenta con registro formal en el Departamento de Justicia bajo la Ley de Registro de Agentes Extranjeros (FARA), normativa que regula el cabildeo de intereses for\u00e1neos en Estados Unidos. En 2023, la agencia NUMEN, vinculada a Cerimedo, contrat\u00f3 a Merlo para realizar gestiones de relaciones p\u00fablicas ante el Congreso estadounidense, medios de prensa y centros de an\u00e1lisis pol\u00edtico durante la campa\u00f1a presidencial de Javier Milei.<\/p>\n\n\n\n<p class=\"wp-block-paragraph\">El entramado tambi\u00e9n facilit\u00f3 el acercamiento de la familia Bolsonaro al gobierno de El Salvador. Seg\u00fan revel\u00f3 la revista <em>The New Yorker<\/em>, la visita del senador brasile\u00f1o Fl\u00e1vio Bolsonaro a la megac\u00e1rcel CECOT respondi\u00f3 a un plan para difundir el modelo de seguridad salvadore\u00f1o entre fuerzas pol\u00edticas de derecha en Am\u00e9rica Latina. Las investigaciones sit\u00faan a Merlo como el gestor central de la proyecci\u00f3n internacional de Bukele y de sus contactos con sectores conservadores de Estados Unidos.<\/p>\n\n\n\n<p class=\"wp-block-paragraph\"><strong>Prisi\u00f3n preventiva y acusaciones en Bolivia<\/strong><\/p>\n\n\n\n<p class=\"wp-block-paragraph\">La justicia de Bolivia detuvo preventivamente a Fernando Cerimedo. A pedido del Ministerio P\u00fablico, el juez Wilson Espada orden\u00f3 180 d\u00edas de reclusi\u00f3n en el penal de m\u00e1xima seguridad de Palmasola. El consultor enfrenta cargos por tentativa de feminicidio contra su expareja, la abogada Nadia Beller, adem\u00e1s de acusaciones por hechos de corrupci\u00f3n.<\/p>\n\n\n\n<p class=\"wp-block-paragraph\">El expediente judicial sostiene que el ataque contra Beller ocurri\u00f3 luego de que ella anunciara que denunciar\u00eda maniobras il\u00edcitas que involucraban a Cerimedo, al presidente Rodrigo Paz y a la esposa de este, Mar\u00eda Elena Urquidi, se\u00f1alada en las pesquisas como intermediaria de movimientos financieros.<\/p>\n\n\n\n<p class=\"wp-block-paragraph\">Los fiscales bolivianos incorporaron mensajes de texto atribuidos al consultor que dan cuenta de la planificaci\u00f3n del hecho: &#8220;Nadia nos entreg\u00f3. O la eliminamos o estamos perdidos. \u00bfConoc\u00e9s a alguien que pueda hacer ese trabajo?&#8221;. En otras comunicaciones se registraron amenazas directas a la abogada: &#8220;Nos vas a joder, no hagas eso, esper\u00e1 unos d\u00edas&#8221;.<\/p>\n\n\n\n<p class=\"wp-block-paragraph\">Durante los allanamientos que terminaron con la detenci\u00f3n de Cerimedo, la polic\u00eda boliviana descubri\u00f3 una granja de cuentas automatizadas dise\u00f1ada para alterar algoritmos y generar tendencias artificiales en redes sociales. Peritos inform\u00e1ticos y fiscales investigan el alcance de esta infraestructura y su impacto en procesos electorares de la regi\u00f3n.<\/p>\n","protected":false},"excerpt":{"rendered":"<p>Buenos Aires, Argentina \u2013 Una red de propaganda digital, desinformaci\u00f3n electoral y lobby para Jair Bolsonaro, Javier Milei y Nayib Bukele oper\u00f3 de manera articulada entre Sudam\u00e9rica y c\u00edrculos de poder en Washington. La trama, revelada por una investigaci\u00f3n del diario argentino P\u00e1gina\/12, expone el trabajo conjunto entre el consultor pol\u00edtico argentino Fernando Cerimedo \u2014actualmente detenido en Bolivia\u2014 y su socio radicado en Estados Unidos, Dami\u00e1n Merlo Debernardi.<\/p>\n","protected":false},"author":2,"featured_media":864,"comment_status":"open","ping_status":"open","sticky":false,"template":"","format":"standard","meta":{"_sub_headline":"V\u00ednculos entre propaganda digital y contactos en Estados Unidos conectaron a asesores de Bolsonaro con Bukele, Milei y figuras de Bolivia","videourl":"","footnotes":""},"categories":[31],"tags":[223,1281,2040,2041,2039,550,395,2043,2027,2042],"class_list":["post-859","post","type-post","status-publish","format-standard","has-post-thumbnail","hentry","category-politica","tag-bolivia","tag-corrupcion","tag-damian-merlo","tag-desinformacion-electoral","tag-fernando-cerimedo","tag-jair-bolsonaro","tag-javier-milei","tag-lobby-politico","tag-nayib-bukele","tag-palmasola"],"yoast_head":"<!-- This site is optimized with the Yoast SEO plugin v28.3 - https:\/\/yoast.com\/product\/yoast-seo-wordpress\/ -->\n<title>La trama oculta de lobby contra gobiernos en Sudam\u00e9rica - Fronteira Livre<\/title>\n<meta name=\"description\" content=\"El caso Cerimedo expone una red de propaganda y lobby para Jair Bolsonaro, Milei y Bukele, tras su detenci\u00f3n por intento de feminicidio.\" \/>\n<meta name=\"robots\" content=\"index, follow, max-snippet:-1, max-image-preview:large, max-video-preview:-1\" \/>\n<link rel=\"canonical\" href=\"https:\/\/fronteiralivre.com.br\/es\/cerimedo-preso-lobby-jair-bolsonaro\/\" \/>\n<meta property=\"og:locale\" content=\"es_ES\" \/>\n<meta property=\"og:type\" content=\"article\" \/>\n<meta property=\"og:title\" content=\"La trama oculta de lobby contra gobiernos en Sudam\u00e9rica - Fronteira Livre\" \/>\n<meta property=\"og:description\" content=\"El caso Cerimedo expone una red de propaganda y lobby para Jair Bolsonaro, Milei y Bukele, tras su detenci\u00f3n por intento de feminicidio.\" \/>\n<meta property=\"og:url\" content=\"https:\/\/fronteiralivre.com.br\/es\/cerimedo-preso-lobby-jair-bolsonaro\/\" \/>\n<meta property=\"og:site_name\" content=\"Fronteira Livre\" \/>\n<meta property=\"article:published_time\" content=\"2026-08-31T14:47:03+00:00\" \/>\n<meta property=\"article:modified_time\" content=\"2026-08-31T14:47:04+00:00\" \/>\n<meta property=\"og:image\" content=\"https:\/\/fronteiralivre.com.br\/es\/wp-content\/uploads\/2026\/08\/Cerimedo.webp\" \/>\n\t<meta property=\"og:image:width\" content=\"1140\" \/>\n\t<meta property=\"og:image:height\" content=\"566\" \/>\n\t<meta property=\"og:image:type\" content=\"image\/webp\" \/>\n<meta name=\"author\" content=\"Amilton Farias\" \/>\n<meta name=\"twitter:card\" content=\"summary_large_image\" \/>\n<meta name=\"twitter:label1\" content=\"Escrito por\" \/>\n\t<meta name=\"twitter:data1\" content=\"Amilton Farias\" \/>\n\t<meta name=\"twitter:label2\" content=\"Tiempo de lectura\" \/>\n\t<meta name=\"twitter:data2\" content=\"3 minutos\" \/>\n<script type=\"application\/ld+json\" class=\"yoast-schema-graph\">{\"@context\":\"https:\\\/\\\/schema.org\",\"@graph\":[{\"@type\":\"Article\",\"@id\":\"https:\\\/\\\/fronteiralivre.com.br\\\/es\\\/cerimedo-preso-lobby-jair-bolsonaro\\\/#article\",\"isPartOf\":{\"@id\":\"https:\\\/\\\/fronteiralivre.com.br\\\/es\\\/cerimedo-preso-lobby-jair-bolsonaro\\\/\"},\"author\":{\"name\":\"Amilton Farias\",\"@id\":\"https:\\\/\\\/fronteiralivre.com.br\\\/es\\\/#\\\/schema\\\/person\\\/69b75b5696283ac4f954edef95e172d0\"},\"headline\":\"La trama oculta de lobby contra gobiernos en Sudam\u00e9rica\",\"datePublished\":\"2026-08-31T14:47:03+00:00\",\"dateModified\":\"2026-08-31T14:47:04+00:00\",\"mainEntityOfPage\":{\"@id\":\"https:\\\/\\\/fronteiralivre.com.br\\\/es\\\/cerimedo-preso-lobby-jair-bolsonaro\\\/\"},\"wordCount\":551,\"commentCount\":0,\"image\":{\"@id\":\"https:\\\/\\\/fronteiralivre.com.br\\\/es\\\/cerimedo-preso-lobby-jair-bolsonaro\\\/#primaryimage\"},\"thumbnailUrl\":\"https:\\\/\\\/fronteiralivre.com.br\\\/es\\\/wp-content\\\/uploads\\\/2026\\\/08\\\/Cerimedo.webp\",\"keywords\":[\"bolivia\",\"corrupci\u00f3n\",\"Dami\u00e1n Merlo\",\"desinformaci\u00f3n electoral\",\"Fernando Cerimedo\",\"Jair Bolsonaro\",\"Javier Milei\",\"lobby pol\u00edtico\",\"Nayib Bukele\",\"Palmasola\"],\"articleSection\":[\"Pol\u00edtica\"],\"inLanguage\":\"es-AR\",\"potentialAction\":[{\"@type\":\"CommentAction\",\"name\":\"Comment\",\"target\":[\"https:\\\/\\\/fronteiralivre.com.br\\\/es\\\/cerimedo-preso-lobby-jair-bolsonaro\\\/#respond\"]}]},{\"@type\":\"WebPage\",\"@id\":\"https:\\\/\\\/fronteiralivre.com.br\\\/es\\\/cerimedo-preso-lobby-jair-bolsonaro\\\/\",\"url\":\"https:\\\/\\\/fronteiralivre.com.br\\\/es\\\/cerimedo-preso-lobby-jair-bolsonaro\\\/\",\"name\":\"La trama oculta de lobby contra gobiernos en Sudam\u00e9rica - Fronteira Livre\",\"isPartOf\":{\"@id\":\"https:\\\/\\\/fronteiralivre.com.br\\\/es\\\/#website\"},\"primaryImageOfPage\":{\"@id\":\"https:\\\/\\\/fronteiralivre.com.br\\\/es\\\/cerimedo-preso-lobby-jair-bolsonaro\\\/#primaryimage\"},\"image\":{\"@id\":\"https:\\\/\\\/fronteiralivre.com.br\\\/es\\\/cerimedo-preso-lobby-jair-bolsonaro\\\/#primaryimage\"},\"thumbnailUrl\":\"https:\\\/\\\/fronteiralivre.com.br\\\/es\\\/wp-content\\\/uploads\\\/2026\\\/08\\\/Cerimedo.webp\",\"datePublished\":\"2026-08-31T14:47:03+00:00\",\"dateModified\":\"2026-08-31T14:47:04+00:00\",\"author\":{\"@id\":\"https:\\\/\\\/fronteiralivre.com.br\\\/es\\\/#\\\/schema\\\/person\\\/69b75b5696283ac4f954edef95e172d0\"},\"description\":\"El caso Cerimedo expone una red de propaganda y lobby para Jair Bolsonaro, Milei y Bukele, tras su detenci\u00f3n por intento de feminicidio.\",\"breadcrumb\":{\"@id\":\"https:\\\/\\\/fronteiralivre.com.br\\\/es\\\/cerimedo-preso-lobby-jair-bolsonaro\\\/#breadcrumb\"},\"inLanguage\":\"es-AR\",\"potentialAction\":[{\"@type\":\"ReadAction\",\"target\":[\"https:\\\/\\\/fronteiralivre.com.br\\\/es\\\/cerimedo-preso-lobby-jair-bolsonaro\\\/\"]}]},{\"@type\":\"ImageObject\",\"inLanguage\":\"es-AR\",\"@id\":\"https:\\\/\\\/fronteiralivre.com.br\\\/es\\\/cerimedo-preso-lobby-jair-bolsonaro\\\/#primaryimage\",\"url\":\"https:\\\/\\\/fronteiralivre.com.br\\\/es\\\/wp-content\\\/uploads\\\/2026\\\/08\\\/Cerimedo.webp\",\"contentUrl\":\"https:\\\/\\\/fronteiralivre.com.br\\\/es\\\/wp-content\\\/uploads\\\/2026\\\/08\\\/Cerimedo.webp\",\"width\":1140,\"height\":566,\"caption\":\"Dami\u00e1n Merlo, cabildero registrado en Estados Unidos que articul\u00f3 gestiones para l\u00edderes conservadores de la regi\u00f3n. Foto: Damianmerlo \\\/ X\"},{\"@type\":\"BreadcrumbList\",\"@id\":\"https:\\\/\\\/fronteiralivre.com.br\\\/es\\\/cerimedo-preso-lobby-jair-bolsonaro\\\/#breadcrumb\",\"itemListElement\":[{\"@type\":\"ListItem\",\"position\":1,\"name\":\"Home\",\"item\":\"https:\\\/\\\/fronteiralivre.com.br\\\/es\\\/\"},{\"@type\":\"ListItem\",\"position\":2,\"name\":\"La trama oculta de lobby contra gobiernos en Sudam\u00e9rica\"}]},{\"@type\":\"WebSite\",\"@id\":\"https:\\\/\\\/fronteiralivre.com.br\\\/es\\\/#website\",\"url\":\"https:\\\/\\\/fronteiralivre.com.br\\\/es\\\/\",\"name\":\"Fronteira Livre\",\"description\":\"De Foz do Igua\u00e7u para el mundo.\",\"potentialAction\":[{\"@type\":\"SearchAction\",\"target\":{\"@type\":\"EntryPoint\",\"urlTemplate\":\"https:\\\/\\\/fronteiralivre.com.br\\\/es\\\/?s={search_term_string}\"},\"query-input\":{\"@type\":\"PropertyValueSpecification\",\"valueRequired\":true,\"valueName\":\"search_term_string\"}}],\"inLanguage\":\"es-AR\"},{\"@type\":\"Person\",\"@id\":\"https:\\\/\\\/fronteiralivre.com.br\\\/es\\\/#\\\/schema\\\/person\\\/69b75b5696283ac4f954edef95e172d0\",\"name\":\"Amilton Farias\",\"image\":{\"@type\":\"ImageObject\",\"inLanguage\":\"es-AR\",\"@id\":\"https:\\\/\\\/secure.gravatar.com\\\/avatar\\\/9fe07c446bf96e74022abf469fb49b43748aab858e89a1702d8dced3b8e2dedf?s=96&d=mm&r=g\",\"url\":\"https:\\\/\\\/secure.gravatar.com\\\/avatar\\\/9fe07c446bf96e74022abf469fb49b43748aab858e89a1702d8dced3b8e2dedf?s=96&d=mm&r=g\",\"contentUrl\":\"https:\\\/\\\/secure.gravatar.com\\\/avatar\\\/9fe07c446bf96e74022abf469fb49b43748aab858e89a1702d8dced3b8e2dedf?s=96&d=mm&r=g\",\"caption\":\"Amilton Farias\"},\"description\":\"Amilton Farias es periodista, fundador y editor de Fronteira Livre. Con experiencia en distintos pa\u00edses de Am\u00e9rica Latina y una trayectoria vinculada al periodismo territorial, escribe sobre las fronteras, los territorios y los procesos pol\u00edticos, sociales y culturales que moldean la realidad de los pueblos latinoamericanos.\",\"sameAs\":[\"https:\\\/\\\/fronteiralivre.com.br\\\/es\\\/\"],\"url\":\"https:\\\/\\\/fronteiralivre.com.br\\\/es\\\/author\\\/amilton\\\/\"}]}<\/script>\n<!-- \/ Yoast SEO plugin. -->","yoast_head_json":{"title":"La trama oculta de lobby contra gobiernos en Sudam\u00e9rica - Fronteira Livre","description":"El caso Cerimedo expone una red de propaganda y lobby para Jair Bolsonaro, Milei y Bukele, tras su detenci\u00f3n por intento de feminicidio.","robots":{"index":"index","follow":"follow","max-snippet":"max-snippet:-1","max-image-preview":"max-image-preview:large","max-video-preview":"max-video-preview:-1"},"canonical":"https:\/\/fronteiralivre.com.br\/es\/cerimedo-preso-lobby-jair-bolsonaro\/","og_locale":"es_ES","og_type":"article","og_title":"La trama oculta de lobby contra gobiernos en Sudam\u00e9rica - Fronteira Livre","og_description":"El caso Cerimedo expone una red de propaganda y lobby para Jair Bolsonaro, Milei y Bukele, tras su detenci\u00f3n por intento de feminicidio.","og_url":"https:\/\/fronteiralivre.com.br\/es\/cerimedo-preso-lobby-jair-bolsonaro\/","og_site_name":"Fronteira Livre","article_published_time":"2026-08-31T14:47:03+00:00","article_modified_time":"2026-08-31T14:47:04+00:00","og_image":[{"width":1140,"height":566,"url":"https:\/\/fronteiralivre.com.br\/es\/wp-content\/uploads\/2026\/08\/Cerimedo.webp","type":"image\/webp"}],"author":"Amilton Farias","twitter_card":"summary_large_image","twitter_misc":{"Escrito por":"Amilton Farias","Tiempo de lectura":"3 minutos"},"schema":{"@context":"https:\/\/schema.org","@graph":[{"@type":"Article","@id":"https:\/\/fronteiralivre.com.br\/es\/cerimedo-preso-lobby-jair-bolsonaro\/#article","isPartOf":{"@id":"https:\/\/fronteiralivre.com.br\/es\/cerimedo-preso-lobby-jair-bolsonaro\/"},"author":{"name":"Amilton Farias","@id":"https:\/\/fronteiralivre.com.br\/es\/#\/schema\/person\/69b75b5696283ac4f954edef95e172d0"},"headline":"La trama oculta de lobby contra gobiernos en Sudam\u00e9rica","datePublished":"2026-08-31T14:47:03+00:00","dateModified":"2026-08-31T14:47:04+00:00","mainEntityOfPage":{"@id":"https:\/\/fronteiralivre.com.br\/es\/cerimedo-preso-lobby-jair-bolsonaro\/"},"wordCount":551,"commentCount":0,"image":{"@id":"https:\/\/fronteiralivre.com.br\/es\/cerimedo-preso-lobby-jair-bolsonaro\/#primaryimage"},"thumbnailUrl":"https:\/\/fronteiralivre.com.br\/es\/wp-content\/uploads\/2026\/08\/Cerimedo.webp","keywords":["bolivia","corrupci\u00f3n","Dami\u00e1n Merlo","desinformaci\u00f3n electoral","Fernando Cerimedo","Jair Bolsonaro","Javier Milei","lobby pol\u00edtico","Nayib Bukele","Palmasola"],"articleSection":["Pol\u00edtica"],"inLanguage":"es-AR","potentialAction":[{"@type":"CommentAction","name":"Comment","target":["https:\/\/fronteiralivre.com.br\/es\/cerimedo-preso-lobby-jair-bolsonaro\/#respond"]}]},{"@type":"WebPage","@id":"https:\/\/fronteiralivre.com.br\/es\/cerimedo-preso-lobby-jair-bolsonaro\/","url":"https:\/\/fronteiralivre.com.br\/es\/cerimedo-preso-lobby-jair-bolsonaro\/","name":"La trama oculta de lobby contra gobiernos en Sudam\u00e9rica - Fronteira Livre","isPartOf":{"@id":"https:\/\/fronteiralivre.com.br\/es\/#website"},"primaryImageOfPage":{"@id":"https:\/\/fronteiralivre.com.br\/es\/cerimedo-preso-lobby-jair-bolsonaro\/#primaryimage"},"image":{"@id":"https:\/\/fronteiralivre.com.br\/es\/cerimedo-preso-lobby-jair-bolsonaro\/#primaryimage"},"thumbnailUrl":"https:\/\/fronteiralivre.com.br\/es\/wp-content\/uploads\/2026\/08\/Cerimedo.webp","datePublished":"2026-08-31T14:47:03+00:00","dateModified":"2026-08-31T14:47:04+00:00","author":{"@id":"https:\/\/fronteiralivre.com.br\/es\/#\/schema\/person\/69b75b5696283ac4f954edef95e172d0"},"description":"El caso Cerimedo expone una red de propaganda y lobby para Jair Bolsonaro, Milei y Bukele, tras su detenci\u00f3n por intento de feminicidio.","breadcrumb":{"@id":"https:\/\/fronteiralivre.com.br\/es\/cerimedo-preso-lobby-jair-bolsonaro\/#breadcrumb"},"inLanguage":"es-AR","potentialAction":[{"@type":"ReadAction","target":["https:\/\/fronteiralivre.com.br\/es\/cerimedo-preso-lobby-jair-bolsonaro\/"]}]},{"@type":"ImageObject","inLanguage":"es-AR","@id":"https:\/\/fronteiralivre.com.br\/es\/cerimedo-preso-lobby-jair-bolsonaro\/#primaryimage","url":"https:\/\/fronteiralivre.com.br\/es\/wp-content\/uploads\/2026\/08\/Cerimedo.webp","contentUrl":"https:\/\/fronteiralivre.com.br\/es\/wp-content\/uploads\/2026\/08\/Cerimedo.webp","width":1140,"height":566,"caption":"Dami\u00e1n Merlo, cabildero registrado en Estados Unidos que articul\u00f3 gestiones para l\u00edderes conservadores de la regi\u00f3n. Foto: Damianmerlo \/ X"},{"@type":"BreadcrumbList","@id":"https:\/\/fronteiralivre.com.br\/es\/cerimedo-preso-lobby-jair-bolsonaro\/#breadcrumb","itemListElement":[{"@type":"ListItem","position":1,"name":"Home","item":"https:\/\/fronteiralivre.com.br\/es\/"},{"@type":"ListItem","position":2,"name":"La trama oculta de lobby contra gobiernos en Sudam\u00e9rica"}]},{"@type":"WebSite","@id":"https:\/\/fronteiralivre.com.br\/es\/#website","url":"https:\/\/fronteiralivre.com.br\/es\/","name":"Fronteira Livre","description":"De Foz do Igua\u00e7u para el mundo.","potentialAction":[{"@type":"SearchAction","target":{"@type":"EntryPoint","urlTemplate":"https:\/\/fronteiralivre.com.br\/es\/?s={search_term_string}"},"query-input":{"@type":"PropertyValueSpecification","valueRequired":true,"valueName":"search_term_string"}}],"inLanguage":"es-AR"},{"@type":"Person","@id":"https:\/\/fronteiralivre.com.br\/es\/#\/schema\/person\/69b75b5696283ac4f954edef95e172d0","name":"Amilton Farias","image":{"@type":"ImageObject","inLanguage":"es-AR","@id":"https:\/\/secure.gravatar.com\/avatar\/9fe07c446bf96e74022abf469fb49b43748aab858e89a1702d8dced3b8e2dedf?s=96&d=mm&r=g","url":"https:\/\/secure.gravatar.com\/avatar\/9fe07c446bf96e74022abf469fb49b43748aab858e89a1702d8dced3b8e2dedf?s=96&d=mm&r=g","contentUrl":"https:\/\/secure.gravatar.com\/avatar\/9fe07c446bf96e74022abf469fb49b43748aab858e89a1702d8dced3b8e2dedf?s=96&d=mm&r=g","caption":"Amilton Farias"},"description":"Amilton Farias es periodista, fundador y editor de Fronteira Livre. Con experiencia en distintos pa\u00edses de Am\u00e9rica Latina y una trayectoria vinculada al periodismo territorial, escribe sobre las fronteras, los territorios y los procesos pol\u00edticos, sociales y culturales que moldean la realidad de los pueblos latinoamericanos.","sameAs":["https:\/\/fronteiralivre.com.br\/es\/"],"url":"https:\/\/fronteiralivre.com.br\/es\/author\/amilton\/"}]}},"_links":{"self":[{"href":"https:\/\/fronteiralivre.com.br\/es\/wp-json\/wp\/v2\/posts\/859","targetHints":{"allow":["GET"]}}],"collection":[{"href":"https:\/\/fronteiralivre.com.br\/es\/wp-json\/wp\/v2\/posts"}],"about":[{"href":"https:\/\/fronteiralivre.com.br\/es\/wp-json\/wp\/v2\/types\/post"}],"author":[{"embeddable":true,"href":"https:\/\/fronteiralivre.com.br\/es\/wp-json\/wp\/v2\/users\/2"}],"replies":[{"embeddable":true,"href":"https:\/\/fronteiralivre.com.br\/es\/wp-json\/wp\/v2\/comments?post=859"}],"version-history":[{"count":1,"href":"https:\/\/fronteiralivre.com.br\/es\/wp-json\/wp\/v2\/posts\/859\/revisions"}],"predecessor-version":[{"id":865,"href":"https:\/\/fronteiralivre.com.br\/es\/wp-json\/wp\/v2\/posts\/859\/revisions\/865"}],"wp:featuredmedia":[{"embeddable":true,"href":"https:\/\/fronteiralivre.com.br\/es\/wp-json\/wp\/v2\/media\/864"}],"wp:attachment":[{"href":"https:\/\/fronteiralivre.com.br\/es\/wp-json\/wp\/v2\/media?parent=859"}],"wp:term":[{"taxonomy":"category","embeddable":true,"href":"https:\/\/fronteiralivre.com.br\/es\/wp-json\/wp\/v2\/categories?post=859"},{"taxonomy":"post_tag","embeddable":true,"href":"https:\/\/fronteiralivre.com.br\/es\/wp-json\/wp\/v2\/tags?post=859"}],"curies":[{"name":"wp","href":"https:\/\/api.w.org\/{rel}","templated":true}]}}