{"id":851,"date":"2026-08-31T11:21:14","date_gmt":"2026-08-31T14:21:14","guid":{"rendered":"https:\/\/fronteiralivre.com.br\/es\/?p=851"},"modified":"2026-08-31T11:21:15","modified_gmt":"2026-08-31T14:21:15","slug":"acuerdo-cooperacion-frontera-paraguay-brasil","status":"publish","type":"post","link":"https:\/\/fronteiralivre.com.br\/es\/acuerdo-cooperacion-frontera-paraguay-brasil\/","title":{"rendered":"Acuerdo de cooperaci\u00f3n en la frontera une a Brasil y Paraguay"},"content":{"rendered":"\n<p class=\"wp-block-paragraph\"><strong>Ciudad del Este, Alto Paran\u00e1 \u2013<\/strong> El ecosistema regional de innovaci\u00f3n Iguassu Valley y la C\u00e1mara de Empresarios de Ciudad del Este y Alto Paran\u00e1 firmaron un <strong>acuerdo de cooperaci\u00f3n en la frontera<\/strong> para conectar proyectos econ\u00f3micos, tecnol\u00f3gicos y empresariales entre Brasil y Paraguay.<\/p>\n\n\n\n<p class=\"wp-block-paragraph\">El documento se formaliz\u00f3 el 12 de agosto durante el lanzamiento de la Expo Internacional de Inversiones Inmobiliarias Paraguay 2026, celebrada en Ciudad del Este. El encuentro reuni\u00f3 a referentes del sector productivo, inversionistas y autoridades de ambas m\u00e1rgenes del r\u00edo Paran\u00e1.<\/p>\n\n\n\n<p class=\"wp-block-paragraph\">La iniciativa surgi\u00f3 a partir de gestiones de Anahi C\u00f3lman, integrante de la Comisi\u00f3n Directiva de la C\u00e1mara de Empresarios paraguaya, quien impuls\u00f3 la articulaci\u00f3n con los pares brasile\u00f1os para estructurar una agenda bilateral enfocada en vincular empresas consolidadas, empresas emergentes (<em>startups<\/em>) e iniciativas de base tecnol\u00f3gica que operan en la zona lim\u00edtrofe.<\/p>\n\n\n\n<p class=\"wp-block-paragraph\">&#8220;Ya tenemos una sinergia hist\u00f3rica muy fuerte entre Paraguay y Brasil. Estamos trayendo de vuelta esta asociaci\u00f3n de prosperidad, crecimiento y desarrollo entre los dos pa\u00edses&#8221;, dijo C\u00f3lman durante la ceremonia.<\/p>\n\n\n\n<p class=\"wp-block-paragraph\">La firma estuvo a cargo del presidente de Iguassu Valley, Victor Donaduzzi, y del titular de la entidad empresarial paraguaya, Gustavo Fari\u00f1a Quesnel. El plan de trabajo establece la realizaci\u00f3n conjunta de talleres pr\u00e1cticos de capacitaci\u00f3n, conferencias t\u00e9cnicas, maratones de programaci\u00f3n (<em>hackathons<\/em>) e instancias de presentaci\u00f3n de proyectos para financiamiento (<em>Demo Days<\/em>). Adem\u00e1s, comprende el intercambio de metodolog\u00edas de gesti\u00f3n empresarial y la difusi\u00f3n compartida de programas de est\u00edmulo al sector productivo.<\/p>\n\n\n\n<p class=\"wp-block-paragraph\">Durante el acto, Donaduzzi extendi\u00f3 la invitaci\u00f3n formal para que el empresariado paraguayo asista al Summit Iguassu Valley 2026, previsto para el 17 e 18 de septiembre en Foz do Igua\u00e7u, estado de Paran\u00e1.<\/p>\n\n\n\n<p class=\"wp-block-paragraph\">&#8220;Estamos en el delta de los r\u00edos Paran\u00e1 e Iguaz\u00fa, aguas que separan nuestros pa\u00edses, pero hoy estamos aqu\u00ed construyendo puentes. Queremos dejar la invitaci\u00f3n para que participen con nosotros, impulsando sus empresas y sus oportunidades de negocio dentro del Summit Iguassu Valley&#8221;, afirm\u00f3 Donaduzzi.<\/p>\n\n\n\n<p class=\"wp-block-paragraph\">La delegaci\u00f3n brasile\u00f1a en Ciudad del Este estuvo integrada tambi\u00e9n por la directora regional de eventos de Iguassu Valley, Jemna Rhoden; el integrante del Movimiento Cidades Foz do Igua\u00e7u, Ali do Amaral; y el representante del Servicio Brasile\u00f1o de Apoyo a las Micro y Peque\u00f1as Empresas (Sebrae), Felipe Fernandes.<\/p>\n\n\n\n<p class=\"wp-block-paragraph\"><strong>Expansi\u00f3n inmobiliaria y actividad econ\u00f3mica en Alto Paran\u00e1<\/strong><\/p>\n\n\n\n<p class=\"wp-block-paragraph\">La integraci\u00f3n t\u00e9cnica y comercial coincide con un per\u00edodo de aceleraci\u00f3n en la construcci\u00f3n y los negocios corporativos en Ciudad del Este. Durante la presentaci\u00f3n de la feria de inversiones, se expusieron cifras sectoriales que confirman la entrega de 118 edificios nuevos durante los \u00faltimos tres a\u00f1os en la ciudad paraguaya, junto con estimaciones t\u00e9cnicas que proyectan triplicar ese n\u00famero en el pr\u00f3ximo quinquenio.<\/p>\n\n\n\n<p class=\"wp-block-paragraph\">El gobernador de Alto Paran\u00e1, C\u00e9sar Landy Torres, particip\u00f3 de la jornada y present\u00f3 las condiciones locales para la llegada de inversiones orientadas a la infraestructura y la producci\u00f3n departamental. Este crecimiento edilicio y comercial motiv\u00f3 el inter\u00e9s de los directivos de Iguassu Valley para monitorear las transformaciones urbanas y afianzar lazos de trabajo directos con el sector privado del lado paraguayo.<\/p>\n\n\n\n<p class=\"wp-block-paragraph\"><strong>SERVICIO<\/strong><\/p>\n\n\n\n<ul class=\"wp-block-list\">\n<li><strong>Evento:<\/strong> Summit Iguassu Valley 2026.<\/li>\n\n\n\n<li><strong>Fechas:<\/strong> 17 y 18 de septiembre de 2026.<\/li>\n\n\n\n<li><strong>Sede:<\/strong> Foz do Igua\u00e7u, Paran\u00e1, Brasil.<\/li>\n\n\n\n<li><strong>P\u00fablico:<\/strong> Empresas de base tecnol\u00f3gica, inversionistas, profesionales y emprendedores de la regi\u00f3n trinacional.<\/li>\n<\/ul>\n","protected":false},"excerpt":{"rendered":"<p>Ciudad del Este, Alto Paran\u00e1 \u2013 El ecosistema regional de innovaci\u00f3n Iguassu Valley y la C\u00e1mara de Empresarios de Ciudad del Este y Alto Paran\u00e1 firmaron un acuerdo de cooperaci\u00f3n en la frontera para conectar proyectos econ\u00f3micos, tecnol\u00f3gicos y empresariales entre Brasil y Paraguay.<\/p>\n","protected":false},"author":2,"featured_media":853,"comment_status":"open","ping_status":"open","sticky":false,"template":"","format":"standard","meta":{"_sub_headline":"Iguassu Valley y la C\u00e1mara de Empresarios de Ciudad del Este unen agendas t\u00e9cnicas y anuncian participaci\u00f3n en el Summit 2026 de Foz do Igua\u00e7u.","videourl":"","footnotes":""},"categories":[40],"tags":[124,2030,54,106,2029,830,583,2032,2031,329],"class_list":["post-851","post","type-post","status-publish","format-standard","has-post-thumbnail","hentry","category-triple-frontera","tag-alto-parana","tag-camara-de-empresarios-de-ciudad-del-este","tag-ciudad-del-este","tag-foz-do-iguacu","tag-iguassu-valley","tag-innovacion","tag-integracion-regional","tag-inversiones-inmobiliarias","tag-summit-iguassu-valley-2026","tag-triple-frontera"],"yoast_head":"<!-- This site is optimized with the Yoast SEO plugin v28.3 - https:\/\/yoast.com\/product\/yoast-seo-wordpress\/ -->\n<title>Acuerdo de cooperaci\u00f3n en la frontera une a Brasil y Paraguay - Fronteira Livre<\/title>\n<meta name=\"description\" content=\"Entidades de Brasil y Paraguay firman un acuerdo de cooperaci\u00f3n en la frontera para conectar empresas, tecnolog\u00eda y negocios en la regi\u00f3n.\" \/>\n<meta name=\"robots\" content=\"index, follow, max-snippet:-1, max-image-preview:large, max-video-preview:-1\" \/>\n<link rel=\"canonical\" href=\"https:\/\/fronteiralivre.com.br\/es\/acuerdo-cooperacion-frontera-paraguay-brasil\/\" \/>\n<meta property=\"og:locale\" content=\"es_ES\" \/>\n<meta property=\"og:type\" content=\"article\" \/>\n<meta property=\"og:title\" content=\"Acuerdo de cooperaci\u00f3n en la frontera une a Brasil y Paraguay - Fronteira Livre\" \/>\n<meta property=\"og:description\" content=\"Entidades de Brasil y Paraguay firman un acuerdo de cooperaci\u00f3n en la frontera para conectar empresas, tecnolog\u00eda y negocios en la regi\u00f3n.\" \/>\n<meta property=\"og:url\" content=\"https:\/\/fronteiralivre.com.br\/es\/acuerdo-cooperacion-frontera-paraguay-brasil\/\" \/>\n<meta property=\"og:site_name\" content=\"Fronteira Livre\" \/>\n<meta property=\"article:published_time\" content=\"2026-08-31T14:21:14+00:00\" \/>\n<meta property=\"article:modified_time\" content=\"2026-08-31T14:21:15+00:00\" \/>\n<meta property=\"og:image\" content=\"https:\/\/fronteiralivre.com.br\/es\/wp-content\/uploads\/2026\/08\/Iguassu-Valley.webp\" \/>\n\t<meta property=\"og:image:width\" content=\"1140\" \/>\n\t<meta property=\"og:image:height\" content=\"568\" \/>\n\t<meta property=\"og:image:type\" content=\"image\/webp\" \/>\n<meta name=\"author\" content=\"Amilton Farias\" \/>\n<meta name=\"twitter:card\" content=\"summary_large_image\" \/>\n<meta name=\"twitter:label1\" content=\"Escrito por\" \/>\n\t<meta name=\"twitter:data1\" content=\"Amilton Farias\" \/>\n\t<meta name=\"twitter:label2\" content=\"Tiempo de lectura\" \/>\n\t<meta name=\"twitter:data2\" content=\"3 minutos\" \/>\n<script type=\"application\/ld+json\" class=\"yoast-schema-graph\">{\"@context\":\"https:\\\/\\\/schema.org\",\"@graph\":[{\"@type\":\"Article\",\"@id\":\"https:\\\/\\\/fronteiralivre.com.br\\\/es\\\/acuerdo-cooperacion-frontera-paraguay-brasil\\\/#article\",\"isPartOf\":{\"@id\":\"https:\\\/\\\/fronteiralivre.com.br\\\/es\\\/acuerdo-cooperacion-frontera-paraguay-brasil\\\/\"},\"author\":{\"name\":\"Amilton Farias\",\"@id\":\"https:\\\/\\\/fronteiralivre.com.br\\\/es\\\/#\\\/schema\\\/person\\\/69b75b5696283ac4f954edef95e172d0\"},\"headline\":\"Acuerdo de cooperaci\u00f3n en la frontera une a Brasil y Paraguay\",\"datePublished\":\"2026-08-31T14:21:14+00:00\",\"dateModified\":\"2026-08-31T14:21:15+00:00\",\"mainEntityOfPage\":{\"@id\":\"https:\\\/\\\/fronteiralivre.com.br\\\/es\\\/acuerdo-cooperacion-frontera-paraguay-brasil\\\/\"},\"wordCount\":598,\"commentCount\":0,\"image\":{\"@id\":\"https:\\\/\\\/fronteiralivre.com.br\\\/es\\\/acuerdo-cooperacion-frontera-paraguay-brasil\\\/#primaryimage\"},\"thumbnailUrl\":\"https:\\\/\\\/fronteiralivre.com.br\\\/es\\\/wp-content\\\/uploads\\\/2026\\\/08\\\/Iguassu-Valley.webp\",\"keywords\":[\"Alto Paran\u00e1\",\"C\u00e1mara de Empresarios de Ciudad del Este\",\"Ciudad del Este\",\"Foz do Igua\u00e7u\",\"Iguassu Valley\",\"Innovaci\u00f3n\",\"integraci\u00f3n regional\",\"inversiones inmobiliarias\",\"Summit Iguassu Valley 2026\",\"Triple Frontera\"],\"articleSection\":[\"Triple Frontera\"],\"inLanguage\":\"es-AR\",\"potentialAction\":[{\"@type\":\"CommentAction\",\"name\":\"Comment\",\"target\":[\"https:\\\/\\\/fronteiralivre.com.br\\\/es\\\/acuerdo-cooperacion-frontera-paraguay-brasil\\\/#respond\"]}]},{\"@type\":\"WebPage\",\"@id\":\"https:\\\/\\\/fronteiralivre.com.br\\\/es\\\/acuerdo-cooperacion-frontera-paraguay-brasil\\\/\",\"url\":\"https:\\\/\\\/fronteiralivre.com.br\\\/es\\\/acuerdo-cooperacion-frontera-paraguay-brasil\\\/\",\"name\":\"Acuerdo de cooperaci\u00f3n en la frontera une a Brasil y Paraguay - Fronteira Livre\",\"isPartOf\":{\"@id\":\"https:\\\/\\\/fronteiralivre.com.br\\\/es\\\/#website\"},\"primaryImageOfPage\":{\"@id\":\"https:\\\/\\\/fronteiralivre.com.br\\\/es\\\/acuerdo-cooperacion-frontera-paraguay-brasil\\\/#primaryimage\"},\"image\":{\"@id\":\"https:\\\/\\\/fronteiralivre.com.br\\\/es\\\/acuerdo-cooperacion-frontera-paraguay-brasil\\\/#primaryimage\"},\"thumbnailUrl\":\"https:\\\/\\\/fronteiralivre.com.br\\\/es\\\/wp-content\\\/uploads\\\/2026\\\/08\\\/Iguassu-Valley.webp\",\"datePublished\":\"2026-08-31T14:21:14+00:00\",\"dateModified\":\"2026-08-31T14:21:15+00:00\",\"author\":{\"@id\":\"https:\\\/\\\/fronteiralivre.com.br\\\/es\\\/#\\\/schema\\\/person\\\/69b75b5696283ac4f954edef95e172d0\"},\"description\":\"Entidades de Brasil y Paraguay firman un acuerdo de cooperaci\u00f3n en la frontera para conectar empresas, tecnolog\u00eda y negocios en la regi\u00f3n.\",\"breadcrumb\":{\"@id\":\"https:\\\/\\\/fronteiralivre.com.br\\\/es\\\/acuerdo-cooperacion-frontera-paraguay-brasil\\\/#breadcrumb\"},\"inLanguage\":\"es-AR\",\"potentialAction\":[{\"@type\":\"ReadAction\",\"target\":[\"https:\\\/\\\/fronteiralivre.com.br\\\/es\\\/acuerdo-cooperacion-frontera-paraguay-brasil\\\/\"]}]},{\"@type\":\"ImageObject\",\"inLanguage\":\"es-AR\",\"@id\":\"https:\\\/\\\/fronteiralivre.com.br\\\/es\\\/acuerdo-cooperacion-frontera-paraguay-brasil\\\/#primaryimage\",\"url\":\"https:\\\/\\\/fronteiralivre.com.br\\\/es\\\/wp-content\\\/uploads\\\/2026\\\/08\\\/Iguassu-Valley.webp\",\"contentUrl\":\"https:\\\/\\\/fronteiralivre.com.br\\\/es\\\/wp-content\\\/uploads\\\/2026\\\/08\\\/Iguassu-Valley.webp\",\"width\":1140,\"height\":568,\"caption\":\"Representantes empresariales de Paraguay y Brasil durante la firma del convenio bilateral en Ciudad del Este. Foto: Difusi\u00f3n.\"},{\"@type\":\"BreadcrumbList\",\"@id\":\"https:\\\/\\\/fronteiralivre.com.br\\\/es\\\/acuerdo-cooperacion-frontera-paraguay-brasil\\\/#breadcrumb\",\"itemListElement\":[{\"@type\":\"ListItem\",\"position\":1,\"name\":\"Home\",\"item\":\"https:\\\/\\\/fronteiralivre.com.br\\\/es\\\/\"},{\"@type\":\"ListItem\",\"position\":2,\"name\":\"Acuerdo de cooperaci\u00f3n en la frontera une a Brasil y Paraguay\"}]},{\"@type\":\"WebSite\",\"@id\":\"https:\\\/\\\/fronteiralivre.com.br\\\/es\\\/#website\",\"url\":\"https:\\\/\\\/fronteiralivre.com.br\\\/es\\\/\",\"name\":\"Fronteira Livre\",\"description\":\"De Foz do Igua\u00e7u para el mundo.\",\"potentialAction\":[{\"@type\":\"SearchAction\",\"target\":{\"@type\":\"EntryPoint\",\"urlTemplate\":\"https:\\\/\\\/fronteiralivre.com.br\\\/es\\\/?s={search_term_string}\"},\"query-input\":{\"@type\":\"PropertyValueSpecification\",\"valueRequired\":true,\"valueName\":\"search_term_string\"}}],\"inLanguage\":\"es-AR\"},{\"@type\":\"Person\",\"@id\":\"https:\\\/\\\/fronteiralivre.com.br\\\/es\\\/#\\\/schema\\\/person\\\/69b75b5696283ac4f954edef95e172d0\",\"name\":\"Amilton Farias\",\"image\":{\"@type\":\"ImageObject\",\"inLanguage\":\"es-AR\",\"@id\":\"https:\\\/\\\/secure.gravatar.com\\\/avatar\\\/9fe07c446bf96e74022abf469fb49b43748aab858e89a1702d8dced3b8e2dedf?s=96&d=mm&r=g\",\"url\":\"https:\\\/\\\/secure.gravatar.com\\\/avatar\\\/9fe07c446bf96e74022abf469fb49b43748aab858e89a1702d8dced3b8e2dedf?s=96&d=mm&r=g\",\"contentUrl\":\"https:\\\/\\\/secure.gravatar.com\\\/avatar\\\/9fe07c446bf96e74022abf469fb49b43748aab858e89a1702d8dced3b8e2dedf?s=96&d=mm&r=g\",\"caption\":\"Amilton Farias\"},\"description\":\"Amilton Farias es periodista, fundador y editor de Fronteira Livre. Con experiencia en distintos pa\u00edses de Am\u00e9rica Latina y una trayectoria vinculada al periodismo territorial, escribe sobre las fronteras, los territorios y los procesos pol\u00edticos, sociales y culturales que moldean la realidad de los pueblos latinoamericanos.\",\"sameAs\":[\"https:\\\/\\\/fronteiralivre.com.br\\\/es\\\/\"],\"url\":\"https:\\\/\\\/fronteiralivre.com.br\\\/es\\\/author\\\/amilton\\\/\"}]}<\/script>\n<!-- \/ Yoast SEO plugin. -->","yoast_head_json":{"title":"Acuerdo de cooperaci\u00f3n en la frontera une a Brasil y Paraguay - Fronteira Livre","description":"Entidades de Brasil y Paraguay firman un acuerdo de cooperaci\u00f3n en la frontera para conectar empresas, tecnolog\u00eda y negocios en la regi\u00f3n.","robots":{"index":"index","follow":"follow","max-snippet":"max-snippet:-1","max-image-preview":"max-image-preview:large","max-video-preview":"max-video-preview:-1"},"canonical":"https:\/\/fronteiralivre.com.br\/es\/acuerdo-cooperacion-frontera-paraguay-brasil\/","og_locale":"es_ES","og_type":"article","og_title":"Acuerdo de cooperaci\u00f3n en la frontera une a Brasil y Paraguay - Fronteira Livre","og_description":"Entidades de Brasil y Paraguay firman un acuerdo de cooperaci\u00f3n en la frontera para conectar empresas, tecnolog\u00eda y negocios en la regi\u00f3n.","og_url":"https:\/\/fronteiralivre.com.br\/es\/acuerdo-cooperacion-frontera-paraguay-brasil\/","og_site_name":"Fronteira Livre","article_published_time":"2026-08-31T14:21:14+00:00","article_modified_time":"2026-08-31T14:21:15+00:00","og_image":[{"width":1140,"height":568,"url":"https:\/\/fronteiralivre.com.br\/es\/wp-content\/uploads\/2026\/08\/Iguassu-Valley.webp","type":"image\/webp"}],"author":"Amilton Farias","twitter_card":"summary_large_image","twitter_misc":{"Escrito por":"Amilton Farias","Tiempo de lectura":"3 minutos"},"schema":{"@context":"https:\/\/schema.org","@graph":[{"@type":"Article","@id":"https:\/\/fronteiralivre.com.br\/es\/acuerdo-cooperacion-frontera-paraguay-brasil\/#article","isPartOf":{"@id":"https:\/\/fronteiralivre.com.br\/es\/acuerdo-cooperacion-frontera-paraguay-brasil\/"},"author":{"name":"Amilton Farias","@id":"https:\/\/fronteiralivre.com.br\/es\/#\/schema\/person\/69b75b5696283ac4f954edef95e172d0"},"headline":"Acuerdo de cooperaci\u00f3n en la frontera une a Brasil y Paraguay","datePublished":"2026-08-31T14:21:14+00:00","dateModified":"2026-08-31T14:21:15+00:00","mainEntityOfPage":{"@id":"https:\/\/fronteiralivre.com.br\/es\/acuerdo-cooperacion-frontera-paraguay-brasil\/"},"wordCount":598,"commentCount":0,"image":{"@id":"https:\/\/fronteiralivre.com.br\/es\/acuerdo-cooperacion-frontera-paraguay-brasil\/#primaryimage"},"thumbnailUrl":"https:\/\/fronteiralivre.com.br\/es\/wp-content\/uploads\/2026\/08\/Iguassu-Valley.webp","keywords":["Alto Paran\u00e1","C\u00e1mara de Empresarios de Ciudad del Este","Ciudad del Este","Foz do Igua\u00e7u","Iguassu Valley","Innovaci\u00f3n","integraci\u00f3n regional","inversiones inmobiliarias","Summit Iguassu Valley 2026","Triple Frontera"],"articleSection":["Triple Frontera"],"inLanguage":"es-AR","potentialAction":[{"@type":"CommentAction","name":"Comment","target":["https:\/\/fronteiralivre.com.br\/es\/acuerdo-cooperacion-frontera-paraguay-brasil\/#respond"]}]},{"@type":"WebPage","@id":"https:\/\/fronteiralivre.com.br\/es\/acuerdo-cooperacion-frontera-paraguay-brasil\/","url":"https:\/\/fronteiralivre.com.br\/es\/acuerdo-cooperacion-frontera-paraguay-brasil\/","name":"Acuerdo de cooperaci\u00f3n en la frontera une a Brasil y Paraguay - Fronteira Livre","isPartOf":{"@id":"https:\/\/fronteiralivre.com.br\/es\/#website"},"primaryImageOfPage":{"@id":"https:\/\/fronteiralivre.com.br\/es\/acuerdo-cooperacion-frontera-paraguay-brasil\/#primaryimage"},"image":{"@id":"https:\/\/fronteiralivre.com.br\/es\/acuerdo-cooperacion-frontera-paraguay-brasil\/#primaryimage"},"thumbnailUrl":"https:\/\/fronteiralivre.com.br\/es\/wp-content\/uploads\/2026\/08\/Iguassu-Valley.webp","datePublished":"2026-08-31T14:21:14+00:00","dateModified":"2026-08-31T14:21:15+00:00","author":{"@id":"https:\/\/fronteiralivre.com.br\/es\/#\/schema\/person\/69b75b5696283ac4f954edef95e172d0"},"description":"Entidades de Brasil y Paraguay firman un acuerdo de cooperaci\u00f3n en la frontera para conectar empresas, tecnolog\u00eda y negocios en la regi\u00f3n.","breadcrumb":{"@id":"https:\/\/fronteiralivre.com.br\/es\/acuerdo-cooperacion-frontera-paraguay-brasil\/#breadcrumb"},"inLanguage":"es-AR","potentialAction":[{"@type":"ReadAction","target":["https:\/\/fronteiralivre.com.br\/es\/acuerdo-cooperacion-frontera-paraguay-brasil\/"]}]},{"@type":"ImageObject","inLanguage":"es-AR","@id":"https:\/\/fronteiralivre.com.br\/es\/acuerdo-cooperacion-frontera-paraguay-brasil\/#primaryimage","url":"https:\/\/fronteiralivre.com.br\/es\/wp-content\/uploads\/2026\/08\/Iguassu-Valley.webp","contentUrl":"https:\/\/fronteiralivre.com.br\/es\/wp-content\/uploads\/2026\/08\/Iguassu-Valley.webp","width":1140,"height":568,"caption":"Representantes empresariales de Paraguay y Brasil durante la firma del convenio bilateral en Ciudad del Este. Foto: Difusi\u00f3n."},{"@type":"BreadcrumbList","@id":"https:\/\/fronteiralivre.com.br\/es\/acuerdo-cooperacion-frontera-paraguay-brasil\/#breadcrumb","itemListElement":[{"@type":"ListItem","position":1,"name":"Home","item":"https:\/\/fronteiralivre.com.br\/es\/"},{"@type":"ListItem","position":2,"name":"Acuerdo de cooperaci\u00f3n en la frontera une a Brasil y Paraguay"}]},{"@type":"WebSite","@id":"https:\/\/fronteiralivre.com.br\/es\/#website","url":"https:\/\/fronteiralivre.com.br\/es\/","name":"Fronteira Livre","description":"De Foz do Igua\u00e7u para el mundo.","potentialAction":[{"@type":"SearchAction","target":{"@type":"EntryPoint","urlTemplate":"https:\/\/fronteiralivre.com.br\/es\/?s={search_term_string}"},"query-input":{"@type":"PropertyValueSpecification","valueRequired":true,"valueName":"search_term_string"}}],"inLanguage":"es-AR"},{"@type":"Person","@id":"https:\/\/fronteiralivre.com.br\/es\/#\/schema\/person\/69b75b5696283ac4f954edef95e172d0","name":"Amilton Farias","image":{"@type":"ImageObject","inLanguage":"es-AR","@id":"https:\/\/secure.gravatar.com\/avatar\/9fe07c446bf96e74022abf469fb49b43748aab858e89a1702d8dced3b8e2dedf?s=96&d=mm&r=g","url":"https:\/\/secure.gravatar.com\/avatar\/9fe07c446bf96e74022abf469fb49b43748aab858e89a1702d8dced3b8e2dedf?s=96&d=mm&r=g","contentUrl":"https:\/\/secure.gravatar.com\/avatar\/9fe07c446bf96e74022abf469fb49b43748aab858e89a1702d8dced3b8e2dedf?s=96&d=mm&r=g","caption":"Amilton Farias"},"description":"Amilton Farias es periodista, fundador y editor de Fronteira Livre. Con experiencia en distintos pa\u00edses de Am\u00e9rica Latina y una trayectoria vinculada al periodismo territorial, escribe sobre las fronteras, los territorios y los procesos pol\u00edticos, sociales y culturales que moldean la realidad de los pueblos latinoamericanos.","sameAs":["https:\/\/fronteiralivre.com.br\/es\/"],"url":"https:\/\/fronteiralivre.com.br\/es\/author\/amilton\/"}]}},"_links":{"self":[{"href":"https:\/\/fronteiralivre.com.br\/es\/wp-json\/wp\/v2\/posts\/851","targetHints":{"allow":["GET"]}}],"collection":[{"href":"https:\/\/fronteiralivre.com.br\/es\/wp-json\/wp\/v2\/posts"}],"about":[{"href":"https:\/\/fronteiralivre.com.br\/es\/wp-json\/wp\/v2\/types\/post"}],"author":[{"embeddable":true,"href":"https:\/\/fronteiralivre.com.br\/es\/wp-json\/wp\/v2\/users\/2"}],"replies":[{"embeddable":true,"href":"https:\/\/fronteiralivre.com.br\/es\/wp-json\/wp\/v2\/comments?post=851"}],"version-history":[{"count":1,"href":"https:\/\/fronteiralivre.com.br\/es\/wp-json\/wp\/v2\/posts\/851\/revisions"}],"predecessor-version":[{"id":854,"href":"https:\/\/fronteiralivre.com.br\/es\/wp-json\/wp\/v2\/posts\/851\/revisions\/854"}],"wp:featuredmedia":[{"embeddable":true,"href":"https:\/\/fronteiralivre.com.br\/es\/wp-json\/wp\/v2\/media\/853"}],"wp:attachment":[{"href":"https:\/\/fronteiralivre.com.br\/es\/wp-json\/wp\/v2\/media?parent=851"}],"wp:term":[{"taxonomy":"category","embeddable":true,"href":"https:\/\/fronteiralivre.com.br\/es\/wp-json\/wp\/v2\/categories?post=851"},{"taxonomy":"post_tag","embeddable":true,"href":"https:\/\/fronteiralivre.com.br\/es\/wp-json\/wp\/v2\/tags?post=851"}],"curies":[{"name":"wp","href":"https:\/\/api.w.org\/{rel}","templated":true}]}}