{"id":850,"date":"2026-08-31T11:40:46","date_gmt":"2026-08-31T14:40:46","guid":{"rendered":"https:\/\/fronteiralivre.com.br\/es\/?p=850"},"modified":"2026-08-31T11:51:07","modified_gmt":"2026-08-31T14:51:07","slug":"dilma-rousseff-10-anos-del-impeachment-que-cambio-brasil","status":"publish","type":"post","link":"https:\/\/fronteiralivre.com.br\/es\/dilma-rousseff-10-anos-del-impeachment-que-cambio-brasil\/","title":{"rendered":"Dilma Rousseff: 10 a\u00f1os del impeachment que cambi\u00f3 Brasil"},"content":{"rendered":"\n<p class=\"wp-block-paragraph\"><strong>Bras\u00edlia, BR<\/strong> &#8211; El 31 de agosto de 2016, el Senado Federal de Brasil aprob\u00f3 la destituci\u00f3n definitiva de Dilma Rousseff, primera mujer en llegar a la Presidencia del pa\u00eds. Diez a\u00f1os despu\u00e9s, aquella decisi\u00f3n contin\u00faa siendo uno de los acontecimientos centrales para comprender la pol\u00edtica brasile\u00f1a contempor\u00e1nea.<\/p>\n\n\n\n<p class=\"wp-block-paragraph\">El proceso de impeachment hab\u00eda comenzado el 17 de abril de 2016, cuando la C\u00e1mara de Diputados aprob\u00f3 la apertura del juicio pol\u00edtico por 367 votos contra 137. La sesi\u00f3n, transmitida en directo a todo el pa\u00eds, estuvo marcada por discursos en los que diputados justificaron sus votos apelando a Dios, la familia y las iglesias, adem\u00e1s de banderas verdes y amarillas, gritos y manifestaciones que se alejaron de las acusaciones jur\u00eddicas contra la entonces presidenta.<\/p>\n\n\n\n<p class=\"wp-block-paragraph\">Entre los votos que quedaron registrados estuvo el de Jair Bolsonaro, entonces diputado y todav\u00eda poco conocido fuera de los c\u00edrculos de la extrema derecha. Bolsonaro justific\u00f3 su voto&nbsp;<strong>\u201ccontra el comunismo\u201d<\/strong>&nbsp;y&nbsp;<strong>\u201cpor la memoria del coronel Carlos Alberto Brilhante Ustra\u201d<\/strong>, quien hab\u00eda dirigido un centro de represi\u00f3n durante la dictadura militar brasile\u00f1a y fue se\u00f1alado como responsable de torturas contra Rousseff cuando era una joven militante de izquierda.<\/p>\n\n\n\n<p class=\"wp-block-paragraph\">Ese mismo d\u00eda, el diputado Jean Wyllys escupi\u00f3 en el rostro de Bolsonaro despu\u00e9s de recibir insultos y ataques hom\u00f3fobos. La sesi\u00f3n termin\u00f3 convertida en uno de los episodios m\u00e1s controvertidos de la pol\u00edtica brasile\u00f1a reciente y expuso la profunda divisi\u00f3n que atravesaba al pa\u00eds.<\/p>\n\n\n\n<h4 class=\"wp-block-heading\"><strong>Del impeachment al ascenso de Bolsonaro<\/strong><\/h4>\n\n\n\n<p class=\"wp-block-paragraph\">Para Jo\u00e3o Feres J\u00fanior, profesor de Ciencia Pol\u00edtica de la Universidad del Estado de R\u00edo de Janeiro, la destituci\u00f3n de Rousseff form\u00f3 parte de un proceso m\u00e1s amplio de deslegitimaci\u00f3n de la pol\u00edtica brasile\u00f1a que termin\u00f3 favoreciendo el ascenso de Bolsonaro.<\/p>\n\n\n\n<p class=\"wp-block-paragraph\"><em>\u201cEl &#8216;impeachment&#8217; de Rousseff fue fruto de una escalada que llev\u00f3 a la elecci\u00f3n de Bolsonaro, pero detr\u00e1s hubo una causa com\u00fan: la desvalorizaci\u00f3n de la representaci\u00f3n pol\u00edtica y el ataque a su legitimidad, particularmente como producto de la explotaci\u00f3n de esc\u00e1ndalos de corrupci\u00f3n por parte de la prensa y tambi\u00e9n de fuerzas pol\u00edticas. Hubo un proceso que comenz\u00f3 con el esc\u00e1ndalo del Mensal\u00e3o y lleg\u00f3 a la Lava Jato, en el que las instituciones pol\u00edticas fueron fuertemente atacadas, especialmente la representaci\u00f3n\u201d, afirma <strong>Feres.<\/strong><\/em><\/p>\n\n\n\n<p class=\"wp-block-paragraph\">Rousseff hab\u00eda sido elegida presidenta en 2010 con el 56% de los votos y reelegida en 2014 con el 51,64%, frente al socialdem\u00f3crata A\u00e9cio Neves. Sin embargo, inici\u00f3 su segundo mandato en medio de una profunda crisis econ\u00f3mica y pol\u00edtica, mientras la operaci\u00f3n Lava Jato avanzaba y su relaci\u00f3n con el Congreso se deterioraba.<\/p>\n\n\n\n<p class=\"wp-block-paragraph\">En las calles, grandes movilizaciones reclamaban su salida del poder. Las protestas reunieron el rechazo a la corrupci\u00f3n, el descontento econ\u00f3mico y un creciente antipetismo, t\u00e9rmino utilizado para describir la oposici\u00f3n al Partido de los Trabajadores (PT), fundado por Luiz In\u00e1cio Lula da Silva en 1980.<\/p>\n\n\n\n<p class=\"wp-block-paragraph\">Feres se\u00f1ala que la confianza en la Presidencia, que durante los a\u00f1os anteriores hab\u00eda sido una de las instituciones mejor valoradas por los brasile\u00f1os, cay\u00f3 considerablemente. Lula hab\u00eda llegado a registrar cerca del 80% de aprobaci\u00f3n al final de su segundo mandato. Las fuerzas pol\u00edticas y econ\u00f3micas que buscaban sacar al PT del poder consiguieron su objetivo, pero, seg\u00fan el polit\u00f3logo, no anticiparon el crecimiento posterior de la extrema derecha.<\/p>\n\n\n\n<p class=\"wp-block-paragraph\"><em>\u201cLas fuerzas pol\u00edticas que urdieron todo aquello, creo que no previeron el surgimiento de la extrema derecha. Fue una sorpresa para ellos. Es decir, parieron un monstruo que no quer\u00edan y que no imaginaban\u201d,<\/em> se\u00f1ala.<\/p>\n\n\n\n<h4 class=\"wp-block-heading\"><strong>Las controversias sobre el impeachment<\/strong><\/h4>\n\n\n\n<p class=\"wp-block-paragraph\">El argumento jur\u00eddico central del proceso contra Rousseff fueron las llamadas <strong>\u201cpedaladas fiscales\u201d<\/strong>, maniobras contables mediante las cuales el Gobierno retras\u00f3 pagos a bancos p\u00fablicos. Sus detractores consideraron que esas pr\u00e1cticas constitu\u00edan un crimen de responsabilidad, una de las condiciones constitucionales para la destituci\u00f3n de un presidente.<\/p>\n\n\n\n<p class=\"wp-block-paragraph\">Una parte de la sociedad brasile\u00f1a y de la izquierda cuestion\u00f3 esa interpretaci\u00f3n y se\u00f1al\u00f3 que procedimientos similares hab\u00edan sido utilizados por gobiernos anteriores y continuaron despu\u00e9s de la salida de Rousseff.<\/p>\n\n\n\n<p class=\"wp-block-paragraph\">M\u00e1rcia Ribeiro Dias, directora de la Escuela de Ciencia Pol\u00edtica de la Universidad del Estado de R\u00edo de Janeiro, reconoce que el proceso sigui\u00f3 formalmente las etapas previstas en la Constituci\u00f3n, pero considera que tuvo caracter\u00edsticas de un golpe pol\u00edtico.<\/p>\n\n\n\n<p class=\"wp-block-paragraph\"><em>\u201cCuando Dilma fue elegida en 2014, hab\u00eda un programa de gobierno, una orientaci\u00f3n aprobada a trav\u00e9s de las urnas. Cuando se produce el &#8216;impeachment&#8217; de Dilma y la toma de posesi\u00f3n de Michel Temer&nbsp;[su n\u00famero dos], este subvierte el plan de Gobierno aprobado en las urnas e implementa en su lugar un puente hacia el futuro. Peor a\u00fan, no solo aparta a la presidenta de la Rep\u00fablica quien, en teor\u00eda, habr\u00eda cometido el delito, sino a todos los cuadros del Partido de los Trabajadores, que ocupaban cargos gubernamentales\u201d, explica.<\/em><\/p>\n\n\n\n<p class=\"wp-block-paragraph\">Temer asumi\u00f3 la Presidencia y puso en marcha reformas y pol\u00edticas que, seg\u00fan <strong>Ribeiro Dias<\/strong>, respond\u00edan en buena medida al programa de quienes hab\u00edan perdido las elecciones de 2014.<\/p>\n\n\n\n<p class=\"wp-block-paragraph\"><em>\u201cEs ah\u00ed donde veo el golpe: fue contra la voluntad popular aprobada en las urnas. Cuando sustituyes el contenido program\u00e1tico de una agenda gubernamental por el del adversario, est\u00e1s haciendo un golpe contra esa voluntad. Se retir\u00f3 el contenido del PT y se coloc\u00f3 en su lugar una agenda privatizadora y de reducci\u00f3n del Estado\u201d, sostiene la polit\u00f3loga.<\/em><\/p>\n\n\n\n<p class=\"wp-block-paragraph\">Entre las medidas adoptadas durante el Gobierno de Temer estuvo la reforma laboral, que flexibiliz\u00f3 las relaciones entre empleadores y trabajadores y gener\u00f3 un amplio debate sobre las condiciones laborales.<\/p>\n\n\n\n<p class=\"wp-block-paragraph\">La interpretaci\u00f3n sobre el impeachment contin\u00faa dividiendo a la sociedad brasile\u00f1a. Sus defensores sostienen que el Congreso actu\u00f3 dentro de sus atribuciones constitucionales y sigui\u00f3 el procedimiento previsto. Sus cr\u00edticos consideran que la legalidad formal no elimina el car\u00e1cter pol\u00edtico del proceso ni sus consecuencias sobre el resultado electoral de 2014.<\/p>\n\n\n\n<h4 class=\"wp-block-heading\"><strong>El componente de g\u00e9nero<\/strong><\/h4>\n\n\n\n<p class=\"wp-block-paragraph\">La destituci\u00f3n de Rousseff tambi\u00e9n estuvo atravesada por cuestionamientos relacionados con el g\u00e9nero. Fue la primera mujer en llegar a la Presidencia de Brasil y, durante el proceso, recibi\u00f3 insultos y ataques sexistas. La Fundaci\u00f3n Perseu Abramo, vinculada al PT, sostuvo que Rousseff&nbsp;<\/p>\n\n\n\n<p class=\"wp-block-paragraph\"><em>\u201cgobern\u00f3 bajo una campa\u00f1a continua de deslegitimaci\u00f3n, marcada por ataques mis\u00f3ginos, insultos p\u00fablicos y un intento sistem\u00e1tico de reducir la autoridad pol\u00edtica a una caricatura de g\u00e9nero\u201d.<\/em><\/p>\n\n\n\n<p class=\"wp-block-paragraph\">Ribeiro Dias sostiene que el trato recibido por Rousseff estuvo condicionado por estereotipos asociados a las mujeres en posiciones de poder.<\/p>\n\n\n\n<p class=\"wp-block-paragraph\"><em>\u201cUn hombre puede ser incompetente, grosero o agresivo verbalmente y no recibe el mismo tratamiento. Una mujer en esa situaci\u00f3n es llamada loca, descontrolada o incapaz de negociar. Eso fue utilizado contra Dilma. Hab\u00eda misoginia y tambi\u00e9n etarismo. Ella pod\u00eda tener una postura decidida y convicciones firmes, pero esas caracter\u00edsticas fueron interpretadas de una manera mucho m\u00e1s pesada por ser mujer\u201d, afirma.<\/em><\/p>\n\n\n\n<p class=\"wp-block-paragraph\">La votaci\u00f3n de la C\u00e1mara tambi\u00e9n estuvo marcada por ataques personales y por la participaci\u00f3n de sectores religiosos conservadores. Jean Wyllys ha descrito aquella sesi\u00f3n como un episodio\u00a0<strong>\u201cgrotesco\u201d<\/strong>\u00a0y un\u00a0<strong>\u201critual de humillaci\u00f3n\u201d<\/strong>contra Rousseff. Una encuesta de la Confederaci\u00f3n Nacional de Municipios revel\u00f3 en 2024 que m\u00e1s del 60% de las alcaldesas y vicealcaldesas hab\u00edan sufrido alg\u00fan tipo de violencia pol\u00edtica de g\u00e9nero.<\/p>\n\n\n<div class=\"wp-block-image\">\n<figure class=\"aligncenter size-large\"><img loading=\"lazy\" decoding=\"async\" width=\"1024\" height=\"512\" src=\"https:\/\/fronteiralivre.com.br\/es\/wp-content\/uploads\/2026\/08\/Untitled-design-4-2-1-1024x512.webp\" alt=\"\" class=\"wp-image-862\" srcset=\"https:\/\/fronteiralivre.com.br\/es\/wp-content\/uploads\/2026\/08\/Untitled-design-4-2-1-1024x512.webp 1024w, https:\/\/fronteiralivre.com.br\/es\/wp-content\/uploads\/2026\/08\/Untitled-design-4-2-1-300x150.webp 300w, https:\/\/fronteiralivre.com.br\/es\/wp-content\/uploads\/2026\/08\/Untitled-design-4-2-1-768x384.webp 768w, https:\/\/fronteiralivre.com.br\/es\/wp-content\/uploads\/2026\/08\/Untitled-design-4-2-1.webp 1140w\" sizes=\"auto, (max-width: 1024px) 100vw, 1024px\" \/><figcaption class=\"wp-element-caption\">El diputado Bruno Ara\u00fajo celebra en la C\u00e1mara de Diputados tras emitir el voto que defini\u00f3 la apertura del proceso de impeachment contra Dilma Rousseff en 2016. Foto: UESLEI MARCELINO (REUTERS).<\/figcaption><\/figure>\n<\/div>\n\n\n<h4 class=\"wp-block-heading\"><strong>Diez a\u00f1os despu\u00e9s<\/strong><\/h4>\n\n\n\n<p class=\"wp-block-paragraph\">Rousseff dej\u00f3 la pol\u00edtica brasile\u00f1a de primera l\u00ednea, pero posteriormente recuper\u00f3 protagonismo en el escenario internacional. Desde 2023 dirige el Banco de los BRICS, cargo para el que fue ratificada en 2025, y actualmente vive en China. Mientras tanto, varios de los protagonistas del proceso de 2016 perdieron influencia pol\u00edtica. Eduardo Cunha, entonces presidente de la C\u00e1mara de Diputados y considerado uno de los principales articuladores del impeachment, cay\u00f3 posteriormente en desgracia.<\/p>\n\n\n\n<p class=\"wp-block-paragraph\">El precedente anterior de una destituci\u00f3n presidencial en Brasil se remonta a 1992, cuando Fernando Collor enfrent\u00f3 un proceso de impeachment en medio de un esc\u00e1ndalo de corrupci\u00f3n y movilizaciones populares. Collor renunci\u00f3 antes de que terminara el proceso, pero el Senado continu\u00f3 con el procedimiento y confirm\u00f3 su inhabilitaci\u00f3n pol\u00edtica por ocho a\u00f1os. Rousseff fue la segunda presidenta brasile\u00f1a sometida a un proceso de destituci\u00f3n desde la redemocratizaci\u00f3n.<\/p>\n\n\n\n<h4 class=\"wp-block-heading\"><strong>La crisis que abri\u00f3 paso al bolsonarismo<\/strong><\/h4>\n\n\n\n<p class=\"wp-block-paragraph\">La destituci\u00f3n de Rousseff no puso fin a la crisis pol\u00edtica brasile\u00f1a. Por el contrario, profundiz\u00f3 un escenario de confrontaci\u00f3n que dos a\u00f1os despu\u00e9s desembocar\u00eda en la elecci\u00f3n de Bolsonaro. Para Ribeiro Dias, el proceso de 2016 contribuy\u00f3 a ampliar la divisi\u00f3n pol\u00edtica y social y favoreci\u00f3 el surgimiento de un discurso contrario al sistema pol\u00edtico.<\/p>\n\n\n\n<p class=\"wp-block-paragraph\"><em>\u201cEl pa\u00eds ya estaba dividido, pero todav\u00eda no exist\u00eda la radicalizaci\u00f3n que vino despu\u00e9s. El impeachment gener\u00f3 un enfrentamiento que tension\u00f3 las relaciones pol\u00edticas y sociales, y abri\u00f3 espacio para el surgimiento del monstruo bolsonarista. De ah\u00ed naci\u00f3 tambi\u00e9n un discurso antipol\u00edtico: &#8216;Nadie sirve, los pol\u00edticos no sirven, necesitamos una soluci\u00f3n desde fuera&#8217;\u201d, resume.<\/em><\/p>\n\n\n\n<p class=\"wp-block-paragraph\">Para Feres, la elecci\u00f3n de Bolsonaro en 2018 tampoco puede explicarse \u00fanicamente como una conversi\u00f3n masiva del electorado brasile\u00f1o hacia la extrema derecha.<\/p>\n\n\n\n<p class=\"wp-block-paragraph\"><em>\u201cQuienes votaron por Bolsonaro quer\u00edan colocar a un outsider, a alguien de fuera del sistema pol\u00edtico, porque el sistema era percibido como corrupto y podrido. Quien eligi\u00f3 a Bolsonaro no lo hizo por una conversi\u00f3n del electorado brasile\u00f1o al fascismo, sino que fue el resultado de a\u00f1os de desvalorizaci\u00f3n y deslegitimaci\u00f3n de la pol\u00edtica y de las instituciones de representaci\u00f3n\u201d, afirma.<\/em><\/p>\n\n\n\n<p class=\"wp-block-paragraph\">En 2023, tras la derrota electoral de Bolsonaro y el regreso de Luiz In\u00e1cio Lula da Silva a la Presidencia, Brasil enfrent\u00f3 otro intento de ruptura institucional. Bolsonaro fue posteriormente condenado a 27 a\u00f1os y tres meses de prisi\u00f3n por su participaci\u00f3n en el intento de golpe de Estado.<\/p>\n\n\n\n<p class=\"wp-block-paragraph\">Una d\u00e9cada despu\u00e9s del impeachment de Rousseff, las consecuencias pol\u00edticas de aquel proceso contin\u00faan presentes en Brasil, en un escenario marcado por la polarizaci\u00f3n y la disputa por la interpretaci\u00f3n de los acontecimientos de 2016.<\/p>\n\n\n\n<p class=\"wp-block-paragraph\">La posibilidad de un nuevo proceso de destituci\u00f3n tambi\u00e9n forma parte del debate pol\u00edtico, particularmente ante la eventualidad de un cuarto mandato de Lula. Para Ribeiro Dias, sin embargo, el actual presidente cuenta con una capacidad de negociaci\u00f3n y un peso pol\u00edtico e internacional que dificultar\u00edan la repetici\u00f3n de un escenario similar.<\/p>\n\n\n\n<p class=\"wp-block-paragraph\"><em>\u201cLula tiene un perfil conciliador que es muy ventajoso para \u00e9l y una respetabilidad internacional que lo coloca en el foco de cualquier situaci\u00f3n que parezca an\u00f3mala. No creo que su carrera termine en un &#8216;impeachment&#8217;. Un gobierno sin Lula podr\u00eda ser m\u00e1s vulnerable, pero no creo que Brasil viva otro terremoto como aquel\u201d, concluye.<\/em><\/p>\n","protected":false},"excerpt":{"rendered":"<p>Bras\u00edlia, BR &#8211; El 31 de agosto de 2016, el Senado Federal de Brasil aprob\u00f3 la destituci\u00f3n definitiva de Dilma Rousseff, primera mujer en llegar a la Presidencia del pa\u00eds. Diez a\u00f1os despu\u00e9s, aquella decisi\u00f3n contin\u00faa siendo uno de los acontecimientos centrales para comprender la pol\u00edtica brasile\u00f1a contempor\u00e1nea.<\/p>\n","protected":false},"author":7,"featured_media":861,"comment_status":"open","ping_status":"open","sticky":false,"template":"","format":"standard","meta":{"_sub_headline":"La destituci\u00f3n de la primera mujer en llegar a la Presidencia brasile\u00f1a marc\u00f3 un punto de inflexi\u00f3n en el pa\u00eds y antecedi\u00f3 una etapa de fuerte polarizaci\u00f3n, avance de la extrema derecha y transformaci\u00f3n del escenario pol\u00edtico","videourl":"","footnotes":""},"categories":[31],"tags":[664,79,2035,2034,2036,2033,168,636,302],"class_list":["post-850","post","type-post","status-publish","format-standard","has-post-thumbnail","hentry","category-politica","tag-bolsonarismo","tag-brasil","tag-confrontacion-politica","tag-dilma-rousseff","tag-golpe-de-estado-2","tag-inpeachment","tag-lula-da-silva","tag-partido-de-los-trabajadores","tag-protestas"],"yoast_head":"<!-- This site is optimized with the Yoast SEO plugin v28.3 - https:\/\/yoast.com\/product\/yoast-seo-wordpress\/ -->\n<title>Dilma Rousseff: 10 a\u00f1os del impeachment que cambi\u00f3 Brasil - Fronteira Livre<\/title>\n<meta name=\"description\" content=\"A diez a\u00f1os del impeachment de Dilma Rousseff, Brasil recuerda un proceso que profundiz\u00f3 la polarizaci\u00f3n pol\u00edtica y antecedi\u00f3 el ascenso de\" \/>\n<meta name=\"robots\" content=\"index, follow, max-snippet:-1, max-image-preview:large, max-video-preview:-1\" \/>\n<link rel=\"canonical\" href=\"https:\/\/fronteiralivre.com.br\/es\/dilma-rousseff-10-anos-del-impeachment-que-cambio-brasil\/\" \/>\n<meta property=\"og:locale\" content=\"es_ES\" \/>\n<meta property=\"og:type\" content=\"article\" \/>\n<meta property=\"og:title\" content=\"Dilma Rousseff: 10 a\u00f1os del impeachment que cambi\u00f3 Brasil - Fronteira Livre\" \/>\n<meta property=\"og:description\" content=\"A diez a\u00f1os del impeachment de Dilma Rousseff, Brasil recuerda un proceso que profundiz\u00f3 la polarizaci\u00f3n pol\u00edtica y antecedi\u00f3 el ascenso de\" \/>\n<meta property=\"og:url\" content=\"https:\/\/fronteiralivre.com.br\/es\/dilma-rousseff-10-anos-del-impeachment-que-cambio-brasil\/\" \/>\n<meta property=\"og:site_name\" content=\"Fronteira Livre\" \/>\n<meta property=\"article:published_time\" content=\"2026-08-31T14:40:46+00:00\" \/>\n<meta property=\"article:modified_time\" content=\"2026-08-31T14:51:07+00:00\" \/>\n<meta property=\"og:image\" content=\"https:\/\/fronteiralivre.com.br\/es\/wp-content\/uploads\/2026\/08\/Untitled-design-3-3.webp\" \/>\n\t<meta property=\"og:image:width\" content=\"1140\" \/>\n\t<meta property=\"og:image:height\" content=\"570\" \/>\n\t<meta property=\"og:image:type\" content=\"image\/webp\" \/>\n<meta name=\"author\" content=\"Steve Rodr\u00edguez\" \/>\n<meta name=\"twitter:card\" content=\"summary_large_image\" \/>\n<meta name=\"twitter:label1\" content=\"Escrito por\" \/>\n\t<meta name=\"twitter:data1\" content=\"Steve Rodr\u00edguez\" \/>\n\t<meta name=\"twitter:label2\" content=\"Tiempo de lectura\" \/>\n\t<meta name=\"twitter:data2\" content=\"9 minutos\" \/>\n<script type=\"application\/ld+json\" class=\"yoast-schema-graph\">{\"@context\":\"https:\\\/\\\/schema.org\",\"@graph\":[{\"@type\":\"Article\",\"@id\":\"https:\\\/\\\/fronteiralivre.com.br\\\/es\\\/dilma-rousseff-10-anos-del-impeachment-que-cambio-brasil\\\/#article\",\"isPartOf\":{\"@id\":\"https:\\\/\\\/fronteiralivre.com.br\\\/es\\\/dilma-rousseff-10-anos-del-impeachment-que-cambio-brasil\\\/\"},\"author\":{\"name\":\"Steve Rodr\u00edguez\",\"@id\":\"https:\\\/\\\/fronteiralivre.com.br\\\/es\\\/#\\\/schema\\\/person\\\/3c3ddfa3b04a2720a84b3f9bdf3dbd6b\"},\"headline\":\"Dilma Rousseff: 10 a\u00f1os del impeachment que cambi\u00f3 Brasil\",\"datePublished\":\"2026-08-31T14:40:46+00:00\",\"dateModified\":\"2026-08-31T14:51:07+00:00\",\"mainEntityOfPage\":{\"@id\":\"https:\\\/\\\/fronteiralivre.com.br\\\/es\\\/dilma-rousseff-10-anos-del-impeachment-que-cambio-brasil\\\/\"},\"wordCount\":1955,\"commentCount\":0,\"image\":{\"@id\":\"https:\\\/\\\/fronteiralivre.com.br\\\/es\\\/dilma-rousseff-10-anos-del-impeachment-que-cambio-brasil\\\/#primaryimage\"},\"thumbnailUrl\":\"https:\\\/\\\/fronteiralivre.com.br\\\/es\\\/wp-content\\\/uploads\\\/2026\\\/08\\\/Untitled-design-3-3.webp\",\"keywords\":[\"Bolsonarismo\",\"Brasil\",\"confrontaci\u00f3n pol\u00edtica\",\"Dilma Rousseff\",\"Golpe de Estado\",\"Inpeachment\",\"Lula da Silva\",\"Partido de los Trabajadores\",\"Protestas\"],\"articleSection\":[\"Pol\u00edtica\"],\"inLanguage\":\"es-AR\",\"potentialAction\":[{\"@type\":\"CommentAction\",\"name\":\"Comment\",\"target\":[\"https:\\\/\\\/fronteiralivre.com.br\\\/es\\\/dilma-rousseff-10-anos-del-impeachment-que-cambio-brasil\\\/#respond\"]}]},{\"@type\":\"WebPage\",\"@id\":\"https:\\\/\\\/fronteiralivre.com.br\\\/es\\\/dilma-rousseff-10-anos-del-impeachment-que-cambio-brasil\\\/\",\"url\":\"https:\\\/\\\/fronteiralivre.com.br\\\/es\\\/dilma-rousseff-10-anos-del-impeachment-que-cambio-brasil\\\/\",\"name\":\"Dilma Rousseff: 10 a\u00f1os del impeachment que cambi\u00f3 Brasil - Fronteira Livre\",\"isPartOf\":{\"@id\":\"https:\\\/\\\/fronteiralivre.com.br\\\/es\\\/#website\"},\"primaryImageOfPage\":{\"@id\":\"https:\\\/\\\/fronteiralivre.com.br\\\/es\\\/dilma-rousseff-10-anos-del-impeachment-que-cambio-brasil\\\/#primaryimage\"},\"image\":{\"@id\":\"https:\\\/\\\/fronteiralivre.com.br\\\/es\\\/dilma-rousseff-10-anos-del-impeachment-que-cambio-brasil\\\/#primaryimage\"},\"thumbnailUrl\":\"https:\\\/\\\/fronteiralivre.com.br\\\/es\\\/wp-content\\\/uploads\\\/2026\\\/08\\\/Untitled-design-3-3.webp\",\"datePublished\":\"2026-08-31T14:40:46+00:00\",\"dateModified\":\"2026-08-31T14:51:07+00:00\",\"author\":{\"@id\":\"https:\\\/\\\/fronteiralivre.com.br\\\/es\\\/#\\\/schema\\\/person\\\/3c3ddfa3b04a2720a84b3f9bdf3dbd6b\"},\"description\":\"A diez a\u00f1os del impeachment de Dilma Rousseff, Brasil recuerda un proceso que profundiz\u00f3 la polarizaci\u00f3n pol\u00edtica y antecedi\u00f3 el ascenso de\",\"breadcrumb\":{\"@id\":\"https:\\\/\\\/fronteiralivre.com.br\\\/es\\\/dilma-rousseff-10-anos-del-impeachment-que-cambio-brasil\\\/#breadcrumb\"},\"inLanguage\":\"es-AR\",\"potentialAction\":[{\"@type\":\"ReadAction\",\"target\":[\"https:\\\/\\\/fronteiralivre.com.br\\\/es\\\/dilma-rousseff-10-anos-del-impeachment-que-cambio-brasil\\\/\"]}]},{\"@type\":\"ImageObject\",\"inLanguage\":\"es-AR\",\"@id\":\"https:\\\/\\\/fronteiralivre.com.br\\\/es\\\/dilma-rousseff-10-anos-del-impeachment-que-cambio-brasil\\\/#primaryimage\",\"url\":\"https:\\\/\\\/fronteiralivre.com.br\\\/es\\\/wp-content\\\/uploads\\\/2026\\\/08\\\/Untitled-design-3-3.webp\",\"contentUrl\":\"https:\\\/\\\/fronteiralivre.com.br\\\/es\\\/wp-content\\\/uploads\\\/2026\\\/08\\\/Untitled-design-3-3.webp\",\"width\":1140,\"height\":570,\"caption\":\"El impeachment de Dilma Rousseff marc\u00f3 un punto de inflexi\u00f3n en Brasil, profundizando la polarizaci\u00f3n pol\u00edtica y abriendo paso al ascenso de la extrema derecha. Foto: Fotograma de la pel\u00edcula Democracia em Vertigem.\"},{\"@type\":\"BreadcrumbList\",\"@id\":\"https:\\\/\\\/fronteiralivre.com.br\\\/es\\\/dilma-rousseff-10-anos-del-impeachment-que-cambio-brasil\\\/#breadcrumb\",\"itemListElement\":[{\"@type\":\"ListItem\",\"position\":1,\"name\":\"Home\",\"item\":\"https:\\\/\\\/fronteiralivre.com.br\\\/es\\\/\"},{\"@type\":\"ListItem\",\"position\":2,\"name\":\"Dilma Rousseff: 10 a\u00f1os del impeachment que cambi\u00f3 Brasil\"}]},{\"@type\":\"WebSite\",\"@id\":\"https:\\\/\\\/fronteiralivre.com.br\\\/es\\\/#website\",\"url\":\"https:\\\/\\\/fronteiralivre.com.br\\\/es\\\/\",\"name\":\"Fronteira Livre\",\"description\":\"De Foz do Igua\u00e7u para el mundo.\",\"potentialAction\":[{\"@type\":\"SearchAction\",\"target\":{\"@type\":\"EntryPoint\",\"urlTemplate\":\"https:\\\/\\\/fronteiralivre.com.br\\\/es\\\/?s={search_term_string}\"},\"query-input\":{\"@type\":\"PropertyValueSpecification\",\"valueRequired\":true,\"valueName\":\"search_term_string\"}}],\"inLanguage\":\"es-AR\"},{\"@type\":\"Person\",\"@id\":\"https:\\\/\\\/fronteiralivre.com.br\\\/es\\\/#\\\/schema\\\/person\\\/3c3ddfa3b04a2720a84b3f9bdf3dbd6b\",\"name\":\"Steve Rodr\u00edguez\",\"image\":{\"@type\":\"ImageObject\",\"inLanguage\":\"es-AR\",\"@id\":\"https:\\\/\\\/secure.gravatar.com\\\/avatar\\\/fc4acaf4a72962ec0c75e1dba58041dba48457881f6bce3b14ad81e35610c6f3?s=96&d=mm&r=g\",\"url\":\"https:\\\/\\\/secure.gravatar.com\\\/avatar\\\/fc4acaf4a72962ec0c75e1dba58041dba48457881f6bce3b14ad81e35610c6f3?s=96&d=mm&r=g\",\"contentUrl\":\"https:\\\/\\\/secure.gravatar.com\\\/avatar\\\/fc4acaf4a72962ec0c75e1dba58041dba48457881f6bce3b14ad81e35610c6f3?s=96&d=mm&r=g\",\"caption\":\"Steve Rodr\u00edguez\"},\"description\":\"Steve Rodr\u00edguez es reportero de Fronteira Livre, investigador y doctorando en la Universidad Federal de Integraci\u00f3n Latinoamericana (UNILA). Posee una formaci\u00f3n interdisciplinaria en narrativa audiovisual, estudios culturales latinoamericanos y pr\u00e1cticas pedag\u00f3gicas anticoloniales. Su trayectoria articula la creaci\u00f3n art\u00edstica en \u00e1mbitos como el teatro, el cine y la cultura visual con la reflexi\u00f3n cr\u00edtica y la investigaci\u00f3n acad\u00e9mica, desde una perspectiva inspirada en los estudios visuales desarrollados por Nicholas Mirzoeff.\",\"url\":\"https:\\\/\\\/fronteiralivre.com.br\\\/es\\\/author\\\/steverodrigues\\\/\"}]}<\/script>\n<!-- \/ Yoast SEO plugin. -->","yoast_head_json":{"title":"Dilma Rousseff: 10 a\u00f1os del impeachment que cambi\u00f3 Brasil - Fronteira Livre","description":"A diez a\u00f1os del impeachment de Dilma Rousseff, Brasil recuerda un proceso que profundiz\u00f3 la polarizaci\u00f3n pol\u00edtica y antecedi\u00f3 el ascenso de","robots":{"index":"index","follow":"follow","max-snippet":"max-snippet:-1","max-image-preview":"max-image-preview:large","max-video-preview":"max-video-preview:-1"},"canonical":"https:\/\/fronteiralivre.com.br\/es\/dilma-rousseff-10-anos-del-impeachment-que-cambio-brasil\/","og_locale":"es_ES","og_type":"article","og_title":"Dilma Rousseff: 10 a\u00f1os del impeachment que cambi\u00f3 Brasil - Fronteira Livre","og_description":"A diez a\u00f1os del impeachment de Dilma Rousseff, Brasil recuerda un proceso que profundiz\u00f3 la polarizaci\u00f3n pol\u00edtica y antecedi\u00f3 el ascenso de","og_url":"https:\/\/fronteiralivre.com.br\/es\/dilma-rousseff-10-anos-del-impeachment-que-cambio-brasil\/","og_site_name":"Fronteira Livre","article_published_time":"2026-08-31T14:40:46+00:00","article_modified_time":"2026-08-31T14:51:07+00:00","og_image":[{"width":1140,"height":570,"url":"https:\/\/fronteiralivre.com.br\/es\/wp-content\/uploads\/2026\/08\/Untitled-design-3-3.webp","type":"image\/webp"}],"author":"Steve Rodr\u00edguez","twitter_card":"summary_large_image","twitter_misc":{"Escrito por":"Steve Rodr\u00edguez","Tiempo de lectura":"9 minutos"},"schema":{"@context":"https:\/\/schema.org","@graph":[{"@type":"Article","@id":"https:\/\/fronteiralivre.com.br\/es\/dilma-rousseff-10-anos-del-impeachment-que-cambio-brasil\/#article","isPartOf":{"@id":"https:\/\/fronteiralivre.com.br\/es\/dilma-rousseff-10-anos-del-impeachment-que-cambio-brasil\/"},"author":{"name":"Steve Rodr\u00edguez","@id":"https:\/\/fronteiralivre.com.br\/es\/#\/schema\/person\/3c3ddfa3b04a2720a84b3f9bdf3dbd6b"},"headline":"Dilma Rousseff: 10 a\u00f1os del impeachment que cambi\u00f3 Brasil","datePublished":"2026-08-31T14:40:46+00:00","dateModified":"2026-08-31T14:51:07+00:00","mainEntityOfPage":{"@id":"https:\/\/fronteiralivre.com.br\/es\/dilma-rousseff-10-anos-del-impeachment-que-cambio-brasil\/"},"wordCount":1955,"commentCount":0,"image":{"@id":"https:\/\/fronteiralivre.com.br\/es\/dilma-rousseff-10-anos-del-impeachment-que-cambio-brasil\/#primaryimage"},"thumbnailUrl":"https:\/\/fronteiralivre.com.br\/es\/wp-content\/uploads\/2026\/08\/Untitled-design-3-3.webp","keywords":["Bolsonarismo","Brasil","confrontaci\u00f3n pol\u00edtica","Dilma Rousseff","Golpe de Estado","Inpeachment","Lula da Silva","Partido de los Trabajadores","Protestas"],"articleSection":["Pol\u00edtica"],"inLanguage":"es-AR","potentialAction":[{"@type":"CommentAction","name":"Comment","target":["https:\/\/fronteiralivre.com.br\/es\/dilma-rousseff-10-anos-del-impeachment-que-cambio-brasil\/#respond"]}]},{"@type":"WebPage","@id":"https:\/\/fronteiralivre.com.br\/es\/dilma-rousseff-10-anos-del-impeachment-que-cambio-brasil\/","url":"https:\/\/fronteiralivre.com.br\/es\/dilma-rousseff-10-anos-del-impeachment-que-cambio-brasil\/","name":"Dilma Rousseff: 10 a\u00f1os del impeachment que cambi\u00f3 Brasil - Fronteira Livre","isPartOf":{"@id":"https:\/\/fronteiralivre.com.br\/es\/#website"},"primaryImageOfPage":{"@id":"https:\/\/fronteiralivre.com.br\/es\/dilma-rousseff-10-anos-del-impeachment-que-cambio-brasil\/#primaryimage"},"image":{"@id":"https:\/\/fronteiralivre.com.br\/es\/dilma-rousseff-10-anos-del-impeachment-que-cambio-brasil\/#primaryimage"},"thumbnailUrl":"https:\/\/fronteiralivre.com.br\/es\/wp-content\/uploads\/2026\/08\/Untitled-design-3-3.webp","datePublished":"2026-08-31T14:40:46+00:00","dateModified":"2026-08-31T14:51:07+00:00","author":{"@id":"https:\/\/fronteiralivre.com.br\/es\/#\/schema\/person\/3c3ddfa3b04a2720a84b3f9bdf3dbd6b"},"description":"A diez a\u00f1os del impeachment de Dilma Rousseff, Brasil recuerda un proceso que profundiz\u00f3 la polarizaci\u00f3n pol\u00edtica y antecedi\u00f3 el ascenso de","breadcrumb":{"@id":"https:\/\/fronteiralivre.com.br\/es\/dilma-rousseff-10-anos-del-impeachment-que-cambio-brasil\/#breadcrumb"},"inLanguage":"es-AR","potentialAction":[{"@type":"ReadAction","target":["https:\/\/fronteiralivre.com.br\/es\/dilma-rousseff-10-anos-del-impeachment-que-cambio-brasil\/"]}]},{"@type":"ImageObject","inLanguage":"es-AR","@id":"https:\/\/fronteiralivre.com.br\/es\/dilma-rousseff-10-anos-del-impeachment-que-cambio-brasil\/#primaryimage","url":"https:\/\/fronteiralivre.com.br\/es\/wp-content\/uploads\/2026\/08\/Untitled-design-3-3.webp","contentUrl":"https:\/\/fronteiralivre.com.br\/es\/wp-content\/uploads\/2026\/08\/Untitled-design-3-3.webp","width":1140,"height":570,"caption":"El impeachment de Dilma Rousseff marc\u00f3 un punto de inflexi\u00f3n en Brasil, profundizando la polarizaci\u00f3n pol\u00edtica y abriendo paso al ascenso de la extrema derecha. Foto: Fotograma de la pel\u00edcula Democracia em Vertigem."},{"@type":"BreadcrumbList","@id":"https:\/\/fronteiralivre.com.br\/es\/dilma-rousseff-10-anos-del-impeachment-que-cambio-brasil\/#breadcrumb","itemListElement":[{"@type":"ListItem","position":1,"name":"Home","item":"https:\/\/fronteiralivre.com.br\/es\/"},{"@type":"ListItem","position":2,"name":"Dilma Rousseff: 10 a\u00f1os del impeachment que cambi\u00f3 Brasil"}]},{"@type":"WebSite","@id":"https:\/\/fronteiralivre.com.br\/es\/#website","url":"https:\/\/fronteiralivre.com.br\/es\/","name":"Fronteira Livre","description":"De Foz do Igua\u00e7u para el mundo.","potentialAction":[{"@type":"SearchAction","target":{"@type":"EntryPoint","urlTemplate":"https:\/\/fronteiralivre.com.br\/es\/?s={search_term_string}"},"query-input":{"@type":"PropertyValueSpecification","valueRequired":true,"valueName":"search_term_string"}}],"inLanguage":"es-AR"},{"@type":"Person","@id":"https:\/\/fronteiralivre.com.br\/es\/#\/schema\/person\/3c3ddfa3b04a2720a84b3f9bdf3dbd6b","name":"Steve Rodr\u00edguez","image":{"@type":"ImageObject","inLanguage":"es-AR","@id":"https:\/\/secure.gravatar.com\/avatar\/fc4acaf4a72962ec0c75e1dba58041dba48457881f6bce3b14ad81e35610c6f3?s=96&d=mm&r=g","url":"https:\/\/secure.gravatar.com\/avatar\/fc4acaf4a72962ec0c75e1dba58041dba48457881f6bce3b14ad81e35610c6f3?s=96&d=mm&r=g","contentUrl":"https:\/\/secure.gravatar.com\/avatar\/fc4acaf4a72962ec0c75e1dba58041dba48457881f6bce3b14ad81e35610c6f3?s=96&d=mm&r=g","caption":"Steve Rodr\u00edguez"},"description":"Steve Rodr\u00edguez es reportero de Fronteira Livre, investigador y doctorando en la Universidad Federal de Integraci\u00f3n Latinoamericana (UNILA). Posee una formaci\u00f3n interdisciplinaria en narrativa audiovisual, estudios culturales latinoamericanos y pr\u00e1cticas pedag\u00f3gicas anticoloniales. Su trayectoria articula la creaci\u00f3n art\u00edstica en \u00e1mbitos como el teatro, el cine y la cultura visual con la reflexi\u00f3n cr\u00edtica y la investigaci\u00f3n acad\u00e9mica, desde una perspectiva inspirada en los estudios visuales desarrollados por Nicholas Mirzoeff.","url":"https:\/\/fronteiralivre.com.br\/es\/author\/steverodrigues\/"}]}},"_links":{"self":[{"href":"https:\/\/fronteiralivre.com.br\/es\/wp-json\/wp\/v2\/posts\/850","targetHints":{"allow":["GET"]}}],"collection":[{"href":"https:\/\/fronteiralivre.com.br\/es\/wp-json\/wp\/v2\/posts"}],"about":[{"href":"https:\/\/fronteiralivre.com.br\/es\/wp-json\/wp\/v2\/types\/post"}],"author":[{"embeddable":true,"href":"https:\/\/fronteiralivre.com.br\/es\/wp-json\/wp\/v2\/users\/7"}],"replies":[{"embeddable":true,"href":"https:\/\/fronteiralivre.com.br\/es\/wp-json\/wp\/v2\/comments?post=850"}],"version-history":[{"count":2,"href":"https:\/\/fronteiralivre.com.br\/es\/wp-json\/wp\/v2\/posts\/850\/revisions"}],"predecessor-version":[{"id":869,"href":"https:\/\/fronteiralivre.com.br\/es\/wp-json\/wp\/v2\/posts\/850\/revisions\/869"}],"wp:featuredmedia":[{"embeddable":true,"href":"https:\/\/fronteiralivre.com.br\/es\/wp-json\/wp\/v2\/media\/861"}],"wp:attachment":[{"href":"https:\/\/fronteiralivre.com.br\/es\/wp-json\/wp\/v2\/media?parent=850"}],"wp:term":[{"taxonomy":"category","embeddable":true,"href":"https:\/\/fronteiralivre.com.br\/es\/wp-json\/wp\/v2\/categories?post=850"},{"taxonomy":"post_tag","embeddable":true,"href":"https:\/\/fronteiralivre.com.br\/es\/wp-json\/wp\/v2\/tags?post=850"}],"curies":[{"name":"wp","href":"https:\/\/api.w.org\/{rel}","templated":true}]}}