{"id":845,"date":"2026-08-31T11:13:43","date_gmt":"2026-08-31T14:13:43","guid":{"rendered":"https:\/\/fronteiralivre.com.br\/es\/?p=845"},"modified":"2026-08-31T11:15:42","modified_gmt":"2026-08-31T14:15:42","slug":"victimas-de-la-guerra-civil-siguen-esperando-justicia-en-el-salvador","status":"publish","type":"post","link":"https:\/\/fronteiralivre.com.br\/es\/victimas-de-la-guerra-civil-siguen-esperando-justicia-en-el-salvador\/","title":{"rendered":"V\u00edctimas de la guerra civil siguen esperando justicia en El Salvador"},"content":{"rendered":"\n<p class=\"wp-block-paragraph\"><strong>San Salvador, SLV<\/strong> &#8211; La Comisi\u00f3n de Derechos Humanos de El Salvador (CDHES) denunci\u00f3 este domingo que el Estado salvadore\u00f1o contin\u00faa en deuda con las v\u00edctimas de la guerra civil que afect\u00f3 al pa\u00eds entre 1980 y 1992.<\/p>\n\n\n\n<p class=\"wp-block-paragraph\">El conflicto armado dej\u00f3 un saldo de 75.000 muertos, unos 8.000 desaparecidos y cientos de masacres, con un fuerte impacto sobre la poblaci\u00f3n civil, especialmente en las comunidades rurales. La organizaci\u00f3n, integrada por familiares de v\u00edctimas del conflicto, realiz\u00f3 el reclamo en el marco del D\u00eda Internacional de las V\u00edctimas de Desapariciones Forzadas, que se conmemora cada 30 de agosto.<\/p>\n\n\n\n<p class=\"wp-block-paragraph\">La CDHES reclam\u00f3 al Estado medidas de verdad, justicia y reparaci\u00f3n para las v\u00edctimas y sus familiares.\u00a0<\/p>\n\n\n\n<p class=\"wp-block-paragraph\"><em><strong>&#8220;<\/strong>El Estado salvadore\u00f1o sigue en deuda con las v\u00edctimas de las desapariciones forzadas del conflicto armado y las desapariciones actuales&#8221;, se\u00f1alaron integrantes de la organizaci\u00f3n.<\/em><\/p>\n\n\n\n<p class=\"wp-block-paragraph\">Los activistas tambi\u00e9n advirtieron sobre la necesidad de preservar la memoria de las v\u00edctimas y evitar que sus historias sean olvidadas.\u00a0<\/p>\n\n\n\n<p class=\"wp-block-paragraph\"><em>&#8220;No se debe olvidar el sufrimiento de las v\u00edctimas&#8221;, se\u00f1alaron.<\/em><\/p>\n\n\n\n<h4 class=\"wp-block-heading\"><strong>V\u00edctimas llevan m\u00e1s de 40 a\u00f1os esperando respuestas<\/strong><\/h4>\n\n\n\n<p class=\"wp-block-paragraph\">Organizaciones de derechos humanos se\u00f1alaron que muchas v\u00edctimas del conflicto armado contin\u00faan esperando respuestas sobre los hechos ocurridos durante la guerra civil. Una parte de las personas afectadas son actualmente adultos mayores que llevan m\u00e1s de cuatro d\u00e9cadas reclamando el esclarecimiento de los hechos, justicia y reparaci\u00f3n.<\/p>\n\n\n\n<p class=\"wp-block-paragraph\">Los activistas cuestionaron la falta de acompa\u00f1amiento estatal a las v\u00edctimas durante distintos gobiernos y sostuvieron que esta deuda hist\u00f3rica contin\u00faa durante la administraci\u00f3n del presidente Nayib Bukele. A las demandas relacionadas con los cr\u00edmenes cometidos durante la guerra se suman se\u00f1alamientos de organizaciones de derechos humanos sobre presuntas violaciones de derechos humanos durante el actual Gobierno.<\/p>\n\n\n\n<h4 class=\"wp-block-heading\"><strong>Guerra civil y Acuerdos de Paz<\/strong><\/h4>\n\n\n\n<p class=\"wp-block-paragraph\">La guerra civil salvadore\u00f1a se desarroll\u00f3 entre 1980 y 1992, en un contexto marcado por la pobreza, la desigualdad social y la represi\u00f3n militar. Uno de los principales antecedentes del conflicto fue el asesinato de monse\u00f1or \u00d3scar Arnulfo Romero, ocurrido el 24 de marzo de 1980. El religioso fue asesinado por un francotirador mientras denunciaba las violaciones de derechos humanos que afectaban a sectores vulnerables de la poblaci\u00f3n salvadore\u00f1a.<\/p>\n\n\n\n<p class=\"wp-block-paragraph\">El conflicto concluy\u00f3 con la firma de los Acuerdos de Paz el 16 de enero de 1992, en el Castillo de Chapultepec, en Ciudad de M\u00e9xico. El acuerdo puso fin a 12 a\u00f1os de guerra civil. Desde la llegada de Nayib Bukele al poder, en 2019, El Salvador no organiza actos oficiales para conmemorar la firma de los Acuerdos de Paz.<\/p>\n\n\n\n<p class=\"wp-block-paragraph\">La CDHES mantiene el reclamo para que el Estado avance en el esclarecimiento de los hechos ocurridos durante el conflicto, la b\u00fasqueda de las personas desaparecidas y la reparaci\u00f3n de las v\u00edctimas y sus familiares.<\/p>\n","protected":false},"excerpt":{"rendered":"<p>San Salvador, SLV &#8211; La Comisi\u00f3n de Derechos Humanos de El Salvador (CDHES) denunci\u00f3 este domingo que el Estado salvadore\u00f1o contin\u00faa en deuda con las v\u00edctimas de la guerra civil que afect\u00f3 al pa\u00eds entre 1980 y 1992.<\/p>\n","protected":false},"author":7,"featured_media":846,"comment_status":"open","ping_status":"open","sticky":false,"template":"","format":"standard","meta":{"_sub_headline":"La Comisi\u00f3n de Derechos Humanos de El Salvador reclama verdad, justicia y reparaci\u00f3n para las v\u00edctimas del conflicto armado que dej\u00f3 75.000 muertos y unos 8.000 desaparecidos entre 1980 y 1992","videourl":"","footnotes":""},"categories":[37],"tags":[2023,199,2025,1053,2024,2028,2027,2026],"class_list":["post-845","post","type-post","status-publish","format-standard","has-post-thumbnail","hentry","category-sociedad","tag-acuerdos-de-paz","tag-derechos-humanos","tag-desigualdad-social","tag-el-salvador","tag-guerra-civil","tag-justicia-historica","tag-nayib-bukele","tag-represion-militar"],"yoast_head":"<!-- This site is optimized with the Yoast SEO plugin v28.3 - https:\/\/yoast.com\/product\/yoast-seo-wordpress\/ -->\n<title>V\u00edctimas de la guerra civil siguen esperando justicia en El Salvador - Fronteira Livre<\/title>\n<meta name=\"description\" content=\"La CDHES denuncia que El Salvador sigue en deuda con las v\u00edctimas de la guerra civil y reclama verdad, justicia y reparaci\u00f3n por los hechos\" \/>\n<meta name=\"robots\" content=\"index, follow, max-snippet:-1, max-image-preview:large, max-video-preview:-1\" \/>\n<link rel=\"canonical\" href=\"https:\/\/fronteiralivre.com.br\/es\/victimas-de-la-guerra-civil-siguen-esperando-justicia-en-el-salvador\/\" \/>\n<meta property=\"og:locale\" content=\"es_ES\" \/>\n<meta property=\"og:type\" content=\"article\" \/>\n<meta property=\"og:title\" content=\"V\u00edctimas de la guerra civil siguen esperando justicia en El Salvador - Fronteira Livre\" \/>\n<meta property=\"og:description\" content=\"La CDHES denuncia que El Salvador sigue en deuda con las v\u00edctimas de la guerra civil y reclama verdad, justicia y reparaci\u00f3n por los hechos\" \/>\n<meta property=\"og:url\" content=\"https:\/\/fronteiralivre.com.br\/es\/victimas-de-la-guerra-civil-siguen-esperando-justicia-en-el-salvador\/\" \/>\n<meta property=\"og:site_name\" content=\"Fronteira Livre\" \/>\n<meta property=\"article:published_time\" content=\"2026-08-31T14:13:43+00:00\" \/>\n<meta property=\"article:modified_time\" content=\"2026-08-31T14:15:42+00:00\" \/>\n<meta property=\"og:image\" content=\"https:\/\/fronteiralivre.com.br\/es\/wp-content\/uploads\/2026\/08\/Untitled-design-1-2-1.webp\" \/>\n\t<meta property=\"og:image:width\" content=\"1140\" \/>\n\t<meta property=\"og:image:height\" content=\"570\" \/>\n\t<meta property=\"og:image:type\" content=\"image\/webp\" \/>\n<meta name=\"author\" content=\"Steve Rodr\u00edguez\" \/>\n<meta name=\"twitter:card\" content=\"summary_large_image\" \/>\n<meta name=\"twitter:label1\" content=\"Escrito por\" \/>\n\t<meta name=\"twitter:data1\" content=\"Steve Rodr\u00edguez\" \/>\n\t<meta name=\"twitter:label2\" content=\"Tiempo de lectura\" \/>\n\t<meta name=\"twitter:data2\" content=\"3 minutos\" \/>\n<script type=\"application\/ld+json\" class=\"yoast-schema-graph\">{\"@context\":\"https:\\\/\\\/schema.org\",\"@graph\":[{\"@type\":\"Article\",\"@id\":\"https:\\\/\\\/fronteiralivre.com.br\\\/es\\\/victimas-de-la-guerra-civil-siguen-esperando-justicia-en-el-salvador\\\/#article\",\"isPartOf\":{\"@id\":\"https:\\\/\\\/fronteiralivre.com.br\\\/es\\\/victimas-de-la-guerra-civil-siguen-esperando-justicia-en-el-salvador\\\/\"},\"author\":{\"name\":\"Steve Rodr\u00edguez\",\"@id\":\"https:\\\/\\\/fronteiralivre.com.br\\\/es\\\/#\\\/schema\\\/person\\\/3c3ddfa3b04a2720a84b3f9bdf3dbd6b\"},\"headline\":\"V\u00edctimas de la guerra civil siguen esperando justicia en El Salvador\",\"datePublished\":\"2026-08-31T14:13:43+00:00\",\"dateModified\":\"2026-08-31T14:15:42+00:00\",\"mainEntityOfPage\":{\"@id\":\"https:\\\/\\\/fronteiralivre.com.br\\\/es\\\/victimas-de-la-guerra-civil-siguen-esperando-justicia-en-el-salvador\\\/\"},\"wordCount\":498,\"commentCount\":0,\"image\":{\"@id\":\"https:\\\/\\\/fronteiralivre.com.br\\\/es\\\/victimas-de-la-guerra-civil-siguen-esperando-justicia-en-el-salvador\\\/#primaryimage\"},\"thumbnailUrl\":\"https:\\\/\\\/fronteiralivre.com.br\\\/es\\\/wp-content\\\/uploads\\\/2026\\\/08\\\/Untitled-design-1-2-1.webp\",\"keywords\":[\"Acuerdos de Paz\",\"derechos humanos\",\"desigualdad social\",\"El Salvador\",\"Guerra Civil\",\"Justicia hist\u00f3rica\",\"Nayib Bukele\",\"represi\u00f3n militar\"],\"articleSection\":[\"Sociedad\"],\"inLanguage\":\"es-AR\",\"potentialAction\":[{\"@type\":\"CommentAction\",\"name\":\"Comment\",\"target\":[\"https:\\\/\\\/fronteiralivre.com.br\\\/es\\\/victimas-de-la-guerra-civil-siguen-esperando-justicia-en-el-salvador\\\/#respond\"]}]},{\"@type\":\"WebPage\",\"@id\":\"https:\\\/\\\/fronteiralivre.com.br\\\/es\\\/victimas-de-la-guerra-civil-siguen-esperando-justicia-en-el-salvador\\\/\",\"url\":\"https:\\\/\\\/fronteiralivre.com.br\\\/es\\\/victimas-de-la-guerra-civil-siguen-esperando-justicia-en-el-salvador\\\/\",\"name\":\"V\u00edctimas de la guerra civil siguen esperando justicia en El Salvador - Fronteira Livre\",\"isPartOf\":{\"@id\":\"https:\\\/\\\/fronteiralivre.com.br\\\/es\\\/#website\"},\"primaryImageOfPage\":{\"@id\":\"https:\\\/\\\/fronteiralivre.com.br\\\/es\\\/victimas-de-la-guerra-civil-siguen-esperando-justicia-en-el-salvador\\\/#primaryimage\"},\"image\":{\"@id\":\"https:\\\/\\\/fronteiralivre.com.br\\\/es\\\/victimas-de-la-guerra-civil-siguen-esperando-justicia-en-el-salvador\\\/#primaryimage\"},\"thumbnailUrl\":\"https:\\\/\\\/fronteiralivre.com.br\\\/es\\\/wp-content\\\/uploads\\\/2026\\\/08\\\/Untitled-design-1-2-1.webp\",\"datePublished\":\"2026-08-31T14:13:43+00:00\",\"dateModified\":\"2026-08-31T14:15:42+00:00\",\"author\":{\"@id\":\"https:\\\/\\\/fronteiralivre.com.br\\\/es\\\/#\\\/schema\\\/person\\\/3c3ddfa3b04a2720a84b3f9bdf3dbd6b\"},\"description\":\"La CDHES denuncia que El Salvador sigue en deuda con las v\u00edctimas de la guerra civil y reclama verdad, justicia y reparaci\u00f3n por los hechos\",\"breadcrumb\":{\"@id\":\"https:\\\/\\\/fronteiralivre.com.br\\\/es\\\/victimas-de-la-guerra-civil-siguen-esperando-justicia-en-el-salvador\\\/#breadcrumb\"},\"inLanguage\":\"es-AR\",\"potentialAction\":[{\"@type\":\"ReadAction\",\"target\":[\"https:\\\/\\\/fronteiralivre.com.br\\\/es\\\/victimas-de-la-guerra-civil-siguen-esperando-justicia-en-el-salvador\\\/\"]}]},{\"@type\":\"ImageObject\",\"inLanguage\":\"es-AR\",\"@id\":\"https:\\\/\\\/fronteiralivre.com.br\\\/es\\\/victimas-de-la-guerra-civil-siguen-esperando-justicia-en-el-salvador\\\/#primaryimage\",\"url\":\"https:\\\/\\\/fronteiralivre.com.br\\\/es\\\/wp-content\\\/uploads\\\/2026\\\/08\\\/Untitled-design-1-2-1.webp\",\"contentUrl\":\"https:\\\/\\\/fronteiralivre.com.br\\\/es\\\/wp-content\\\/uploads\\\/2026\\\/08\\\/Untitled-design-1-2-1.webp\",\"width\":1140,\"height\":570,\"caption\":\"Familiares de v\u00edctimas de la guerra civil de El Salvador reclaman verdad, justicia y reparaci\u00f3n. Foto: EFE.\"},{\"@type\":\"BreadcrumbList\",\"@id\":\"https:\\\/\\\/fronteiralivre.com.br\\\/es\\\/victimas-de-la-guerra-civil-siguen-esperando-justicia-en-el-salvador\\\/#breadcrumb\",\"itemListElement\":[{\"@type\":\"ListItem\",\"position\":1,\"name\":\"Home\",\"item\":\"https:\\\/\\\/fronteiralivre.com.br\\\/es\\\/\"},{\"@type\":\"ListItem\",\"position\":2,\"name\":\"V\u00edctimas de la guerra civil siguen esperando justicia en El Salvador\"}]},{\"@type\":\"WebSite\",\"@id\":\"https:\\\/\\\/fronteiralivre.com.br\\\/es\\\/#website\",\"url\":\"https:\\\/\\\/fronteiralivre.com.br\\\/es\\\/\",\"name\":\"Fronteira Livre\",\"description\":\"De Foz do Igua\u00e7u para el mundo.\",\"potentialAction\":[{\"@type\":\"SearchAction\",\"target\":{\"@type\":\"EntryPoint\",\"urlTemplate\":\"https:\\\/\\\/fronteiralivre.com.br\\\/es\\\/?s={search_term_string}\"},\"query-input\":{\"@type\":\"PropertyValueSpecification\",\"valueRequired\":true,\"valueName\":\"search_term_string\"}}],\"inLanguage\":\"es-AR\"},{\"@type\":\"Person\",\"@id\":\"https:\\\/\\\/fronteiralivre.com.br\\\/es\\\/#\\\/schema\\\/person\\\/3c3ddfa3b04a2720a84b3f9bdf3dbd6b\",\"name\":\"Steve Rodr\u00edguez\",\"image\":{\"@type\":\"ImageObject\",\"inLanguage\":\"es-AR\",\"@id\":\"https:\\\/\\\/secure.gravatar.com\\\/avatar\\\/fc4acaf4a72962ec0c75e1dba58041dba48457881f6bce3b14ad81e35610c6f3?s=96&d=mm&r=g\",\"url\":\"https:\\\/\\\/secure.gravatar.com\\\/avatar\\\/fc4acaf4a72962ec0c75e1dba58041dba48457881f6bce3b14ad81e35610c6f3?s=96&d=mm&r=g\",\"contentUrl\":\"https:\\\/\\\/secure.gravatar.com\\\/avatar\\\/fc4acaf4a72962ec0c75e1dba58041dba48457881f6bce3b14ad81e35610c6f3?s=96&d=mm&r=g\",\"caption\":\"Steve Rodr\u00edguez\"},\"description\":\"Steve Rodr\u00edguez es reportero de Fronteira Livre, investigador y doctorando en la Universidad Federal de Integraci\u00f3n Latinoamericana (UNILA). Posee una formaci\u00f3n interdisciplinaria en narrativa audiovisual, estudios culturales latinoamericanos y pr\u00e1cticas pedag\u00f3gicas anticoloniales. Su trayectoria articula la creaci\u00f3n art\u00edstica en \u00e1mbitos como el teatro, el cine y la cultura visual con la reflexi\u00f3n cr\u00edtica y la investigaci\u00f3n acad\u00e9mica, desde una perspectiva inspirada en los estudios visuales desarrollados por Nicholas Mirzoeff.\",\"url\":\"https:\\\/\\\/fronteiralivre.com.br\\\/es\\\/author\\\/steverodrigues\\\/\"}]}<\/script>\n<!-- \/ Yoast SEO plugin. -->","yoast_head_json":{"title":"V\u00edctimas de la guerra civil siguen esperando justicia en El Salvador - Fronteira Livre","description":"La CDHES denuncia que El Salvador sigue en deuda con las v\u00edctimas de la guerra civil y reclama verdad, justicia y reparaci\u00f3n por los hechos","robots":{"index":"index","follow":"follow","max-snippet":"max-snippet:-1","max-image-preview":"max-image-preview:large","max-video-preview":"max-video-preview:-1"},"canonical":"https:\/\/fronteiralivre.com.br\/es\/victimas-de-la-guerra-civil-siguen-esperando-justicia-en-el-salvador\/","og_locale":"es_ES","og_type":"article","og_title":"V\u00edctimas de la guerra civil siguen esperando justicia en El Salvador - Fronteira Livre","og_description":"La CDHES denuncia que El Salvador sigue en deuda con las v\u00edctimas de la guerra civil y reclama verdad, justicia y reparaci\u00f3n por los hechos","og_url":"https:\/\/fronteiralivre.com.br\/es\/victimas-de-la-guerra-civil-siguen-esperando-justicia-en-el-salvador\/","og_site_name":"Fronteira Livre","article_published_time":"2026-08-31T14:13:43+00:00","article_modified_time":"2026-08-31T14:15:42+00:00","og_image":[{"width":1140,"height":570,"url":"https:\/\/fronteiralivre.com.br\/es\/wp-content\/uploads\/2026\/08\/Untitled-design-1-2-1.webp","type":"image\/webp"}],"author":"Steve Rodr\u00edguez","twitter_card":"summary_large_image","twitter_misc":{"Escrito por":"Steve Rodr\u00edguez","Tiempo de lectura":"3 minutos"},"schema":{"@context":"https:\/\/schema.org","@graph":[{"@type":"Article","@id":"https:\/\/fronteiralivre.com.br\/es\/victimas-de-la-guerra-civil-siguen-esperando-justicia-en-el-salvador\/#article","isPartOf":{"@id":"https:\/\/fronteiralivre.com.br\/es\/victimas-de-la-guerra-civil-siguen-esperando-justicia-en-el-salvador\/"},"author":{"name":"Steve Rodr\u00edguez","@id":"https:\/\/fronteiralivre.com.br\/es\/#\/schema\/person\/3c3ddfa3b04a2720a84b3f9bdf3dbd6b"},"headline":"V\u00edctimas de la guerra civil siguen esperando justicia en El Salvador","datePublished":"2026-08-31T14:13:43+00:00","dateModified":"2026-08-31T14:15:42+00:00","mainEntityOfPage":{"@id":"https:\/\/fronteiralivre.com.br\/es\/victimas-de-la-guerra-civil-siguen-esperando-justicia-en-el-salvador\/"},"wordCount":498,"commentCount":0,"image":{"@id":"https:\/\/fronteiralivre.com.br\/es\/victimas-de-la-guerra-civil-siguen-esperando-justicia-en-el-salvador\/#primaryimage"},"thumbnailUrl":"https:\/\/fronteiralivre.com.br\/es\/wp-content\/uploads\/2026\/08\/Untitled-design-1-2-1.webp","keywords":["Acuerdos de Paz","derechos humanos","desigualdad social","El Salvador","Guerra Civil","Justicia hist\u00f3rica","Nayib Bukele","represi\u00f3n militar"],"articleSection":["Sociedad"],"inLanguage":"es-AR","potentialAction":[{"@type":"CommentAction","name":"Comment","target":["https:\/\/fronteiralivre.com.br\/es\/victimas-de-la-guerra-civil-siguen-esperando-justicia-en-el-salvador\/#respond"]}]},{"@type":"WebPage","@id":"https:\/\/fronteiralivre.com.br\/es\/victimas-de-la-guerra-civil-siguen-esperando-justicia-en-el-salvador\/","url":"https:\/\/fronteiralivre.com.br\/es\/victimas-de-la-guerra-civil-siguen-esperando-justicia-en-el-salvador\/","name":"V\u00edctimas de la guerra civil siguen esperando justicia en El Salvador - Fronteira Livre","isPartOf":{"@id":"https:\/\/fronteiralivre.com.br\/es\/#website"},"primaryImageOfPage":{"@id":"https:\/\/fronteiralivre.com.br\/es\/victimas-de-la-guerra-civil-siguen-esperando-justicia-en-el-salvador\/#primaryimage"},"image":{"@id":"https:\/\/fronteiralivre.com.br\/es\/victimas-de-la-guerra-civil-siguen-esperando-justicia-en-el-salvador\/#primaryimage"},"thumbnailUrl":"https:\/\/fronteiralivre.com.br\/es\/wp-content\/uploads\/2026\/08\/Untitled-design-1-2-1.webp","datePublished":"2026-08-31T14:13:43+00:00","dateModified":"2026-08-31T14:15:42+00:00","author":{"@id":"https:\/\/fronteiralivre.com.br\/es\/#\/schema\/person\/3c3ddfa3b04a2720a84b3f9bdf3dbd6b"},"description":"La CDHES denuncia que El Salvador sigue en deuda con las v\u00edctimas de la guerra civil y reclama verdad, justicia y reparaci\u00f3n por los hechos","breadcrumb":{"@id":"https:\/\/fronteiralivre.com.br\/es\/victimas-de-la-guerra-civil-siguen-esperando-justicia-en-el-salvador\/#breadcrumb"},"inLanguage":"es-AR","potentialAction":[{"@type":"ReadAction","target":["https:\/\/fronteiralivre.com.br\/es\/victimas-de-la-guerra-civil-siguen-esperando-justicia-en-el-salvador\/"]}]},{"@type":"ImageObject","inLanguage":"es-AR","@id":"https:\/\/fronteiralivre.com.br\/es\/victimas-de-la-guerra-civil-siguen-esperando-justicia-en-el-salvador\/#primaryimage","url":"https:\/\/fronteiralivre.com.br\/es\/wp-content\/uploads\/2026\/08\/Untitled-design-1-2-1.webp","contentUrl":"https:\/\/fronteiralivre.com.br\/es\/wp-content\/uploads\/2026\/08\/Untitled-design-1-2-1.webp","width":1140,"height":570,"caption":"Familiares de v\u00edctimas de la guerra civil de El Salvador reclaman verdad, justicia y reparaci\u00f3n. Foto: EFE."},{"@type":"BreadcrumbList","@id":"https:\/\/fronteiralivre.com.br\/es\/victimas-de-la-guerra-civil-siguen-esperando-justicia-en-el-salvador\/#breadcrumb","itemListElement":[{"@type":"ListItem","position":1,"name":"Home","item":"https:\/\/fronteiralivre.com.br\/es\/"},{"@type":"ListItem","position":2,"name":"V\u00edctimas de la guerra civil siguen esperando justicia en El Salvador"}]},{"@type":"WebSite","@id":"https:\/\/fronteiralivre.com.br\/es\/#website","url":"https:\/\/fronteiralivre.com.br\/es\/","name":"Fronteira Livre","description":"De Foz do Igua\u00e7u para el mundo.","potentialAction":[{"@type":"SearchAction","target":{"@type":"EntryPoint","urlTemplate":"https:\/\/fronteiralivre.com.br\/es\/?s={search_term_string}"},"query-input":{"@type":"PropertyValueSpecification","valueRequired":true,"valueName":"search_term_string"}}],"inLanguage":"es-AR"},{"@type":"Person","@id":"https:\/\/fronteiralivre.com.br\/es\/#\/schema\/person\/3c3ddfa3b04a2720a84b3f9bdf3dbd6b","name":"Steve Rodr\u00edguez","image":{"@type":"ImageObject","inLanguage":"es-AR","@id":"https:\/\/secure.gravatar.com\/avatar\/fc4acaf4a72962ec0c75e1dba58041dba48457881f6bce3b14ad81e35610c6f3?s=96&d=mm&r=g","url":"https:\/\/secure.gravatar.com\/avatar\/fc4acaf4a72962ec0c75e1dba58041dba48457881f6bce3b14ad81e35610c6f3?s=96&d=mm&r=g","contentUrl":"https:\/\/secure.gravatar.com\/avatar\/fc4acaf4a72962ec0c75e1dba58041dba48457881f6bce3b14ad81e35610c6f3?s=96&d=mm&r=g","caption":"Steve Rodr\u00edguez"},"description":"Steve Rodr\u00edguez es reportero de Fronteira Livre, investigador y doctorando en la Universidad Federal de Integraci\u00f3n Latinoamericana (UNILA). Posee una formaci\u00f3n interdisciplinaria en narrativa audiovisual, estudios culturales latinoamericanos y pr\u00e1cticas pedag\u00f3gicas anticoloniales. Su trayectoria articula la creaci\u00f3n art\u00edstica en \u00e1mbitos como el teatro, el cine y la cultura visual con la reflexi\u00f3n cr\u00edtica y la investigaci\u00f3n acad\u00e9mica, desde una perspectiva inspirada en los estudios visuales desarrollados por Nicholas Mirzoeff.","url":"https:\/\/fronteiralivre.com.br\/es\/author\/steverodrigues\/"}]}},"_links":{"self":[{"href":"https:\/\/fronteiralivre.com.br\/es\/wp-json\/wp\/v2\/posts\/845","targetHints":{"allow":["GET"]}}],"collection":[{"href":"https:\/\/fronteiralivre.com.br\/es\/wp-json\/wp\/v2\/posts"}],"about":[{"href":"https:\/\/fronteiralivre.com.br\/es\/wp-json\/wp\/v2\/types\/post"}],"author":[{"embeddable":true,"href":"https:\/\/fronteiralivre.com.br\/es\/wp-json\/wp\/v2\/users\/7"}],"replies":[{"embeddable":true,"href":"https:\/\/fronteiralivre.com.br\/es\/wp-json\/wp\/v2\/comments?post=845"}],"version-history":[{"count":3,"href":"https:\/\/fronteiralivre.com.br\/es\/wp-json\/wp\/v2\/posts\/845\/revisions"}],"predecessor-version":[{"id":849,"href":"https:\/\/fronteiralivre.com.br\/es\/wp-json\/wp\/v2\/posts\/845\/revisions\/849"}],"wp:featuredmedia":[{"embeddable":true,"href":"https:\/\/fronteiralivre.com.br\/es\/wp-json\/wp\/v2\/media\/846"}],"wp:attachment":[{"href":"https:\/\/fronteiralivre.com.br\/es\/wp-json\/wp\/v2\/media?parent=845"}],"wp:term":[{"taxonomy":"category","embeddable":true,"href":"https:\/\/fronteiralivre.com.br\/es\/wp-json\/wp\/v2\/categories?post=845"},{"taxonomy":"post_tag","embeddable":true,"href":"https:\/\/fronteiralivre.com.br\/es\/wp-json\/wp\/v2\/tags?post=845"}],"curies":[{"name":"wp","href":"https:\/\/api.w.org\/{rel}","templated":true}]}}