{"id":839,"date":"2026-08-30T17:59:19","date_gmt":"2026-08-30T20:59:19","guid":{"rendered":"https:\/\/fronteiralivre.com.br\/es\/?p=839"},"modified":"2026-08-30T18:02:13","modified_gmt":"2026-08-30T21:02:13","slug":"farmear-aura-la-expresion-que-los-jovenes-convirtieron-en-fenomeno-viral","status":"publish","type":"post","link":"https:\/\/fronteiralivre.com.br\/es\/farmear-aura-la-expresion-que-los-jovenes-convirtieron-en-fenomeno-viral\/","title":{"rendered":"\u201cFarmear aura\u201d: la expresi\u00f3n que los j\u00f3venes convirtieron en fen\u00f3meno viral"},"content":{"rendered":"\n<p class=\"wp-block-paragraph\"><strong>Foz do Iguaz\u00fa, BR<\/strong> &#8211; \u201cFarmear aura\u201d se convirti\u00f3 en una expresi\u00f3n habitual entre los j\u00f3venes en redes sociales para describir una pr\u00e1ctica que, aunque tiene un nombre reciente, acompa\u00f1a a las sociedades desde hace siglos: la b\u00fasqueda de presencia, carisma, seguridad y reconocimiento.<\/p>\n\n\n\n<p class=\"wp-block-paragraph\">En el lenguaje de internet, tener \u201caura\u201d significa poseer una especie de magnetismo dif\u00edcil de explicar. Se relaciona con la capacidad de parecer interesante, seguro, misterioso o atractivo sin demostrar demasiado esfuerzo para conseguirlo.<\/p>\n\n\n\n<p class=\"wp-block-paragraph\">\u201cFarmear aura\u201d consiste precisamente en realizar acciones que aumenten ese supuesto capital invisible. Resolver una situaci\u00f3n inc\u00f3moda sin perder la calma puede sumar puntos, mientras que tropezarse cuando todos est\u00e1n mirando o esforzarse demasiado por parecer&nbsp;<em>cool<\/em>&nbsp;puede provocar una especie de \u201cbancarrota simb\u00f3lica\u201d.<\/p>\n\n\n\n<p class=\"wp-block-paragraph\">La expresi\u00f3n\u00a0<em>aura farming<\/em>\u00a0ya aparece recogida en el Cambridge Dictionary como la pr\u00e1ctica de realizar acciones destinadas a proyectar una personalidad atractiva o interesante. Las redes sociales incluso desarrollaron una especie de sistema de puntuaci\u00f3n imaginario: \u201c+1.000 puntos de aura\u201d, \u201c-5.000 puntos\u201d o \u201caura infinita\u201d. La broma funciona porque existe una comprensi\u00f3n colectiva sobre aquello que se est\u00e1 evaluando.<\/p>\n\n\n\n<p class=\"wp-block-paragraph\">La palabra es nueva, pero la conducta no. Durante siglos se utilizaron conceptos como honor, gracia, elegancia, distinci\u00f3n, carisma,\u00a0<em>cool<\/em>\u00a0o capital simb\u00f3lico para describir diferentes formas de proyectar caracter\u00edsticas que otras personas reconocen como especiales. TikTok simplemente actualiz\u00f3 el vocabulario.<\/p>\n\n\n\n<h4 class=\"wp-block-heading\"><strong>Antes del algoritmo, ya exist\u00eda el \u201caura\u201d<\/strong><\/h4>\n\n\n\n<p class=\"wp-block-paragraph\">Si TikTok hubiera existido en el siglo XVII, Luis XIV probablemente habr\u00eda entendido r\u00e1pidamente su l\u00f3gica. En Versalles, levantarse, vestirse, comer y participar en determinados momentos de la rutina del monarca pod\u00edan convertirse en ceremonias cuidadosamente reguladas. La proximidad al rey representaba un privilegio y, al mismo tiempo, comunicaba una determinada posici\u00f3n social.<\/p>\n\n\n\n<p class=\"wp-block-paragraph\">La corte funcionaba mediante una compleja red de etiquetas, ceremonias, jerarqu\u00edas e interdependencias. Versalles era tambi\u00e9n una estructura dedicada a la producci\u00f3n y exhibici\u00f3n del prestigio. Luis XIV no se limitaba a tener poder: deb\u00eda escenificarlo. El palacio, la vestimenta, las fiestas, el protocolo y la administraci\u00f3n de sus apariciones contribu\u00edan a construir una figura excepcional.<\/p>\n\n\n\n<p class=\"wp-block-paragraph\">En t\u00e9rminos actuales, podr\u00eda decirse que Luis XIV estaba \u201cfarmando aura\u201d a escala estatal. La diferencia es que entonces se necesitaban un palacio, una corte y cientos de espectadores para sostener la representaci\u00f3n. Hoy puede bastar un tel\u00e9fono celular con c\u00e1mara.<\/p>\n\n\n\n<h4 class=\"wp-block-heading\"><strong>El antiguo arte de parecer espont\u00e1neo<\/strong><\/h4>\n\n\n\n<p class=\"wp-block-paragraph\">Uno de los antecedentes de esta l\u00f3gica puede encontrarse en George \u201cBeau\u201d Brummell, una figura asociada al dandismo de comienzos del siglo XIX. Brummell convirti\u00f3 la manera de vestir y comportarse en una importante fuente de influencia social. Su estilo evitaba la extravagancia y apostaba por la precisi\u00f3n, la sobriedad y una atenci\u00f3n casi obsesiva a los detalles.<\/p>\n\n\n\n<p class=\"wp-block-paragraph\">Su verdadero talento, sin embargo, consist\u00eda en conseguir que todo aquello pareciera sencillo. La combinaci\u00f3n entre una preparaci\u00f3n minuciosa y una aparente despreocupaci\u00f3n fue fundamental en su manera de entender la elegancia.<\/p>\n\n\n\n<p class=\"wp-block-paragraph\">Brummell perfeccion\u00f3 as\u00ed una de las reglas fundamentales de la construcci\u00f3n del aura: cuanto m\u00e1s evidente es el esfuerzo por parecer interesante, menos interesante puede parecer la persona.<\/p>\n\n\n\n<p class=\"wp-block-paragraph\">Pero la idea es todav\u00eda m\u00e1s antigua. En 1528, Baldassare Castiglione formul\u00f3 en \u201cEl cortesano\u201d el concepto de\u00a0<em>sprezzatura<\/em>: la capacidad de ejecutar algo dif\u00edcil haciendo que parezca f\u00e1cil, ocultando el esfuerzo y el artificio que existen detr\u00e1s.<\/p>\n\n\n\n<p class=\"wp-block-paragraph\">Cinco siglos despu\u00e9s, la l\u00f3gica contin\u00faa vigente. Un video aparentemente improvisado puede requerir decenas de tomas. Un estilo que parece elegido sin pensar puede haber necesitado horas de preparaci\u00f3n. Una persona puede dedicar a\u00f1os a desarrollar determinados conocimientos culturales y despu\u00e9s presentarlos como si fueran completamente naturales. El esfuerzo para parecer espont\u00e1neo tambi\u00e9n puede formar parte de la representaci\u00f3n.<\/p>\n\n\n\n<h4 class=\"wp-block-heading\">Cuando el carisma se convierte en competencia<\/h4>\n\n\n\n<p class=\"wp-block-paragraph\">Las actuales\u00a0<em>aura battles<\/em>\u00a0llevan esta din\u00e1mica hasta convertirla en una competici\u00f3n expl\u00edcita. La pr\u00e1ctica guarda semejanzas con las batallas de\u00a0<em>breaking<\/em>\u00a0y otras danzas urbanas surgidas en el ecosistema del hip-hop neoyorquino durante la d\u00e9cada de 1970. En esas disputas, dos bailarines se enfrentan por turnos y no solo importa la dificultad t\u00e9cnica, sino tambi\u00e9n la actitud, la capacidad de responder al rival y el carisma.<\/p>\n\n\n\n<p class=\"wp-block-paragraph\">La misma l\u00f3gica puede encontrarse en diferentes escenas de la cultura adolescente: batallas de animadoras, concursos de baile o situaciones en las que dos grupos intentan demostrar cu\u00e1l de ellos consigue dominar una escena frente a una audiencia. Cambian los movimientos, pero la l\u00f3gica es similar: no basta con hacerlo bien; tambi\u00e9n hay que apropiarse de la escena.<\/p>\n\n\n\n<p class=\"wp-block-paragraph\">En las nuevas&nbsp;<em>aura battles<\/em>, esa segunda dimensi\u00f3n se convierte directamente en el objetivo. Gestos, poses, memes y peque\u00f1os movimientos sirven para determinar qui\u00e9n consigue imponerse.<\/p>\n\n\n\n<p class=\"wp-block-paragraph\">Ya no se compite \u00fanicamente por hacer algo dif\u00edcil, sino por conseguir que una acci\u00f3n resulte memorable. El carisma se convierte as\u00ed en una especie de deporte de competici\u00f3n. La din\u00e1mica tambi\u00e9n muestra una caracter\u00edstica fundamental del aura: no depende \u00fanicamente de quien la posee. Necesita que otra persona la reconozca.<\/p>\n\n\n\n<h4 class=\"wp-block-heading\"><strong>Del prestigio social a los \u201caura points\u201d<\/strong><\/h4>\n\n\n\n<p class=\"wp-block-paragraph\">El soci\u00f3logo franc\u00e9s Pierre Bourdieu probablemente no habr\u00eda utilizado la expresi\u00f3n \u201cfarmear aura\u201d, pero su trabajo permite comprender el mecanismo.<\/p>\n\n\n\n<p class=\"wp-block-paragraph\">En \u201cLa distinci\u00f3n\u201d, Bourdieu explic\u00f3 c\u00f3mo los gustos pueden funcionar como formas de clasificaci\u00f3n social. La m\u00fasica que escuchamos, los libros que leemos, la ropa que utilizamos o los restaurantes que conocemos no expresan \u00fanicamente preferencias individuales. Tambi\u00e9n pueden comunicar familiaridad con determinados c\u00f3digos culturales.<\/p>\n\n\n\n<p class=\"wp-block-paragraph\">Bourdieu denomin\u00f3 capital cultural a esos conocimientos y competencias. Cuando reciben reconocimiento social, pueden transformarse en capital simb\u00f3lico: prestigio, legitimidad y autoridad. En el lenguaje de las redes sociales, podr\u00eda traducirse de manera informal como \u201caura points\u201d.<\/p>\n\n\n\n<p class=\"wp-block-paragraph\">Reconocer un bolso sin logotipo, conocer a un dise\u00f1ador antes de que se vuelva popular o descubrir un restaurante antes de que se convierta en tendencia pueden funcionar como se\u00f1ales de distinci\u00f3n.<\/p>\n\n\n\n<p class=\"wp-block-paragraph\">El soci\u00f3logo alem\u00e1n Georg Simmel a\u00f1adi\u00f3 otra dimensi\u00f3n al explicar que la moda se construye a partir de una tensi\u00f3n entre imitaci\u00f3n y diferenciaci\u00f3n. Queremos pertenecer, pero tambi\u00e9n buscamos diferenciarnos. Queremos conocer una tendencia, pero no necesariamente llegar cuando ya todo el mundo la conoce.<\/p>\n\n\n\n<h4 class=\"wp-block-heading\"><strong>Las redes ponen puntuaci\u00f3n a la imagen personal<\/strong><\/h4>\n\n\n\n<p class=\"wp-block-paragraph\">El soci\u00f3logo canadiense Erving Goffman describi\u00f3 la vida social como una representaci\u00f3n. Los individuos presentan diferentes versiones de s\u00ed mismos ante distintas audiencias y procuran administrar la impresi\u00f3n que producen.<\/p>\n\n\n\n<p class=\"wp-block-paragraph\">Las redes sociales a\u00f1adieron una nueva dimensi\u00f3n a ese proceso: el supuesto\u00a0<em>backstage<\/em>\u00a0tambi\u00e9n puede convertirse en contenido. Una fotograf\u00eda aparentemente accidental, un video \u201csin preparar\u201d o un libro casualmente colocado sobre una mesa pueden formar parte de una construcci\u00f3n visual cuidadosamente pensada.<\/p>\n\n\n\n<p class=\"wp-block-paragraph\">Incluso la espontaneidad puede tener direcci\u00f3n art\u00edstica. En este contexto, \u201cfarmear aura\u201d introduce una forma particular de reconocimiento de la propia actuaci\u00f3n. Cuando alguien se\u00f1ala que otra persona est\u00e1 \u201cfarmando aura\u201d, reconoce que existe una intenci\u00f3n de producir determinada impresi\u00f3n y, al mismo tiempo, admite que la estrategia puede funcionar.<\/p>\n\n\n\n<p class=\"wp-block-paragraph\">La palabra \u201caura\u201d, adem\u00e1s, tiene una historia mucho anterior a las redes sociales. El fil\u00f3sofo alem\u00e1n Walter Benjamin utiliz\u00f3 el concepto para reflexionar sobre aquello que hac\u00eda singular e irrepetible a una obra de arte frente a las posibilidades de reproducci\u00f3n t\u00e9cnica.<\/p>\n\n\n\n<p class=\"wp-block-paragraph\">La relaci\u00f3n con la cultura digital resulta especialmente significativa. En una sociedad en la que casi todo puede copiarse un\u00a0<em>look<\/em>, una pose, una est\u00e9tica o una canci\u00f3n adquieren valor aquellas caracter\u00edsticas que parecen m\u00e1s dif\u00edciles de reproducir: la presencia, el gesto, la seguridad y el\u00a0<em>timing<\/em>.<\/p>\n\n\n\n<p class=\"wp-block-paragraph\">Es posible que dentro de algunos meses la expresi\u00f3n \u201cfarmar aura\u201d deje de utilizarse. Las modas ling\u00fc\u00edsticas de internet cambian r\u00e1pidamente. Sin embargo, el comportamiento que describe probablemente continuar\u00e1.<\/p>\n\n\n\n<p class=\"wp-block-paragraph\">Durante siglos, las personas han evaluado qui\u00e9n tiene presencia, qui\u00e9n consigue dominar una habitaci\u00f3n o qui\u00e9n parece necesitar demasiado la aprobaci\u00f3n de los dem\u00e1s. La diferencia es que las redes sociales transformaron esa percepci\u00f3n en un juego con nombre, memes y puntuaciones.<\/p>\n","protected":false},"excerpt":{"rendered":"<p>Foz do Iguaz\u00fa, BR &#8211; \u201cFarmear aura\u201d se convirti\u00f3 en una expresi\u00f3n habitual entre los j\u00f3venes en redes sociales para describir una pr\u00e1ctica que, aunque tiene un nombre reciente, acompa\u00f1a a las sociedades desde hace siglos: la b\u00fasqueda de presencia, carisma, seguridad y reconocimiento.<\/p>\n","protected":false},"author":7,"featured_media":840,"comment_status":"open","ping_status":"open","sticky":false,"template":"","format":"standard","meta":{"_sub_headline":"La expresi\u00f3n se populariz\u00f3 en internet para describir la construcci\u00f3n de carisma, seguridad y estilo, pero la b\u00fasqueda por proyectar prestigio y reconocimiento es mucho m\u00e1s antigua que TikTok","videourl":"","footnotes":""},"categories":[37],"tags":[1100,2015,910,2009,2010,210,2017,2011,2012,2013,2014],"class_list":["post-839","post","type-post","status-publish","format-standard","has-post-thumbnail","hentry","category-sociedad","tag-arte","tag-batallas","tag-competencia","tag-farmear-aura","tag-fenomeno-cultural","tag-jovenes","tag-puntuacion","tag-reconocimiento","tag-redes-sociale","tag-tik-tok","tag-video-games"],"yoast_head":"<!-- This site is optimized with the Yoast SEO plugin v28.3 - https:\/\/yoast.com\/product\/yoast-seo-wordpress\/ -->\n<title>\u201cFarmear aura\u201d: la expresi\u00f3n que los j\u00f3venes convirtieron en fen\u00f3meno viral - Fronteira Livre<\/title>\n<meta name=\"description\" content=\"\u201cFarmear aura\u201d se volvi\u00f3 popular entre los j\u00f3venes en redes sociales. Descubre qu\u00e9 significa la expresi\u00f3n y c\u00f3mo refleja una antigua b\u00fasqueda\" \/>\n<meta name=\"robots\" content=\"index, follow, max-snippet:-1, max-image-preview:large, max-video-preview:-1\" \/>\n<link rel=\"canonical\" href=\"https:\/\/fronteiralivre.com.br\/es\/farmear-aura-la-expresion-que-los-jovenes-convirtieron-en-fenomeno-viral\/\" \/>\n<meta property=\"og:locale\" content=\"es_ES\" \/>\n<meta property=\"og:type\" content=\"article\" \/>\n<meta property=\"og:title\" content=\"\u201cFarmear aura\u201d: la expresi\u00f3n que los j\u00f3venes convirtieron en fen\u00f3meno viral - Fronteira Livre\" \/>\n<meta property=\"og:description\" content=\"\u201cFarmear aura\u201d se volvi\u00f3 popular entre los j\u00f3venes en redes sociales. Descubre qu\u00e9 significa la expresi\u00f3n y c\u00f3mo refleja una antigua b\u00fasqueda\" \/>\n<meta property=\"og:url\" content=\"https:\/\/fronteiralivre.com.br\/es\/farmear-aura-la-expresion-que-los-jovenes-convirtieron-en-fenomeno-viral\/\" \/>\n<meta property=\"og:site_name\" content=\"Fronteira Livre\" \/>\n<meta property=\"article:published_time\" content=\"2026-08-30T20:59:19+00:00\" \/>\n<meta property=\"article:modified_time\" content=\"2026-08-30T21:02:13+00:00\" \/>\n<meta property=\"og:image\" content=\"https:\/\/fronteiralivre.com.br\/es\/wp-content\/uploads\/2026\/08\/Untitled-design-8.webp\" \/>\n\t<meta property=\"og:image:width\" content=\"1140\" \/>\n\t<meta property=\"og:image:height\" content=\"570\" \/>\n\t<meta property=\"og:image:type\" content=\"image\/webp\" \/>\n<meta name=\"author\" content=\"Steve Rodr\u00edguez\" \/>\n<meta name=\"twitter:card\" content=\"summary_large_image\" \/>\n<meta name=\"twitter:label1\" content=\"Escrito por\" \/>\n\t<meta name=\"twitter:data1\" content=\"Steve Rodr\u00edguez\" \/>\n\t<meta name=\"twitter:label2\" content=\"Tiempo de lectura\" \/>\n\t<meta name=\"twitter:data2\" content=\"7 minutos\" \/>\n<script type=\"application\/ld+json\" class=\"yoast-schema-graph\">{\"@context\":\"https:\\\/\\\/schema.org\",\"@graph\":[{\"@type\":\"Article\",\"@id\":\"https:\\\/\\\/fronteiralivre.com.br\\\/es\\\/farmear-aura-la-expresion-que-los-jovenes-convirtieron-en-fenomeno-viral\\\/#article\",\"isPartOf\":{\"@id\":\"https:\\\/\\\/fronteiralivre.com.br\\\/es\\\/farmear-aura-la-expresion-que-los-jovenes-convirtieron-en-fenomeno-viral\\\/\"},\"author\":{\"name\":\"Steve Rodr\u00edguez\",\"@id\":\"https:\\\/\\\/fronteiralivre.com.br\\\/es\\\/#\\\/schema\\\/person\\\/3c3ddfa3b04a2720a84b3f9bdf3dbd6b\"},\"headline\":\"\u201cFarmear aura\u201d: la expresi\u00f3n que los j\u00f3venes convirtieron en fen\u00f3meno viral\",\"datePublished\":\"2026-08-30T20:59:19+00:00\",\"dateModified\":\"2026-08-30T21:02:13+00:00\",\"mainEntityOfPage\":{\"@id\":\"https:\\\/\\\/fronteiralivre.com.br\\\/es\\\/farmear-aura-la-expresion-que-los-jovenes-convirtieron-en-fenomeno-viral\\\/\"},\"wordCount\":1440,\"commentCount\":0,\"image\":{\"@id\":\"https:\\\/\\\/fronteiralivre.com.br\\\/es\\\/farmear-aura-la-expresion-que-los-jovenes-convirtieron-en-fenomeno-viral\\\/#primaryimage\"},\"thumbnailUrl\":\"https:\\\/\\\/fronteiralivre.com.br\\\/es\\\/wp-content\\\/uploads\\\/2026\\\/08\\\/Untitled-design-8.webp\",\"keywords\":[\"Arte\",\"Batallas\",\"Competencia\",\"Farmear aura\",\"fen\u00f3meno cultural\",\"jovenes\",\"puntuaci\u00f3n\",\"reconocimiento\",\"redes sociale\",\"tik-tok\",\"Video Games\"],\"articleSection\":[\"Sociedad\"],\"inLanguage\":\"es-AR\",\"potentialAction\":[{\"@type\":\"CommentAction\",\"name\":\"Comment\",\"target\":[\"https:\\\/\\\/fronteiralivre.com.br\\\/es\\\/farmear-aura-la-expresion-que-los-jovenes-convirtieron-en-fenomeno-viral\\\/#respond\"]}]},{\"@type\":\"WebPage\",\"@id\":\"https:\\\/\\\/fronteiralivre.com.br\\\/es\\\/farmear-aura-la-expresion-que-los-jovenes-convirtieron-en-fenomeno-viral\\\/\",\"url\":\"https:\\\/\\\/fronteiralivre.com.br\\\/es\\\/farmear-aura-la-expresion-que-los-jovenes-convirtieron-en-fenomeno-viral\\\/\",\"name\":\"\u201cFarmear aura\u201d: la expresi\u00f3n que los j\u00f3venes convirtieron en fen\u00f3meno viral - Fronteira Livre\",\"isPartOf\":{\"@id\":\"https:\\\/\\\/fronteiralivre.com.br\\\/es\\\/#website\"},\"primaryImageOfPage\":{\"@id\":\"https:\\\/\\\/fronteiralivre.com.br\\\/es\\\/farmear-aura-la-expresion-que-los-jovenes-convirtieron-en-fenomeno-viral\\\/#primaryimage\"},\"image\":{\"@id\":\"https:\\\/\\\/fronteiralivre.com.br\\\/es\\\/farmear-aura-la-expresion-que-los-jovenes-convirtieron-en-fenomeno-viral\\\/#primaryimage\"},\"thumbnailUrl\":\"https:\\\/\\\/fronteiralivre.com.br\\\/es\\\/wp-content\\\/uploads\\\/2026\\\/08\\\/Untitled-design-8.webp\",\"datePublished\":\"2026-08-30T20:59:19+00:00\",\"dateModified\":\"2026-08-30T21:02:13+00:00\",\"author\":{\"@id\":\"https:\\\/\\\/fronteiralivre.com.br\\\/es\\\/#\\\/schema\\\/person\\\/3c3ddfa3b04a2720a84b3f9bdf3dbd6b\"},\"description\":\"\u201cFarmear aura\u201d se volvi\u00f3 popular entre los j\u00f3venes en redes sociales. Descubre qu\u00e9 significa la expresi\u00f3n y c\u00f3mo refleja una antigua b\u00fasqueda\",\"breadcrumb\":{\"@id\":\"https:\\\/\\\/fronteiralivre.com.br\\\/es\\\/farmear-aura-la-expresion-que-los-jovenes-convirtieron-en-fenomeno-viral\\\/#breadcrumb\"},\"inLanguage\":\"es-AR\",\"potentialAction\":[{\"@type\":\"ReadAction\",\"target\":[\"https:\\\/\\\/fronteiralivre.com.br\\\/es\\\/farmear-aura-la-expresion-que-los-jovenes-convirtieron-en-fenomeno-viral\\\/\"]}]},{\"@type\":\"ImageObject\",\"inLanguage\":\"es-AR\",\"@id\":\"https:\\\/\\\/fronteiralivre.com.br\\\/es\\\/farmear-aura-la-expresion-que-los-jovenes-convirtieron-en-fenomeno-viral\\\/#primaryimage\",\"url\":\"https:\\\/\\\/fronteiralivre.com.br\\\/es\\\/wp-content\\\/uploads\\\/2026\\\/08\\\/Untitled-design-8.webp\",\"contentUrl\":\"https:\\\/\\\/fronteiralivre.com.br\\\/es\\\/wp-content\\\/uploads\\\/2026\\\/08\\\/Untitled-design-8.webp\",\"width\":1140,\"height\":570,\"caption\":\"La b\u00fasqueda de reconocimiento y prestigio atraviesa distintas \u00e9pocas y culturas, desde las cortes europeas hasta las redes sociales actuales Foto: Reproducci\u00f3n Instagram.\"},{\"@type\":\"BreadcrumbList\",\"@id\":\"https:\\\/\\\/fronteiralivre.com.br\\\/es\\\/farmear-aura-la-expresion-que-los-jovenes-convirtieron-en-fenomeno-viral\\\/#breadcrumb\",\"itemListElement\":[{\"@type\":\"ListItem\",\"position\":1,\"name\":\"Home\",\"item\":\"https:\\\/\\\/fronteiralivre.com.br\\\/es\\\/\"},{\"@type\":\"ListItem\",\"position\":2,\"name\":\"\u201cFarmear aura\u201d: la expresi\u00f3n que los j\u00f3venes convirtieron en fen\u00f3meno viral\"}]},{\"@type\":\"WebSite\",\"@id\":\"https:\\\/\\\/fronteiralivre.com.br\\\/es\\\/#website\",\"url\":\"https:\\\/\\\/fronteiralivre.com.br\\\/es\\\/\",\"name\":\"Fronteira Livre\",\"description\":\"De Foz do Igua\u00e7u para el mundo.\",\"potentialAction\":[{\"@type\":\"SearchAction\",\"target\":{\"@type\":\"EntryPoint\",\"urlTemplate\":\"https:\\\/\\\/fronteiralivre.com.br\\\/es\\\/?s={search_term_string}\"},\"query-input\":{\"@type\":\"PropertyValueSpecification\",\"valueRequired\":true,\"valueName\":\"search_term_string\"}}],\"inLanguage\":\"es-AR\"},{\"@type\":\"Person\",\"@id\":\"https:\\\/\\\/fronteiralivre.com.br\\\/es\\\/#\\\/schema\\\/person\\\/3c3ddfa3b04a2720a84b3f9bdf3dbd6b\",\"name\":\"Steve Rodr\u00edguez\",\"image\":{\"@type\":\"ImageObject\",\"inLanguage\":\"es-AR\",\"@id\":\"https:\\\/\\\/secure.gravatar.com\\\/avatar\\\/fc4acaf4a72962ec0c75e1dba58041dba48457881f6bce3b14ad81e35610c6f3?s=96&d=mm&r=g\",\"url\":\"https:\\\/\\\/secure.gravatar.com\\\/avatar\\\/fc4acaf4a72962ec0c75e1dba58041dba48457881f6bce3b14ad81e35610c6f3?s=96&d=mm&r=g\",\"contentUrl\":\"https:\\\/\\\/secure.gravatar.com\\\/avatar\\\/fc4acaf4a72962ec0c75e1dba58041dba48457881f6bce3b14ad81e35610c6f3?s=96&d=mm&r=g\",\"caption\":\"Steve Rodr\u00edguez\"},\"description\":\"Steve Rodr\u00edguez es reportero de Fronteira Livre, investigador y doctorando en la Universidad Federal de Integraci\u00f3n Latinoamericana (UNILA). Posee una formaci\u00f3n interdisciplinaria en narrativa audiovisual, estudios culturales latinoamericanos y pr\u00e1cticas pedag\u00f3gicas anticoloniales. Su trayectoria articula la creaci\u00f3n art\u00edstica en \u00e1mbitos como el teatro, el cine y la cultura visual con la reflexi\u00f3n cr\u00edtica y la investigaci\u00f3n acad\u00e9mica, desde una perspectiva inspirada en los estudios visuales desarrollados por Nicholas Mirzoeff.\",\"url\":\"https:\\\/\\\/fronteiralivre.com.br\\\/es\\\/author\\\/steverodrigues\\\/\"}]}<\/script>\n<!-- \/ Yoast SEO plugin. -->","yoast_head_json":{"title":"\u201cFarmear aura\u201d: la expresi\u00f3n que los j\u00f3venes convirtieron en fen\u00f3meno viral - Fronteira Livre","description":"\u201cFarmear aura\u201d se volvi\u00f3 popular entre los j\u00f3venes en redes sociales. Descubre qu\u00e9 significa la expresi\u00f3n y c\u00f3mo refleja una antigua b\u00fasqueda","robots":{"index":"index","follow":"follow","max-snippet":"max-snippet:-1","max-image-preview":"max-image-preview:large","max-video-preview":"max-video-preview:-1"},"canonical":"https:\/\/fronteiralivre.com.br\/es\/farmear-aura-la-expresion-que-los-jovenes-convirtieron-en-fenomeno-viral\/","og_locale":"es_ES","og_type":"article","og_title":"\u201cFarmear aura\u201d: la expresi\u00f3n que los j\u00f3venes convirtieron en fen\u00f3meno viral - Fronteira Livre","og_description":"\u201cFarmear aura\u201d se volvi\u00f3 popular entre los j\u00f3venes en redes sociales. Descubre qu\u00e9 significa la expresi\u00f3n y c\u00f3mo refleja una antigua b\u00fasqueda","og_url":"https:\/\/fronteiralivre.com.br\/es\/farmear-aura-la-expresion-que-los-jovenes-convirtieron-en-fenomeno-viral\/","og_site_name":"Fronteira Livre","article_published_time":"2026-08-30T20:59:19+00:00","article_modified_time":"2026-08-30T21:02:13+00:00","og_image":[{"width":1140,"height":570,"url":"https:\/\/fronteiralivre.com.br\/es\/wp-content\/uploads\/2026\/08\/Untitled-design-8.webp","type":"image\/webp"}],"author":"Steve Rodr\u00edguez","twitter_card":"summary_large_image","twitter_misc":{"Escrito por":"Steve Rodr\u00edguez","Tiempo de lectura":"7 minutos"},"schema":{"@context":"https:\/\/schema.org","@graph":[{"@type":"Article","@id":"https:\/\/fronteiralivre.com.br\/es\/farmear-aura-la-expresion-que-los-jovenes-convirtieron-en-fenomeno-viral\/#article","isPartOf":{"@id":"https:\/\/fronteiralivre.com.br\/es\/farmear-aura-la-expresion-que-los-jovenes-convirtieron-en-fenomeno-viral\/"},"author":{"name":"Steve Rodr\u00edguez","@id":"https:\/\/fronteiralivre.com.br\/es\/#\/schema\/person\/3c3ddfa3b04a2720a84b3f9bdf3dbd6b"},"headline":"\u201cFarmear aura\u201d: la expresi\u00f3n que los j\u00f3venes convirtieron en fen\u00f3meno viral","datePublished":"2026-08-30T20:59:19+00:00","dateModified":"2026-08-30T21:02:13+00:00","mainEntityOfPage":{"@id":"https:\/\/fronteiralivre.com.br\/es\/farmear-aura-la-expresion-que-los-jovenes-convirtieron-en-fenomeno-viral\/"},"wordCount":1440,"commentCount":0,"image":{"@id":"https:\/\/fronteiralivre.com.br\/es\/farmear-aura-la-expresion-que-los-jovenes-convirtieron-en-fenomeno-viral\/#primaryimage"},"thumbnailUrl":"https:\/\/fronteiralivre.com.br\/es\/wp-content\/uploads\/2026\/08\/Untitled-design-8.webp","keywords":["Arte","Batallas","Competencia","Farmear aura","fen\u00f3meno cultural","jovenes","puntuaci\u00f3n","reconocimiento","redes sociale","tik-tok","Video Games"],"articleSection":["Sociedad"],"inLanguage":"es-AR","potentialAction":[{"@type":"CommentAction","name":"Comment","target":["https:\/\/fronteiralivre.com.br\/es\/farmear-aura-la-expresion-que-los-jovenes-convirtieron-en-fenomeno-viral\/#respond"]}]},{"@type":"WebPage","@id":"https:\/\/fronteiralivre.com.br\/es\/farmear-aura-la-expresion-que-los-jovenes-convirtieron-en-fenomeno-viral\/","url":"https:\/\/fronteiralivre.com.br\/es\/farmear-aura-la-expresion-que-los-jovenes-convirtieron-en-fenomeno-viral\/","name":"\u201cFarmear aura\u201d: la expresi\u00f3n que los j\u00f3venes convirtieron en fen\u00f3meno viral - Fronteira Livre","isPartOf":{"@id":"https:\/\/fronteiralivre.com.br\/es\/#website"},"primaryImageOfPage":{"@id":"https:\/\/fronteiralivre.com.br\/es\/farmear-aura-la-expresion-que-los-jovenes-convirtieron-en-fenomeno-viral\/#primaryimage"},"image":{"@id":"https:\/\/fronteiralivre.com.br\/es\/farmear-aura-la-expresion-que-los-jovenes-convirtieron-en-fenomeno-viral\/#primaryimage"},"thumbnailUrl":"https:\/\/fronteiralivre.com.br\/es\/wp-content\/uploads\/2026\/08\/Untitled-design-8.webp","datePublished":"2026-08-30T20:59:19+00:00","dateModified":"2026-08-30T21:02:13+00:00","author":{"@id":"https:\/\/fronteiralivre.com.br\/es\/#\/schema\/person\/3c3ddfa3b04a2720a84b3f9bdf3dbd6b"},"description":"\u201cFarmear aura\u201d se volvi\u00f3 popular entre los j\u00f3venes en redes sociales. Descubre qu\u00e9 significa la expresi\u00f3n y c\u00f3mo refleja una antigua b\u00fasqueda","breadcrumb":{"@id":"https:\/\/fronteiralivre.com.br\/es\/farmear-aura-la-expresion-que-los-jovenes-convirtieron-en-fenomeno-viral\/#breadcrumb"},"inLanguage":"es-AR","potentialAction":[{"@type":"ReadAction","target":["https:\/\/fronteiralivre.com.br\/es\/farmear-aura-la-expresion-que-los-jovenes-convirtieron-en-fenomeno-viral\/"]}]},{"@type":"ImageObject","inLanguage":"es-AR","@id":"https:\/\/fronteiralivre.com.br\/es\/farmear-aura-la-expresion-que-los-jovenes-convirtieron-en-fenomeno-viral\/#primaryimage","url":"https:\/\/fronteiralivre.com.br\/es\/wp-content\/uploads\/2026\/08\/Untitled-design-8.webp","contentUrl":"https:\/\/fronteiralivre.com.br\/es\/wp-content\/uploads\/2026\/08\/Untitled-design-8.webp","width":1140,"height":570,"caption":"La b\u00fasqueda de reconocimiento y prestigio atraviesa distintas \u00e9pocas y culturas, desde las cortes europeas hasta las redes sociales actuales Foto: Reproducci\u00f3n Instagram."},{"@type":"BreadcrumbList","@id":"https:\/\/fronteiralivre.com.br\/es\/farmear-aura-la-expresion-que-los-jovenes-convirtieron-en-fenomeno-viral\/#breadcrumb","itemListElement":[{"@type":"ListItem","position":1,"name":"Home","item":"https:\/\/fronteiralivre.com.br\/es\/"},{"@type":"ListItem","position":2,"name":"\u201cFarmear aura\u201d: la expresi\u00f3n que los j\u00f3venes convirtieron en fen\u00f3meno viral"}]},{"@type":"WebSite","@id":"https:\/\/fronteiralivre.com.br\/es\/#website","url":"https:\/\/fronteiralivre.com.br\/es\/","name":"Fronteira Livre","description":"De Foz do Igua\u00e7u para el mundo.","potentialAction":[{"@type":"SearchAction","target":{"@type":"EntryPoint","urlTemplate":"https:\/\/fronteiralivre.com.br\/es\/?s={search_term_string}"},"query-input":{"@type":"PropertyValueSpecification","valueRequired":true,"valueName":"search_term_string"}}],"inLanguage":"es-AR"},{"@type":"Person","@id":"https:\/\/fronteiralivre.com.br\/es\/#\/schema\/person\/3c3ddfa3b04a2720a84b3f9bdf3dbd6b","name":"Steve Rodr\u00edguez","image":{"@type":"ImageObject","inLanguage":"es-AR","@id":"https:\/\/secure.gravatar.com\/avatar\/fc4acaf4a72962ec0c75e1dba58041dba48457881f6bce3b14ad81e35610c6f3?s=96&d=mm&r=g","url":"https:\/\/secure.gravatar.com\/avatar\/fc4acaf4a72962ec0c75e1dba58041dba48457881f6bce3b14ad81e35610c6f3?s=96&d=mm&r=g","contentUrl":"https:\/\/secure.gravatar.com\/avatar\/fc4acaf4a72962ec0c75e1dba58041dba48457881f6bce3b14ad81e35610c6f3?s=96&d=mm&r=g","caption":"Steve Rodr\u00edguez"},"description":"Steve Rodr\u00edguez es reportero de Fronteira Livre, investigador y doctorando en la Universidad Federal de Integraci\u00f3n Latinoamericana (UNILA). Posee una formaci\u00f3n interdisciplinaria en narrativa audiovisual, estudios culturales latinoamericanos y pr\u00e1cticas pedag\u00f3gicas anticoloniales. Su trayectoria articula la creaci\u00f3n art\u00edstica en \u00e1mbitos como el teatro, el cine y la cultura visual con la reflexi\u00f3n cr\u00edtica y la investigaci\u00f3n acad\u00e9mica, desde una perspectiva inspirada en los estudios visuales desarrollados por Nicholas Mirzoeff.","url":"https:\/\/fronteiralivre.com.br\/es\/author\/steverodrigues\/"}]}},"_links":{"self":[{"href":"https:\/\/fronteiralivre.com.br\/es\/wp-json\/wp\/v2\/posts\/839","targetHints":{"allow":["GET"]}}],"collection":[{"href":"https:\/\/fronteiralivre.com.br\/es\/wp-json\/wp\/v2\/posts"}],"about":[{"href":"https:\/\/fronteiralivre.com.br\/es\/wp-json\/wp\/v2\/types\/post"}],"author":[{"embeddable":true,"href":"https:\/\/fronteiralivre.com.br\/es\/wp-json\/wp\/v2\/users\/7"}],"replies":[{"embeddable":true,"href":"https:\/\/fronteiralivre.com.br\/es\/wp-json\/wp\/v2\/comments?post=839"}],"version-history":[{"count":1,"href":"https:\/\/fronteiralivre.com.br\/es\/wp-json\/wp\/v2\/posts\/839\/revisions"}],"predecessor-version":[{"id":841,"href":"https:\/\/fronteiralivre.com.br\/es\/wp-json\/wp\/v2\/posts\/839\/revisions\/841"}],"wp:featuredmedia":[{"embeddable":true,"href":"https:\/\/fronteiralivre.com.br\/es\/wp-json\/wp\/v2\/media\/840"}],"wp:attachment":[{"href":"https:\/\/fronteiralivre.com.br\/es\/wp-json\/wp\/v2\/media?parent=839"}],"wp:term":[{"taxonomy":"category","embeddable":true,"href":"https:\/\/fronteiralivre.com.br\/es\/wp-json\/wp\/v2\/categories?post=839"},{"taxonomy":"post_tag","embeddable":true,"href":"https:\/\/fronteiralivre.com.br\/es\/wp-json\/wp\/v2\/tags?post=839"}],"curies":[{"name":"wp","href":"https:\/\/api.w.org\/{rel}","templated":true}]}}