{"id":833,"date":"2026-08-30T12:50:52","date_gmt":"2026-08-30T15:50:52","guid":{"rendered":"https:\/\/fronteiralivre.com.br\/es\/?p=833"},"modified":"2026-08-30T12:50:52","modified_gmt":"2026-08-30T15:50:52","slug":"colapso-de-un-glaciar-nepal-frontera","status":"publish","type":"post","link":"https:\/\/fronteiralivre.com.br\/es\/colapso-de-un-glaciar-nepal-frontera\/","title":{"rendered":"Colapso de un glaciar causa alud fatal en frontera de Nepal"},"content":{"rendered":"\n<p class=\"wp-block-paragraph\"><strong>Katmand\u00fa, Nepal \u2013<\/strong> El <strong>colapso de un glaciar<\/strong> provoc\u00f3 una violenta riada repentina y una avalancha que dej\u00f3 al menos 160 muertos y cientos de desaparecidos este mi\u00e9rcoles en la zona fronteriza entre Nepal y la regi\u00f3n del T\u00edbet, en China. Los primeros an\u00e1lisis de im\u00e1genes satelitales revelan que el extremo inferior de la masa de hielo se desprendi\u00f3 a unos 5.200 metros de altitud y cay\u00f3 al vac\u00edo 1.200 metros hasta el fondo del valle, arrastrando toneladas de rocas, sedimentos y agua contra poblaciones e infraestructura local.<\/p>\n\n\n\n<p class=\"wp-block-paragraph\">Las causas de la fractura siguen bajo investigaci\u00f3n de las autoridades. Registros satelitales de la empresa Planet Labs muestran que laderas enteras, antes cubiertas de vegetaci\u00f3n nativa, quedaron totalmente sepultadas bajo una gruesa capa de lodo y escombros.<\/p>\n\n\n\n<p class=\"wp-block-paragraph\">\u201cEst\u00e1 confirmado que una parte sustancial de la punta del glaciar colaps\u00f3, lo que desencaden\u00f3 el evento, arrastrando muy probablemente una cantidad considerable de rocas y sedimentos\u201d, dijo Vikram Gupta, ge\u00f3logo de ingenier\u00eda y docente de la Universidad de Sikkim, en India.<\/p>\n\n\n\n<p class=\"wp-block-paragraph\">Por su parte, Dan Shugar, cient\u00edfico de la Tierra y profesor asociado de la Universidad de Calgary, explic\u00f3 que las im\u00e1genes indican un derretimiento acelerado de nieve durante las 24 horas previas al desastre. \u201cVarios de los glaciares del valle estaban cubiertos de nieve ayer y hoy muestran el hielo al descubierto. En otras palabras, y aunque todav\u00eda no he visto datos de estaciones meteorol\u00f3gicas, es muy probable que haya hecho calor\u201d, afirm\u00f3. Shugar advirti\u00f3 adem\u00e1s que los frentes de obra en el terreno monta\u00f1oso pudieron alterar la din\u00e1mica del suelo. \u201cSi el cambio clim\u00e1tico tuvo un papel en esto, es algo que sin duda investigaremos pronto\u201d, agreg\u00f3.<\/p>\n\n\n\n<h4 class=\"wp-block-heading\">Comunidades arrasadas y alerta en centrales hidroel\u00e9ctricas<\/h4>\n\n\n\n<p class=\"wp-block-paragraph\">El distrito monta\u00f1oso de Rasuwa, donde habitan unas 50.000 personas y operan varias centrales hidroel\u00e9ctricas activas y en construcci\u00f3n, fue la zona m\u00e1s golpeada por la masa de escombros. La Agencia Nacional para la Gesti\u00f3n y Reducci\u00f3n del Riesgo de Desastres de Nepal confirm\u00f3 que el alud impact\u00f3 el cauce del r\u00edo Lhende tras un deslizamiento a 20 kil\u00f3metros al noreste de un puesto de control fronterizo con China.<\/p>\n\n\n\n<p class=\"wp-block-paragraph\">\u201cLas crecidas repentinas fueron causadas por una avalancha de hielo y rocas del lado nepal\u00ed\u201d, confirm\u00f3 Prakash Pokharel, ge\u00f3logo del organismo gubernamental.<\/p>\n\n\n\n<p class=\"wp-block-paragraph\">La fuerza del torrente gener\u00f3 una ola destructiva de lodo y piedras a lo largo de las cuencas de los r\u00edos Bhote Koshi y Trishuli. Datos del Centro Internacional para el Desarrollo Integrado de las Monta\u00f1as se\u00f1alan que, en la localidad de Galchhi, r\u00edo abajo, el nivel del agua creci\u00f3 nueve metros en apenas 30 minutos, arrasando m\u00e1rgenes y poniendo en riesgo directo a las poblaciones ribere\u00f1as.<\/p>\n\n\n\n<h4 class=\"wp-block-heading\">Deshielo acelerado y vulnerabilidad en la cordillera<\/h4>\n\n\n\n<p class=\"wp-block-paragraph\">La cat\u00e1strofe evidencia la p\u00e9rdida sostenida de cobertura de hielo en la cordillera del Himalaya. Cifras de la Organizaci\u00f3n de las Naciones Unidas (ONU) presentadas en 2023 muestran que Nepal perdi\u00f3 cerca de un tercio de sus glaciares en los \u00faltimos 30 a\u00f1os por el calentamiento global.<\/p>\n\n\n\n<p class=\"wp-block-paragraph\">Ubicados entre India y China \u2014dos de los pa\u00edses con mayores emisiones de carbono del mundo\u2014, los glaciares nepal\u00edes se derritieron un 65% m\u00e1s r\u00e1pido durante la \u00faltima d\u00e9cada respecto al decenio anterior. Especialistas advierten que inundaciones s\u00fabitas, sequ\u00edas extremas, deslizamientos de tierra y avalanchas son fen\u00f3menos cada vez m\u00e1s frecuentes y severos en la regi\u00f3n del Hindu Kush-Himalaya, amenazando la vida de las comunidades que habitan en zonas de riesgo.<\/p>\n","protected":false},"excerpt":{"rendered":"<p>Katmand\u00fa, Nepal \u2013 El colapso de un glaciar provoc\u00f3 una violenta riada repentina y una avalancha que dej\u00f3 al menos 160 muertos y cientos de desaparecidos este mi\u00e9rcoles en la zona fronteriza entre Nepal y la regi\u00f3n del T\u00edbet, en China. Los primeros an\u00e1lisis de im\u00e1genes satelitales revelan que el extremo inferior de la masa de hielo se desprendi\u00f3 a unos 5.200 metros de altitud y cay\u00f3 al vac\u00edo 1.200 metros hasta el fondo del valle, arrastrando toneladas de rocas, sedimentos y agua contra poblaciones e infraestructura local.<\/p>\n","protected":false},"author":2,"featured_media":835,"comment_status":"open","ping_status":"open","sticky":false,"template":"","format":"standard","meta":{"_sub_headline":"La masa de hielo cay\u00f3 1.200 metros y desat\u00f3 un alud de lodo sobre el distrito de Rasuwa, habitado por 50 mil personas.","videourl":"","footnotes":""},"categories":[24],"tags":[96,1775,2006,440,2008,2007,2004,2005],"class_list":["post-833","post","type-post","status-publish","format-standard","has-post-thumbnail","hentry","category-internacional","tag-calentamiento-global","tag-cambio-climatico","tag-colapso-de-un-glaciar","tag-desastres-naturales","tag-distrito-de-rasuwa","tag-frontera-china-nepal","tag-himalaya","tag-nepal"],"yoast_head":"<!-- This site is optimized with the Yoast SEO plugin v28.3 - https:\/\/yoast.com\/product\/yoast-seo-wordpress\/ -->\n<title>Colapso de un glaciar causa alud fatal en frontera de Nepal - Fronteira Livre<\/title>\n<meta name=\"description\" content=\"El colapso de un glaciar en la frontera de Nepal dej\u00f3 160 muertos y cientos de desaparecidos tras provocar violentas riadas en el valle.\" \/>\n<meta name=\"robots\" content=\"index, follow, max-snippet:-1, max-image-preview:large, max-video-preview:-1\" \/>\n<link rel=\"canonical\" href=\"https:\/\/fronteiralivre.com.br\/es\/colapso-de-un-glaciar-nepal-frontera\/\" \/>\n<meta property=\"og:locale\" content=\"es_ES\" \/>\n<meta property=\"og:type\" content=\"article\" \/>\n<meta property=\"og:title\" content=\"Colapso de un glaciar causa alud fatal en frontera de Nepal - Fronteira Livre\" \/>\n<meta property=\"og:description\" content=\"El colapso de un glaciar en la frontera de Nepal dej\u00f3 160 muertos y cientos de desaparecidos tras provocar violentas riadas en el valle.\" \/>\n<meta property=\"og:url\" content=\"https:\/\/fronteiralivre.com.br\/es\/colapso-de-un-glaciar-nepal-frontera\/\" \/>\n<meta property=\"og:site_name\" content=\"Fronteira Livre\" \/>\n<meta property=\"article:published_time\" content=\"2026-08-30T15:50:52+00:00\" \/>\n<meta property=\"og:image\" content=\"https:\/\/fronteiralivre.com.br\/es\/wp-content\/uploads\/2026\/08\/Nepal.webp\" \/>\n\t<meta property=\"og:image:width\" content=\"1140\" \/>\n\t<meta property=\"og:image:height\" content=\"572\" \/>\n\t<meta property=\"og:image:type\" content=\"image\/webp\" \/>\n<meta name=\"author\" content=\"Amilton Farias\" \/>\n<meta name=\"twitter:card\" content=\"summary_large_image\" \/>\n<meta name=\"twitter:label1\" content=\"Escrito por\" \/>\n\t<meta name=\"twitter:data1\" content=\"Amilton Farias\" \/>\n\t<meta name=\"twitter:label2\" content=\"Tiempo de lectura\" \/>\n\t<meta name=\"twitter:data2\" content=\"3 minutos\" \/>\n<script type=\"application\/ld+json\" class=\"yoast-schema-graph\">{\"@context\":\"https:\\\/\\\/schema.org\",\"@graph\":[{\"@type\":\"Article\",\"@id\":\"https:\\\/\\\/fronteiralivre.com.br\\\/es\\\/colapso-de-un-glaciar-nepal-frontera\\\/#article\",\"isPartOf\":{\"@id\":\"https:\\\/\\\/fronteiralivre.com.br\\\/es\\\/colapso-de-un-glaciar-nepal-frontera\\\/\"},\"author\":{\"name\":\"Amilton Farias\",\"@id\":\"https:\\\/\\\/fronteiralivre.com.br\\\/es\\\/#\\\/schema\\\/person\\\/69b75b5696283ac4f954edef95e172d0\"},\"headline\":\"Colapso de un glaciar causa alud fatal en frontera de Nepal\",\"datePublished\":\"2026-08-30T15:50:52+00:00\",\"mainEntityOfPage\":{\"@id\":\"https:\\\/\\\/fronteiralivre.com.br\\\/es\\\/colapso-de-un-glaciar-nepal-frontera\\\/\"},\"wordCount\":614,\"commentCount\":0,\"image\":{\"@id\":\"https:\\\/\\\/fronteiralivre.com.br\\\/es\\\/colapso-de-un-glaciar-nepal-frontera\\\/#primaryimage\"},\"thumbnailUrl\":\"https:\\\/\\\/fronteiralivre.com.br\\\/es\\\/wp-content\\\/uploads\\\/2026\\\/08\\\/Nepal.webp\",\"keywords\":[\"calentamiento global\",\"Cambio Clim\u00e1tico\",\"colapso de un glaciar\",\"desastres naturales\",\"distrito de Rasuwa\",\"frontera China Nepal\",\"Himalaya\",\"Nepal\"],\"articleSection\":[\"Internacional\"],\"inLanguage\":\"es-AR\",\"potentialAction\":[{\"@type\":\"CommentAction\",\"name\":\"Comment\",\"target\":[\"https:\\\/\\\/fronteiralivre.com.br\\\/es\\\/colapso-de-un-glaciar-nepal-frontera\\\/#respond\"]}]},{\"@type\":\"WebPage\",\"@id\":\"https:\\\/\\\/fronteiralivre.com.br\\\/es\\\/colapso-de-un-glaciar-nepal-frontera\\\/\",\"url\":\"https:\\\/\\\/fronteiralivre.com.br\\\/es\\\/colapso-de-un-glaciar-nepal-frontera\\\/\",\"name\":\"Colapso de un glaciar causa alud fatal en frontera de Nepal - Fronteira Livre\",\"isPartOf\":{\"@id\":\"https:\\\/\\\/fronteiralivre.com.br\\\/es\\\/#website\"},\"primaryImageOfPage\":{\"@id\":\"https:\\\/\\\/fronteiralivre.com.br\\\/es\\\/colapso-de-un-glaciar-nepal-frontera\\\/#primaryimage\"},\"image\":{\"@id\":\"https:\\\/\\\/fronteiralivre.com.br\\\/es\\\/colapso-de-un-glaciar-nepal-frontera\\\/#primaryimage\"},\"thumbnailUrl\":\"https:\\\/\\\/fronteiralivre.com.br\\\/es\\\/wp-content\\\/uploads\\\/2026\\\/08\\\/Nepal.webp\",\"datePublished\":\"2026-08-30T15:50:52+00:00\",\"author\":{\"@id\":\"https:\\\/\\\/fronteiralivre.com.br\\\/es\\\/#\\\/schema\\\/person\\\/69b75b5696283ac4f954edef95e172d0\"},\"description\":\"El colapso de un glaciar en la frontera de Nepal dej\u00f3 160 muertos y cientos de desaparecidos tras provocar violentas riadas en el valle.\",\"breadcrumb\":{\"@id\":\"https:\\\/\\\/fronteiralivre.com.br\\\/es\\\/colapso-de-un-glaciar-nepal-frontera\\\/#breadcrumb\"},\"inLanguage\":\"es-AR\",\"potentialAction\":[{\"@type\":\"ReadAction\",\"target\":[\"https:\\\/\\\/fronteiralivre.com.br\\\/es\\\/colapso-de-un-glaciar-nepal-frontera\\\/\"]}]},{\"@type\":\"ImageObject\",\"inLanguage\":\"es-AR\",\"@id\":\"https:\\\/\\\/fronteiralivre.com.br\\\/es\\\/colapso-de-un-glaciar-nepal-frontera\\\/#primaryimage\",\"url\":\"https:\\\/\\\/fronteiralivre.com.br\\\/es\\\/wp-content\\\/uploads\\\/2026\\\/08\\\/Nepal.webp\",\"contentUrl\":\"https:\\\/\\\/fronteiralivre.com.br\\\/es\\\/wp-content\\\/uploads\\\/2026\\\/08\\\/Nepal.webp\",\"width\":1140,\"height\":572,\"caption\":\"Vista satelital de la zona fronteriza entre Nepal y la regi\u00f3n del T\u00edbet afectada por la avalancha de lodo y rocas. Foto: Divulgaci\u00f3n.\"},{\"@type\":\"BreadcrumbList\",\"@id\":\"https:\\\/\\\/fronteiralivre.com.br\\\/es\\\/colapso-de-un-glaciar-nepal-frontera\\\/#breadcrumb\",\"itemListElement\":[{\"@type\":\"ListItem\",\"position\":1,\"name\":\"Home\",\"item\":\"https:\\\/\\\/fronteiralivre.com.br\\\/es\\\/\"},{\"@type\":\"ListItem\",\"position\":2,\"name\":\"Colapso de un glaciar causa alud fatal en frontera de Nepal\"}]},{\"@type\":\"WebSite\",\"@id\":\"https:\\\/\\\/fronteiralivre.com.br\\\/es\\\/#website\",\"url\":\"https:\\\/\\\/fronteiralivre.com.br\\\/es\\\/\",\"name\":\"Fronteira Livre\",\"description\":\"De Foz do Igua\u00e7u para el mundo.\",\"potentialAction\":[{\"@type\":\"SearchAction\",\"target\":{\"@type\":\"EntryPoint\",\"urlTemplate\":\"https:\\\/\\\/fronteiralivre.com.br\\\/es\\\/?s={search_term_string}\"},\"query-input\":{\"@type\":\"PropertyValueSpecification\",\"valueRequired\":true,\"valueName\":\"search_term_string\"}}],\"inLanguage\":\"es-AR\"},{\"@type\":\"Person\",\"@id\":\"https:\\\/\\\/fronteiralivre.com.br\\\/es\\\/#\\\/schema\\\/person\\\/69b75b5696283ac4f954edef95e172d0\",\"name\":\"Amilton Farias\",\"image\":{\"@type\":\"ImageObject\",\"inLanguage\":\"es-AR\",\"@id\":\"https:\\\/\\\/secure.gravatar.com\\\/avatar\\\/9fe07c446bf96e74022abf469fb49b43748aab858e89a1702d8dced3b8e2dedf?s=96&d=mm&r=g\",\"url\":\"https:\\\/\\\/secure.gravatar.com\\\/avatar\\\/9fe07c446bf96e74022abf469fb49b43748aab858e89a1702d8dced3b8e2dedf?s=96&d=mm&r=g\",\"contentUrl\":\"https:\\\/\\\/secure.gravatar.com\\\/avatar\\\/9fe07c446bf96e74022abf469fb49b43748aab858e89a1702d8dced3b8e2dedf?s=96&d=mm&r=g\",\"caption\":\"Amilton Farias\"},\"description\":\"Amilton Farias es periodista, fundador y editor de Fronteira Livre. Con experiencia en distintos pa\u00edses de Am\u00e9rica Latina y una trayectoria vinculada al periodismo territorial, escribe sobre las fronteras, los territorios y los procesos pol\u00edticos, sociales y culturales que moldean la realidad de los pueblos latinoamericanos.\",\"sameAs\":[\"https:\\\/\\\/fronteiralivre.com.br\\\/es\\\/\"],\"url\":\"https:\\\/\\\/fronteiralivre.com.br\\\/es\\\/author\\\/amilton\\\/\"}]}<\/script>\n<!-- \/ Yoast SEO plugin. -->","yoast_head_json":{"title":"Colapso de un glaciar causa alud fatal en frontera de Nepal - Fronteira Livre","description":"El colapso de un glaciar en la frontera de Nepal dej\u00f3 160 muertos y cientos de desaparecidos tras provocar violentas riadas en el valle.","robots":{"index":"index","follow":"follow","max-snippet":"max-snippet:-1","max-image-preview":"max-image-preview:large","max-video-preview":"max-video-preview:-1"},"canonical":"https:\/\/fronteiralivre.com.br\/es\/colapso-de-un-glaciar-nepal-frontera\/","og_locale":"es_ES","og_type":"article","og_title":"Colapso de un glaciar causa alud fatal en frontera de Nepal - Fronteira Livre","og_description":"El colapso de un glaciar en la frontera de Nepal dej\u00f3 160 muertos y cientos de desaparecidos tras provocar violentas riadas en el valle.","og_url":"https:\/\/fronteiralivre.com.br\/es\/colapso-de-un-glaciar-nepal-frontera\/","og_site_name":"Fronteira Livre","article_published_time":"2026-08-30T15:50:52+00:00","og_image":[{"width":1140,"height":572,"url":"https:\/\/fronteiralivre.com.br\/es\/wp-content\/uploads\/2026\/08\/Nepal.webp","type":"image\/webp"}],"author":"Amilton Farias","twitter_card":"summary_large_image","twitter_misc":{"Escrito por":"Amilton Farias","Tiempo de lectura":"3 minutos"},"schema":{"@context":"https:\/\/schema.org","@graph":[{"@type":"Article","@id":"https:\/\/fronteiralivre.com.br\/es\/colapso-de-un-glaciar-nepal-frontera\/#article","isPartOf":{"@id":"https:\/\/fronteiralivre.com.br\/es\/colapso-de-un-glaciar-nepal-frontera\/"},"author":{"name":"Amilton Farias","@id":"https:\/\/fronteiralivre.com.br\/es\/#\/schema\/person\/69b75b5696283ac4f954edef95e172d0"},"headline":"Colapso de un glaciar causa alud fatal en frontera de Nepal","datePublished":"2026-08-30T15:50:52+00:00","mainEntityOfPage":{"@id":"https:\/\/fronteiralivre.com.br\/es\/colapso-de-un-glaciar-nepal-frontera\/"},"wordCount":614,"commentCount":0,"image":{"@id":"https:\/\/fronteiralivre.com.br\/es\/colapso-de-un-glaciar-nepal-frontera\/#primaryimage"},"thumbnailUrl":"https:\/\/fronteiralivre.com.br\/es\/wp-content\/uploads\/2026\/08\/Nepal.webp","keywords":["calentamiento global","Cambio Clim\u00e1tico","colapso de un glaciar","desastres naturales","distrito de Rasuwa","frontera China Nepal","Himalaya","Nepal"],"articleSection":["Internacional"],"inLanguage":"es-AR","potentialAction":[{"@type":"CommentAction","name":"Comment","target":["https:\/\/fronteiralivre.com.br\/es\/colapso-de-un-glaciar-nepal-frontera\/#respond"]}]},{"@type":"WebPage","@id":"https:\/\/fronteiralivre.com.br\/es\/colapso-de-un-glaciar-nepal-frontera\/","url":"https:\/\/fronteiralivre.com.br\/es\/colapso-de-un-glaciar-nepal-frontera\/","name":"Colapso de un glaciar causa alud fatal en frontera de Nepal - Fronteira Livre","isPartOf":{"@id":"https:\/\/fronteiralivre.com.br\/es\/#website"},"primaryImageOfPage":{"@id":"https:\/\/fronteiralivre.com.br\/es\/colapso-de-un-glaciar-nepal-frontera\/#primaryimage"},"image":{"@id":"https:\/\/fronteiralivre.com.br\/es\/colapso-de-un-glaciar-nepal-frontera\/#primaryimage"},"thumbnailUrl":"https:\/\/fronteiralivre.com.br\/es\/wp-content\/uploads\/2026\/08\/Nepal.webp","datePublished":"2026-08-30T15:50:52+00:00","author":{"@id":"https:\/\/fronteiralivre.com.br\/es\/#\/schema\/person\/69b75b5696283ac4f954edef95e172d0"},"description":"El colapso de un glaciar en la frontera de Nepal dej\u00f3 160 muertos y cientos de desaparecidos tras provocar violentas riadas en el valle.","breadcrumb":{"@id":"https:\/\/fronteiralivre.com.br\/es\/colapso-de-un-glaciar-nepal-frontera\/#breadcrumb"},"inLanguage":"es-AR","potentialAction":[{"@type":"ReadAction","target":["https:\/\/fronteiralivre.com.br\/es\/colapso-de-un-glaciar-nepal-frontera\/"]}]},{"@type":"ImageObject","inLanguage":"es-AR","@id":"https:\/\/fronteiralivre.com.br\/es\/colapso-de-un-glaciar-nepal-frontera\/#primaryimage","url":"https:\/\/fronteiralivre.com.br\/es\/wp-content\/uploads\/2026\/08\/Nepal.webp","contentUrl":"https:\/\/fronteiralivre.com.br\/es\/wp-content\/uploads\/2026\/08\/Nepal.webp","width":1140,"height":572,"caption":"Vista satelital de la zona fronteriza entre Nepal y la regi\u00f3n del T\u00edbet afectada por la avalancha de lodo y rocas. Foto: Divulgaci\u00f3n."},{"@type":"BreadcrumbList","@id":"https:\/\/fronteiralivre.com.br\/es\/colapso-de-un-glaciar-nepal-frontera\/#breadcrumb","itemListElement":[{"@type":"ListItem","position":1,"name":"Home","item":"https:\/\/fronteiralivre.com.br\/es\/"},{"@type":"ListItem","position":2,"name":"Colapso de un glaciar causa alud fatal en frontera de Nepal"}]},{"@type":"WebSite","@id":"https:\/\/fronteiralivre.com.br\/es\/#website","url":"https:\/\/fronteiralivre.com.br\/es\/","name":"Fronteira Livre","description":"De Foz do Igua\u00e7u para el mundo.","potentialAction":[{"@type":"SearchAction","target":{"@type":"EntryPoint","urlTemplate":"https:\/\/fronteiralivre.com.br\/es\/?s={search_term_string}"},"query-input":{"@type":"PropertyValueSpecification","valueRequired":true,"valueName":"search_term_string"}}],"inLanguage":"es-AR"},{"@type":"Person","@id":"https:\/\/fronteiralivre.com.br\/es\/#\/schema\/person\/69b75b5696283ac4f954edef95e172d0","name":"Amilton Farias","image":{"@type":"ImageObject","inLanguage":"es-AR","@id":"https:\/\/secure.gravatar.com\/avatar\/9fe07c446bf96e74022abf469fb49b43748aab858e89a1702d8dced3b8e2dedf?s=96&d=mm&r=g","url":"https:\/\/secure.gravatar.com\/avatar\/9fe07c446bf96e74022abf469fb49b43748aab858e89a1702d8dced3b8e2dedf?s=96&d=mm&r=g","contentUrl":"https:\/\/secure.gravatar.com\/avatar\/9fe07c446bf96e74022abf469fb49b43748aab858e89a1702d8dced3b8e2dedf?s=96&d=mm&r=g","caption":"Amilton Farias"},"description":"Amilton Farias es periodista, fundador y editor de Fronteira Livre. Con experiencia en distintos pa\u00edses de Am\u00e9rica Latina y una trayectoria vinculada al periodismo territorial, escribe sobre las fronteras, los territorios y los procesos pol\u00edticos, sociales y culturales que moldean la realidad de los pueblos latinoamericanos.","sameAs":["https:\/\/fronteiralivre.com.br\/es\/"],"url":"https:\/\/fronteiralivre.com.br\/es\/author\/amilton\/"}]}},"_links":{"self":[{"href":"https:\/\/fronteiralivre.com.br\/es\/wp-json\/wp\/v2\/posts\/833","targetHints":{"allow":["GET"]}}],"collection":[{"href":"https:\/\/fronteiralivre.com.br\/es\/wp-json\/wp\/v2\/posts"}],"about":[{"href":"https:\/\/fronteiralivre.com.br\/es\/wp-json\/wp\/v2\/types\/post"}],"author":[{"embeddable":true,"href":"https:\/\/fronteiralivre.com.br\/es\/wp-json\/wp\/v2\/users\/2"}],"replies":[{"embeddable":true,"href":"https:\/\/fronteiralivre.com.br\/es\/wp-json\/wp\/v2\/comments?post=833"}],"version-history":[{"count":1,"href":"https:\/\/fronteiralivre.com.br\/es\/wp-json\/wp\/v2\/posts\/833\/revisions"}],"predecessor-version":[{"id":836,"href":"https:\/\/fronteiralivre.com.br\/es\/wp-json\/wp\/v2\/posts\/833\/revisions\/836"}],"wp:featuredmedia":[{"embeddable":true,"href":"https:\/\/fronteiralivre.com.br\/es\/wp-json\/wp\/v2\/media\/835"}],"wp:attachment":[{"href":"https:\/\/fronteiralivre.com.br\/es\/wp-json\/wp\/v2\/media?parent=833"}],"wp:term":[{"taxonomy":"category","embeddable":true,"href":"https:\/\/fronteiralivre.com.br\/es\/wp-json\/wp\/v2\/categories?post=833"},{"taxonomy":"post_tag","embeddable":true,"href":"https:\/\/fronteiralivre.com.br\/es\/wp-json\/wp\/v2\/tags?post=833"}],"curies":[{"name":"wp","href":"https:\/\/api.w.org\/{rel}","templated":true}]}}