{"id":829,"date":"2026-08-29T17:31:56","date_gmt":"2026-08-29T20:31:56","guid":{"rendered":"https:\/\/fronteiralivre.com.br\/es\/?p=829"},"modified":"2026-08-29T17:31:57","modified_gmt":"2026-08-29T20:31:57","slug":"brasil-celebra-el-dia-nacional-de-la-visibilidad-lesbica","status":"publish","type":"post","link":"https:\/\/fronteiralivre.com.br\/es\/brasil-celebra-el-dia-nacional-de-la-visibilidad-lesbica\/","title":{"rendered":"Brasil celebra el D\u00eda Nacional de la Visibilidad L\u00e9sbica"},"content":{"rendered":"\n<p class=\"wp-block-paragraph\"><strong>Rio de Janeiro, BR <\/strong>&#8211; Activistas de distintas generaciones se reunieron en julio para fortalecer la articulaci\u00f3n del movimiento l\u00e9sbico en Brasil y reclamar pol\u00edticas p\u00fablicas efectivas. La movilizaci\u00f3n antecede las conmemoraciones de este s\u00e1bado 29 de agosto, D\u00eda Nacional de la Visibilidad L\u00e9sbica.<\/p>\n\n\n\n<p class=\"wp-block-paragraph\">Entre el 2 y el 5 de julio, R\u00edo de Janeiro fue sede de la novena edici\u00f3n del Seminario Nacional L\u00e9sbico (Senale), 30 a\u00f1os despu\u00e9s de la realizaci\u00f3n de su primera edici\u00f3n. Bajo el lema&nbsp;<strong>\u201cLesbianas tejiendo historias, construyendo futuros\u201d<\/strong>, el encuentro reuni\u00f3 nuevamente a organizaciones y activistas de distintas generaciones.<\/p>\n\n\n\n<p class=\"wp-block-paragraph\">La novena edici\u00f3n retom\u00f3 un espacio nacional de articulaci\u00f3n espec\u00edfica 12 a\u00f1os despu\u00e9s del octavo seminario, realizado en Porto Alegre.<\/p>\n\n\n\n<p class=\"wp-block-paragraph\">El primer Senale tuvo lugar en 1996 y fue organizado por el Colectivo L\u00e9sbico de R\u00edo de Janeiro (Colerj) y el Centro de Documentaci\u00f3n e Informaci\u00f3n Coisa de Mulher. La convocatoria, realizada mediante cartas y faxes, reuni\u00f3 a 101 participantes y marc\u00f3 un momento pionero para la organizaci\u00f3n del movimiento l\u00e9sbico en el pa\u00eds.<\/p>\n\n\n\n<p class=\"wp-block-paragraph\">Durante las actividades de este a\u00f1o, activistas de derechos humanos tambi\u00e9n destacaron el papel hist\u00f3rico de las mujeres negras en la consolidaci\u00f3n del movimiento, con especial reconocimiento a las trayectorias de pioneras como Neusa das Dores y Elizabeth Calvet.<\/p>\n\n\n\n<p class=\"wp-block-paragraph\">La periodista y activista <strong>Camila Marins<\/strong> se\u00f1al\u00f3 que la visibilidad l\u00e9sbica no se limita a la representaci\u00f3n social, sino que tambi\u00e9n requiere garantizar la presencia de estas demandas en las estructuras p\u00fablicas.<\/p>\n\n\n\n<p class=\"wp-block-paragraph\"><em>\u201cQueremos lesbianas en el presupuesto p\u00fablico, en las pol\u00edticas p\u00fablicas, en el Sistema \u00danico de Salud (SUS), en el mercado laboral y en las universidades\u201d, afirm\u00f3.<\/em><\/p>\n\n\n\n<h4 class=\"wp-block-heading\"><strong>Salud y acceso a pol\u00edticas p\u00fablicas<\/strong><\/h4>\n\n\n\n<p class=\"wp-block-paragraph\">Brasil cuenta con avances institucionales en materia de derechos de la poblaci\u00f3n LGBT. Entre ellos se encuentra la creaci\u00f3n, en 2011, de la Pol\u00edtica Nacional de Salud Integral para la Comunidad LGBT. Sin embargo, las participantes del Senale se\u00f1alaron que todav\u00eda existen dificultades en el acceso cotidiano a los servicios y pol\u00edticas p\u00fablicas, particularmente en \u00e1reas como salud y reproducci\u00f3n.<\/p>\n\n\n\n<p class=\"wp-block-paragraph\"><strong>Drika Cordonet<\/strong>, activista de la Marcha Mundial de las Mujeres y miembro del comit\u00e9 metodol\u00f3gico del Senale, destac\u00f3 las desigualdades que atraviesan a las mujeres lesbianas seg\u00fan factores como clase social, territorio, raza y expresi\u00f3n de g\u00e9nero.<\/p>\n\n\n\n<p class=\"wp-block-paragraph\"><em>\u201cNuestros cuerpos siguen siendo invisibles y marginados en la sociedad, con todas las intersecciones de clase, territorio, raza y expresi\u00f3n de g\u00e9nero. Queremos traer vida al mundo y tenemos derecho a que ambas madres reciban asistencia reproductiva por parte del sistema p\u00fablico\u201d, afirm\u00f3.<\/em><\/p>\n\n\n\n<p class=\"wp-block-paragraph\">Las mesas de trabajo del seminario tambi\u00e9n abordaron el impacto de las crisis clim\u00e1ticas sobre comunidades marginadas, la incorporaci\u00f3n de las demandas l\u00e9sbicas en el movimiento feminista y la necesidad de combatir el racismo ambiental.<\/p>\n\n\n\n<h4 class=\"wp-block-heading\"><strong>Derechos civiles y avance de sectores conservadore<\/strong>s<\/h4>\n\n\n\n<p class=\"wp-block-paragraph\">El escenario pol\u00edtico brasile\u00f1o tambi\u00e9n form\u00f3 parte de los debates. Las participantes analizaron la presi\u00f3n ejercida por sectores conservadores sobre los derechos de la poblaci\u00f3n LGTBIQ+ y sus posibles efectos sobre las garant\u00edas conquistadas durante las \u00faltimas d\u00e9cadas. Las activistas se\u00f1alaron particularmente el avance de sectores vinculados a la extrema derecha, el bolsonarismo y grupos ultraconservadores y evang\u00e9licos que se oponen a distintas demandas relacionadas con los derechos sexuales y de g\u00e9nero.<\/p>\n\n\n\n<p class=\"wp-block-paragraph\">Parte de estos discursos concentra sus ataques en la poblaci\u00f3n transg\u00e9nero o utiliza la denominada&nbsp;<strong>\u201cideolog\u00eda de g\u00e9nero\u201d<\/strong>&nbsp;como argumento pol\u00edtico. Seg\u00fan las participantes, estas disputas tambi\u00e9n pueden afectar de manera directa otros derechos civiles conquistados por la poblaci\u00f3n l\u00e9sbica.<\/p>\n\n\n\n<h4 class=\"wp-block-heading\"><strong>Memoria y lucha contra la violencia<\/strong><\/h4>\n\n\n\n<p class=\"wp-block-paragraph\">La violencia machista y la lesbofobia fueron otros de los temas centrales del encuentro. Las jornadas tuvieron como uno de sus s\u00edmbolos la memoria de Luana Barbosa dos Reis, mujer negra y lesbiana que muri\u00f3 en 2016 tras una agresi\u00f3n policial en el estado de S\u00e3o Paulo.<\/p>\n\n\n\n<p class=\"wp-block-paragraph\">El seminario tambi\u00e9n permiti\u00f3 fortalecer el di\u00e1logo entre diferentes generaciones del movimiento. Durante la apertura se rindi\u00f3 homenaje a 31 fundadoras de los primeros seminarios y se reconoci\u00f3 la labor de cerca de 30 j\u00f3venes que actualmente integran las nuevas vocer\u00edas. Para Cordonet, la participaci\u00f3n de distintas generaciones representa una construcci\u00f3n colectiva del movimiento y no una sustituci\u00f3n entre generaciones.<\/p>\n\n\n\n<p class=\"wp-block-paragraph\"><em>\u201cNo se trata de un relevo generacional, sino de construir el movimiento juntas para garantizar que la existencia de las mujeres no sea borrada y que tengan derecho a envejecer con dignidad\u201d, concluy\u00f3.<\/em><\/p>\n\n\n\n<p class=\"wp-block-paragraph\"><\/p>\n","protected":false},"excerpt":{"rendered":"<p>Rio de Janeiro, BR &#8211; Activistas de distintas generaciones se reunieron en julio para fortalecer la articulaci\u00f3n del movimiento l\u00e9sbico en Brasil y reclamar pol\u00edticas p\u00fablicas efectivas. La movilizaci\u00f3n antecede las conmemoraciones de este s\u00e1bado 29 de agosto, D\u00eda Nacional de la Visibilidad L\u00e9sbica.<\/p>\n","protected":false},"author":7,"featured_media":831,"comment_status":"open","ping_status":"open","sticky":false,"template":"","format":"standard","meta":{"_sub_headline":"Activistas de distintas generaciones retomaron la articulaci\u00f3n nacional del movimiento l\u00e9sbico y reclamaron pol\u00edticas p\u00fablicas en \u00e1reas como salud, educaci\u00f3n, trabajo y derechos civiles","videourl":"","footnotes":""},"categories":[37],"tags":[2000,2002,79,1384,199,1179,2003,1998,565],"class_list":["post-829","post","type-post","status-publish","format-standard","has-post-thumbnail","hentry","category-sociedad","tag-acesso-a-salud","tag-activismo","tag-brasil","tag-derechos-civiles","tag-derechos-humanos","tag-inclusion","tag-memoria-2","tag-orgullo-gay","tag-politicas-publicas"],"yoast_head":"<!-- This site is optimized with the Yoast SEO plugin v28.3 - https:\/\/yoast.com\/product\/yoast-seo-wordpress\/ -->\n<title>Brasil celebra el D\u00eda Nacional de la Visibilidad L\u00e9sbica - Fronteira Livre<\/title>\n<meta name=\"description\" content=\"Brasil conmemora el D\u00eda Nacional de la Visibilidad L\u00e9sbica con reclamos por inclusi\u00f3n, pol\u00edticas p\u00fablicas, acceso a la salud y derechos\" \/>\n<meta name=\"robots\" content=\"index, follow, max-snippet:-1, max-image-preview:large, max-video-preview:-1\" \/>\n<link rel=\"canonical\" href=\"https:\/\/fronteiralivre.com.br\/es\/brasil-celebra-el-dia-nacional-de-la-visibilidad-lesbica\/\" \/>\n<meta property=\"og:locale\" content=\"es_ES\" \/>\n<meta property=\"og:type\" content=\"article\" \/>\n<meta property=\"og:title\" content=\"Brasil celebra el D\u00eda Nacional de la Visibilidad L\u00e9sbica - Fronteira Livre\" \/>\n<meta property=\"og:description\" content=\"Brasil conmemora el D\u00eda Nacional de la Visibilidad L\u00e9sbica con reclamos por inclusi\u00f3n, pol\u00edticas p\u00fablicas, acceso a la salud y derechos\" \/>\n<meta property=\"og:url\" content=\"https:\/\/fronteiralivre.com.br\/es\/brasil-celebra-el-dia-nacional-de-la-visibilidad-lesbica\/\" \/>\n<meta property=\"og:site_name\" content=\"Fronteira Livre\" \/>\n<meta property=\"article:published_time\" content=\"2026-08-29T20:31:56+00:00\" \/>\n<meta property=\"article:modified_time\" content=\"2026-08-29T20:31:57+00:00\" \/>\n<meta property=\"og:image\" content=\"https:\/\/fronteiralivre.com.br\/es\/wp-content\/uploads\/2026\/08\/Untitled-design-2-1.webp\" \/>\n\t<meta property=\"og:image:width\" content=\"1140\" \/>\n\t<meta property=\"og:image:height\" content=\"570\" \/>\n\t<meta property=\"og:image:type\" content=\"image\/webp\" \/>\n<meta name=\"author\" content=\"Steve Rodr\u00edguez\" \/>\n<meta name=\"twitter:card\" content=\"summary_large_image\" \/>\n<meta name=\"twitter:label1\" content=\"Escrito por\" \/>\n\t<meta name=\"twitter:data1\" content=\"Steve Rodr\u00edguez\" \/>\n\t<meta name=\"twitter:label2\" content=\"Tiempo de lectura\" \/>\n\t<meta name=\"twitter:data2\" content=\"4 minutos\" \/>\n<script type=\"application\/ld+json\" class=\"yoast-schema-graph\">{\"@context\":\"https:\\\/\\\/schema.org\",\"@graph\":[{\"@type\":\"Article\",\"@id\":\"https:\\\/\\\/fronteiralivre.com.br\\\/es\\\/brasil-celebra-el-dia-nacional-de-la-visibilidad-lesbica\\\/#article\",\"isPartOf\":{\"@id\":\"https:\\\/\\\/fronteiralivre.com.br\\\/es\\\/brasil-celebra-el-dia-nacional-de-la-visibilidad-lesbica\\\/\"},\"author\":{\"name\":\"Steve Rodr\u00edguez\",\"@id\":\"https:\\\/\\\/fronteiralivre.com.br\\\/es\\\/#\\\/schema\\\/person\\\/3c3ddfa3b04a2720a84b3f9bdf3dbd6b\"},\"headline\":\"Brasil celebra el D\u00eda Nacional de la Visibilidad L\u00e9sbica\",\"datePublished\":\"2026-08-29T20:31:56+00:00\",\"dateModified\":\"2026-08-29T20:31:57+00:00\",\"mainEntityOfPage\":{\"@id\":\"https:\\\/\\\/fronteiralivre.com.br\\\/es\\\/brasil-celebra-el-dia-nacional-de-la-visibilidad-lesbica\\\/\"},\"wordCount\":804,\"commentCount\":0,\"image\":{\"@id\":\"https:\\\/\\\/fronteiralivre.com.br\\\/es\\\/brasil-celebra-el-dia-nacional-de-la-visibilidad-lesbica\\\/#primaryimage\"},\"thumbnailUrl\":\"https:\\\/\\\/fronteiralivre.com.br\\\/es\\\/wp-content\\\/uploads\\\/2026\\\/08\\\/Untitled-design-2-1.webp\",\"keywords\":[\"acesso a salud\",\"Activismo\",\"Brasil\",\"derechos civiles\",\"derechos humanos\",\"inclusi\u00f3n\",\"memoria\",\"orgullo gay\",\"Pol\u00edticas P\u00fablicas\"],\"articleSection\":[\"Sociedad\"],\"inLanguage\":\"es-AR\",\"potentialAction\":[{\"@type\":\"CommentAction\",\"name\":\"Comment\",\"target\":[\"https:\\\/\\\/fronteiralivre.com.br\\\/es\\\/brasil-celebra-el-dia-nacional-de-la-visibilidad-lesbica\\\/#respond\"]}]},{\"@type\":\"WebPage\",\"@id\":\"https:\\\/\\\/fronteiralivre.com.br\\\/es\\\/brasil-celebra-el-dia-nacional-de-la-visibilidad-lesbica\\\/\",\"url\":\"https:\\\/\\\/fronteiralivre.com.br\\\/es\\\/brasil-celebra-el-dia-nacional-de-la-visibilidad-lesbica\\\/\",\"name\":\"Brasil celebra el D\u00eda Nacional de la Visibilidad L\u00e9sbica - Fronteira Livre\",\"isPartOf\":{\"@id\":\"https:\\\/\\\/fronteiralivre.com.br\\\/es\\\/#website\"},\"primaryImageOfPage\":{\"@id\":\"https:\\\/\\\/fronteiralivre.com.br\\\/es\\\/brasil-celebra-el-dia-nacional-de-la-visibilidad-lesbica\\\/#primaryimage\"},\"image\":{\"@id\":\"https:\\\/\\\/fronteiralivre.com.br\\\/es\\\/brasil-celebra-el-dia-nacional-de-la-visibilidad-lesbica\\\/#primaryimage\"},\"thumbnailUrl\":\"https:\\\/\\\/fronteiralivre.com.br\\\/es\\\/wp-content\\\/uploads\\\/2026\\\/08\\\/Untitled-design-2-1.webp\",\"datePublished\":\"2026-08-29T20:31:56+00:00\",\"dateModified\":\"2026-08-29T20:31:57+00:00\",\"author\":{\"@id\":\"https:\\\/\\\/fronteiralivre.com.br\\\/es\\\/#\\\/schema\\\/person\\\/3c3ddfa3b04a2720a84b3f9bdf3dbd6b\"},\"description\":\"Brasil conmemora el D\u00eda Nacional de la Visibilidad L\u00e9sbica con reclamos por inclusi\u00f3n, pol\u00edticas p\u00fablicas, acceso a la salud y derechos\",\"breadcrumb\":{\"@id\":\"https:\\\/\\\/fronteiralivre.com.br\\\/es\\\/brasil-celebra-el-dia-nacional-de-la-visibilidad-lesbica\\\/#breadcrumb\"},\"inLanguage\":\"es-AR\",\"potentialAction\":[{\"@type\":\"ReadAction\",\"target\":[\"https:\\\/\\\/fronteiralivre.com.br\\\/es\\\/brasil-celebra-el-dia-nacional-de-la-visibilidad-lesbica\\\/\"]}]},{\"@type\":\"ImageObject\",\"inLanguage\":\"es-AR\",\"@id\":\"https:\\\/\\\/fronteiralivre.com.br\\\/es\\\/brasil-celebra-el-dia-nacional-de-la-visibilidad-lesbica\\\/#primaryimage\",\"url\":\"https:\\\/\\\/fronteiralivre.com.br\\\/es\\\/wp-content\\\/uploads\\\/2026\\\/08\\\/Untitled-design-2-1.webp\",\"contentUrl\":\"https:\\\/\\\/fronteiralivre.com.br\\\/es\\\/wp-content\\\/uploads\\\/2026\\\/08\\\/Untitled-design-2-1.webp\",\"width\":1140,\"height\":570,\"caption\":\"Foto: Banco de im\u00e1genes Pinterest.\"},{\"@type\":\"BreadcrumbList\",\"@id\":\"https:\\\/\\\/fronteiralivre.com.br\\\/es\\\/brasil-celebra-el-dia-nacional-de-la-visibilidad-lesbica\\\/#breadcrumb\",\"itemListElement\":[{\"@type\":\"ListItem\",\"position\":1,\"name\":\"Home\",\"item\":\"https:\\\/\\\/fronteiralivre.com.br\\\/es\\\/\"},{\"@type\":\"ListItem\",\"position\":2,\"name\":\"Brasil celebra el D\u00eda Nacional de la Visibilidad L\u00e9sbica\"}]},{\"@type\":\"WebSite\",\"@id\":\"https:\\\/\\\/fronteiralivre.com.br\\\/es\\\/#website\",\"url\":\"https:\\\/\\\/fronteiralivre.com.br\\\/es\\\/\",\"name\":\"Fronteira Livre\",\"description\":\"De Foz do Igua\u00e7u para el mundo.\",\"potentialAction\":[{\"@type\":\"SearchAction\",\"target\":{\"@type\":\"EntryPoint\",\"urlTemplate\":\"https:\\\/\\\/fronteiralivre.com.br\\\/es\\\/?s={search_term_string}\"},\"query-input\":{\"@type\":\"PropertyValueSpecification\",\"valueRequired\":true,\"valueName\":\"search_term_string\"}}],\"inLanguage\":\"es-AR\"},{\"@type\":\"Person\",\"@id\":\"https:\\\/\\\/fronteiralivre.com.br\\\/es\\\/#\\\/schema\\\/person\\\/3c3ddfa3b04a2720a84b3f9bdf3dbd6b\",\"name\":\"Steve Rodr\u00edguez\",\"image\":{\"@type\":\"ImageObject\",\"inLanguage\":\"es-AR\",\"@id\":\"https:\\\/\\\/secure.gravatar.com\\\/avatar\\\/fc4acaf4a72962ec0c75e1dba58041dba48457881f6bce3b14ad81e35610c6f3?s=96&d=mm&r=g\",\"url\":\"https:\\\/\\\/secure.gravatar.com\\\/avatar\\\/fc4acaf4a72962ec0c75e1dba58041dba48457881f6bce3b14ad81e35610c6f3?s=96&d=mm&r=g\",\"contentUrl\":\"https:\\\/\\\/secure.gravatar.com\\\/avatar\\\/fc4acaf4a72962ec0c75e1dba58041dba48457881f6bce3b14ad81e35610c6f3?s=96&d=mm&r=g\",\"caption\":\"Steve Rodr\u00edguez\"},\"description\":\"Steve Rodr\u00edguez es reportero de Fronteira Livre, investigador y doctorando en la Universidad Federal de Integraci\u00f3n Latinoamericana (UNILA). Posee una formaci\u00f3n interdisciplinaria en narrativa audiovisual, estudios culturales latinoamericanos y pr\u00e1cticas pedag\u00f3gicas anticoloniales. Su trayectoria articula la creaci\u00f3n art\u00edstica en \u00e1mbitos como el teatro, el cine y la cultura visual con la reflexi\u00f3n cr\u00edtica y la investigaci\u00f3n acad\u00e9mica, desde una perspectiva inspirada en los estudios visuales desarrollados por Nicholas Mirzoeff.\",\"url\":\"https:\\\/\\\/fronteiralivre.com.br\\\/es\\\/author\\\/steverodrigues\\\/\"}]}<\/script>\n<!-- \/ Yoast SEO plugin. -->","yoast_head_json":{"title":"Brasil celebra el D\u00eda Nacional de la Visibilidad L\u00e9sbica - Fronteira Livre","description":"Brasil conmemora el D\u00eda Nacional de la Visibilidad L\u00e9sbica con reclamos por inclusi\u00f3n, pol\u00edticas p\u00fablicas, acceso a la salud y derechos","robots":{"index":"index","follow":"follow","max-snippet":"max-snippet:-1","max-image-preview":"max-image-preview:large","max-video-preview":"max-video-preview:-1"},"canonical":"https:\/\/fronteiralivre.com.br\/es\/brasil-celebra-el-dia-nacional-de-la-visibilidad-lesbica\/","og_locale":"es_ES","og_type":"article","og_title":"Brasil celebra el D\u00eda Nacional de la Visibilidad L\u00e9sbica - Fronteira Livre","og_description":"Brasil conmemora el D\u00eda Nacional de la Visibilidad L\u00e9sbica con reclamos por inclusi\u00f3n, pol\u00edticas p\u00fablicas, acceso a la salud y derechos","og_url":"https:\/\/fronteiralivre.com.br\/es\/brasil-celebra-el-dia-nacional-de-la-visibilidad-lesbica\/","og_site_name":"Fronteira Livre","article_published_time":"2026-08-29T20:31:56+00:00","article_modified_time":"2026-08-29T20:31:57+00:00","og_image":[{"width":1140,"height":570,"url":"https:\/\/fronteiralivre.com.br\/es\/wp-content\/uploads\/2026\/08\/Untitled-design-2-1.webp","type":"image\/webp"}],"author":"Steve Rodr\u00edguez","twitter_card":"summary_large_image","twitter_misc":{"Escrito por":"Steve Rodr\u00edguez","Tiempo de lectura":"4 minutos"},"schema":{"@context":"https:\/\/schema.org","@graph":[{"@type":"Article","@id":"https:\/\/fronteiralivre.com.br\/es\/brasil-celebra-el-dia-nacional-de-la-visibilidad-lesbica\/#article","isPartOf":{"@id":"https:\/\/fronteiralivre.com.br\/es\/brasil-celebra-el-dia-nacional-de-la-visibilidad-lesbica\/"},"author":{"name":"Steve Rodr\u00edguez","@id":"https:\/\/fronteiralivre.com.br\/es\/#\/schema\/person\/3c3ddfa3b04a2720a84b3f9bdf3dbd6b"},"headline":"Brasil celebra el D\u00eda Nacional de la Visibilidad L\u00e9sbica","datePublished":"2026-08-29T20:31:56+00:00","dateModified":"2026-08-29T20:31:57+00:00","mainEntityOfPage":{"@id":"https:\/\/fronteiralivre.com.br\/es\/brasil-celebra-el-dia-nacional-de-la-visibilidad-lesbica\/"},"wordCount":804,"commentCount":0,"image":{"@id":"https:\/\/fronteiralivre.com.br\/es\/brasil-celebra-el-dia-nacional-de-la-visibilidad-lesbica\/#primaryimage"},"thumbnailUrl":"https:\/\/fronteiralivre.com.br\/es\/wp-content\/uploads\/2026\/08\/Untitled-design-2-1.webp","keywords":["acesso a salud","Activismo","Brasil","derechos civiles","derechos humanos","inclusi\u00f3n","memoria","orgullo gay","Pol\u00edticas P\u00fablicas"],"articleSection":["Sociedad"],"inLanguage":"es-AR","potentialAction":[{"@type":"CommentAction","name":"Comment","target":["https:\/\/fronteiralivre.com.br\/es\/brasil-celebra-el-dia-nacional-de-la-visibilidad-lesbica\/#respond"]}]},{"@type":"WebPage","@id":"https:\/\/fronteiralivre.com.br\/es\/brasil-celebra-el-dia-nacional-de-la-visibilidad-lesbica\/","url":"https:\/\/fronteiralivre.com.br\/es\/brasil-celebra-el-dia-nacional-de-la-visibilidad-lesbica\/","name":"Brasil celebra el D\u00eda Nacional de la Visibilidad L\u00e9sbica - Fronteira Livre","isPartOf":{"@id":"https:\/\/fronteiralivre.com.br\/es\/#website"},"primaryImageOfPage":{"@id":"https:\/\/fronteiralivre.com.br\/es\/brasil-celebra-el-dia-nacional-de-la-visibilidad-lesbica\/#primaryimage"},"image":{"@id":"https:\/\/fronteiralivre.com.br\/es\/brasil-celebra-el-dia-nacional-de-la-visibilidad-lesbica\/#primaryimage"},"thumbnailUrl":"https:\/\/fronteiralivre.com.br\/es\/wp-content\/uploads\/2026\/08\/Untitled-design-2-1.webp","datePublished":"2026-08-29T20:31:56+00:00","dateModified":"2026-08-29T20:31:57+00:00","author":{"@id":"https:\/\/fronteiralivre.com.br\/es\/#\/schema\/person\/3c3ddfa3b04a2720a84b3f9bdf3dbd6b"},"description":"Brasil conmemora el D\u00eda Nacional de la Visibilidad L\u00e9sbica con reclamos por inclusi\u00f3n, pol\u00edticas p\u00fablicas, acceso a la salud y derechos","breadcrumb":{"@id":"https:\/\/fronteiralivre.com.br\/es\/brasil-celebra-el-dia-nacional-de-la-visibilidad-lesbica\/#breadcrumb"},"inLanguage":"es-AR","potentialAction":[{"@type":"ReadAction","target":["https:\/\/fronteiralivre.com.br\/es\/brasil-celebra-el-dia-nacional-de-la-visibilidad-lesbica\/"]}]},{"@type":"ImageObject","inLanguage":"es-AR","@id":"https:\/\/fronteiralivre.com.br\/es\/brasil-celebra-el-dia-nacional-de-la-visibilidad-lesbica\/#primaryimage","url":"https:\/\/fronteiralivre.com.br\/es\/wp-content\/uploads\/2026\/08\/Untitled-design-2-1.webp","contentUrl":"https:\/\/fronteiralivre.com.br\/es\/wp-content\/uploads\/2026\/08\/Untitled-design-2-1.webp","width":1140,"height":570,"caption":"Foto: Banco de im\u00e1genes Pinterest."},{"@type":"BreadcrumbList","@id":"https:\/\/fronteiralivre.com.br\/es\/brasil-celebra-el-dia-nacional-de-la-visibilidad-lesbica\/#breadcrumb","itemListElement":[{"@type":"ListItem","position":1,"name":"Home","item":"https:\/\/fronteiralivre.com.br\/es\/"},{"@type":"ListItem","position":2,"name":"Brasil celebra el D\u00eda Nacional de la Visibilidad L\u00e9sbica"}]},{"@type":"WebSite","@id":"https:\/\/fronteiralivre.com.br\/es\/#website","url":"https:\/\/fronteiralivre.com.br\/es\/","name":"Fronteira Livre","description":"De Foz do Igua\u00e7u para el mundo.","potentialAction":[{"@type":"SearchAction","target":{"@type":"EntryPoint","urlTemplate":"https:\/\/fronteiralivre.com.br\/es\/?s={search_term_string}"},"query-input":{"@type":"PropertyValueSpecification","valueRequired":true,"valueName":"search_term_string"}}],"inLanguage":"es-AR"},{"@type":"Person","@id":"https:\/\/fronteiralivre.com.br\/es\/#\/schema\/person\/3c3ddfa3b04a2720a84b3f9bdf3dbd6b","name":"Steve Rodr\u00edguez","image":{"@type":"ImageObject","inLanguage":"es-AR","@id":"https:\/\/secure.gravatar.com\/avatar\/fc4acaf4a72962ec0c75e1dba58041dba48457881f6bce3b14ad81e35610c6f3?s=96&d=mm&r=g","url":"https:\/\/secure.gravatar.com\/avatar\/fc4acaf4a72962ec0c75e1dba58041dba48457881f6bce3b14ad81e35610c6f3?s=96&d=mm&r=g","contentUrl":"https:\/\/secure.gravatar.com\/avatar\/fc4acaf4a72962ec0c75e1dba58041dba48457881f6bce3b14ad81e35610c6f3?s=96&d=mm&r=g","caption":"Steve Rodr\u00edguez"},"description":"Steve Rodr\u00edguez es reportero de Fronteira Livre, investigador y doctorando en la Universidad Federal de Integraci\u00f3n Latinoamericana (UNILA). Posee una formaci\u00f3n interdisciplinaria en narrativa audiovisual, estudios culturales latinoamericanos y pr\u00e1cticas pedag\u00f3gicas anticoloniales. Su trayectoria articula la creaci\u00f3n art\u00edstica en \u00e1mbitos como el teatro, el cine y la cultura visual con la reflexi\u00f3n cr\u00edtica y la investigaci\u00f3n acad\u00e9mica, desde una perspectiva inspirada en los estudios visuales desarrollados por Nicholas Mirzoeff.","url":"https:\/\/fronteiralivre.com.br\/es\/author\/steverodrigues\/"}]}},"_links":{"self":[{"href":"https:\/\/fronteiralivre.com.br\/es\/wp-json\/wp\/v2\/posts\/829","targetHints":{"allow":["GET"]}}],"collection":[{"href":"https:\/\/fronteiralivre.com.br\/es\/wp-json\/wp\/v2\/posts"}],"about":[{"href":"https:\/\/fronteiralivre.com.br\/es\/wp-json\/wp\/v2\/types\/post"}],"author":[{"embeddable":true,"href":"https:\/\/fronteiralivre.com.br\/es\/wp-json\/wp\/v2\/users\/7"}],"replies":[{"embeddable":true,"href":"https:\/\/fronteiralivre.com.br\/es\/wp-json\/wp\/v2\/comments?post=829"}],"version-history":[{"count":1,"href":"https:\/\/fronteiralivre.com.br\/es\/wp-json\/wp\/v2\/posts\/829\/revisions"}],"predecessor-version":[{"id":832,"href":"https:\/\/fronteiralivre.com.br\/es\/wp-json\/wp\/v2\/posts\/829\/revisions\/832"}],"wp:featuredmedia":[{"embeddable":true,"href":"https:\/\/fronteiralivre.com.br\/es\/wp-json\/wp\/v2\/media\/831"}],"wp:attachment":[{"href":"https:\/\/fronteiralivre.com.br\/es\/wp-json\/wp\/v2\/media?parent=829"}],"wp:term":[{"taxonomy":"category","embeddable":true,"href":"https:\/\/fronteiralivre.com.br\/es\/wp-json\/wp\/v2\/categories?post=829"},{"taxonomy":"post_tag","embeddable":true,"href":"https:\/\/fronteiralivre.com.br\/es\/wp-json\/wp\/v2\/tags?post=829"}],"curies":[{"name":"wp","href":"https:\/\/api.w.org\/{rel}","templated":true}]}}