{"id":826,"date":"2026-08-29T17:10:24","date_gmt":"2026-08-29T20:10:24","guid":{"rendered":"https:\/\/fronteiralivre.com.br\/es\/?p=826"},"modified":"2026-08-29T17:10:24","modified_gmt":"2026-08-29T20:10:24","slug":"por-que-se-llama-centroamerica-la-historia-de-su-nombre","status":"publish","type":"post","link":"https:\/\/fronteiralivre.com.br\/es\/por-que-se-llama-centroamerica-la-historia-de-su-nombre\/","title":{"rendered":"\u00bfPor qu\u00e9 se llama Centroam\u00e9rica? La historia de su nombre"},"content":{"rendered":"\n<p class=\"wp-block-paragraph\"><strong>Centroam\u00e9rica<\/strong> &#8211; Centroam\u00e9rica es actualmente una regi\u00f3n formada por siete pa\u00edses: Guatemala, Belice, El Salvador, Honduras, Nicaragua, Costa Rica y Panam\u00e1. Ubicada entre Am\u00e9rica del Norte y Am\u00e9rica del Sur, ocupa el istmo que conecta geogr\u00e1ficamente ambas partes del continente.<\/p>\n\n\n\n<p class=\"wp-block-paragraph\">Pero la denominaci\u00f3n Centroam\u00e9rica no siempre fue utilizada para identificar a este territorio. Desde la independencia de Espa\u00f1a, en 1821, la regi\u00f3n atraves\u00f3 diferentes procesos pol\u00edticos y recibi\u00f3 distintos nombres. Durante m\u00e1s de un siglo, adem\u00e1s, hubo varios intentos de mantener unidos a los territorios del istmo bajo una misma estructura pol\u00edtica.<\/p>\n\n\n\n<p class=\"wp-block-paragraph\">La historia de Centroam\u00e9rica, por lo tanto, no est\u00e1 relacionada \u00fanicamente con su ubicaci\u00f3n geogr\u00e1fica. El concepto tambi\u00e9n adquiri\u00f3 un significado pol\u00edtico e identitario que permanece hasta la actualidad. El historiador <strong>H\u00e9ctor P\u00e9rez Brignoli<\/strong>, profesor em\u00e9rito de la Escuela de Historia de la Universidad de Costa Rica, se\u00f1ala que la identidad centroamericana posee una dimensi\u00f3n particular.<\/p>\n\n\n\n<p class=\"wp-block-paragraph\"><em>&#8220;Luego hay la distinci\u00f3n de ser centroamericanos, eso siempre est\u00e1 en las constituciones.&#8221;<\/em><\/p>\n\n\n\n<p class=\"wp-block-paragraph\">Seg\u00fan el historiador, esta condici\u00f3n tiene un car\u00e1cter poco habitual en otras regiones del continente.<\/p>\n\n\n\n<p class=\"wp-block-paragraph\"><em>&#8220;La distinci\u00f3n de centroamericanos siempre tiene un estatus especial, no es com\u00fan en otras zonas de Am\u00e9rica.&#8221;<\/em><\/p>\n\n\n\n<h4 class=\"wp-block-heading\"><strong>Antes de llamarse Centroam\u00e9rica<\/strong><\/h4>\n\n\n\n<p class=\"wp-block-paragraph\">Antes de la llegada de los espa\u00f1oles, gran parte del territorio que actualmente corresponde a Centroam\u00e9rica formaba parte de Mesoam\u00e9rica, una amplia regi\u00f3n cultural que comprend\u00eda el sur de M\u00e9xico y llegaba por el oeste del istmo hasta el territorio de la actual Costa Rica.<\/p>\n\n\n\n<p class=\"wp-block-paragraph\">Durante la \u00e9poca colonial, buena parte de estos territorios qued\u00f3 integrada a la Capitan\u00eda General de Guatemala, tambi\u00e9n conocida como Reino de Guatemala. La jurisdicci\u00f3n comprend\u00eda los territorios que hoy corresponden a Guatemala, El Salvador, Honduras, Nicaragua y Costa Rica, adem\u00e1s de dos de las actuales provincias de Panam\u00e1 y el territorio de Chiapas, actualmente perteneciente a M\u00e9xico.<\/p>\n\n\n\n<p class=\"wp-block-paragraph\">Aunque formalmente depend\u00eda del Virreinato de Nueva Espa\u00f1a, la Capitan\u00eda General ten\u00eda una administraci\u00f3n propia encabezada por una autoridad designada por la Corona espa\u00f1ola. La independencia de Espa\u00f1a fue declarada en 1821. Despu\u00e9s de ese proceso, los territorios centroamericanos fueron incorporados al Primer Imperio Mexicano, encabezado por Agust\u00edn de Iturbide.<\/p>\n\n\n\n<p class=\"wp-block-paragraph\">La situaci\u00f3n cambi\u00f3 dos a\u00f1os despu\u00e9s. En 1823, tras el derrocamiento de Iturbide y la ca\u00edda del Primer Imperio Mexicano, los territorios del sureste se separaron de M\u00e9xico y comenzaron un nuevo proceso de organizaci\u00f3n pol\u00edtica.<\/p>\n\n\n\n<p class=\"wp-block-paragraph\">Ese a\u00f1o adoptaron oficialmente el nombre de\u00a0Provincias Unidas de Am\u00e9rica Central. Tambi\u00e9n fue utilizada la denominaci\u00f3n\u00a0Estados Unidos de Centroam\u00e9rica, en un contexto en el que el modelo federal estadounidense comenzaba a ejercer una fuerte influencia pol\u00edtica en el continente.<\/p>\n\n\n\n<h4 class=\"wp-block-heading\"><strong>La Rep\u00fablica Federal de Centro Am\u00e9rica<\/strong><\/h4>\n\n\n\n<p class=\"wp-block-paragraph\">En 1824, una Asamblea Nacional integrada por representantes de las diferentes provincias aprob\u00f3 una nueva Constituci\u00f3n y estableci\u00f3 la\u00a0Rep\u00fablica Federal de Centro Am\u00e9rica. El proyecto buscaba mantener unidos los territorios del antiguo Reino de Guatemala bajo una estructura federal.<\/p>\n\n\n\n<p class=\"wp-block-paragraph\">La experiencia, sin embargo, dur\u00f3 poco m\u00e1s de una d\u00e9cada. En 1838, Nicaragua abandon\u00f3 la Rep\u00fablica Federal. Posteriormente se separaron El Salvador, Honduras y Costa Rica, mientras la regi\u00f3n entraba en un per\u00edodo marcado por conflictos pol\u00edticos y guerras civiles.<\/p>\n\n\n\n<p class=\"wp-block-paragraph\">La disoluci\u00f3n de la Rep\u00fablica Federal no signific\u00f3 el abandono de la idea de una Centroam\u00e9rica unificada. Durante las d\u00e9cadas siguientes surgieron nuevos proyectos de integraci\u00f3n y diferentes denominaciones para la regi\u00f3n. Entre ellos estuvo la\u00a0Confederaci\u00f3n de Centroam\u00e9rica, integrada por El Salvador, Guatemala, Honduras y Nicaragua. Tambi\u00e9n existi\u00f3 la\u00a0Federaci\u00f3n de Centroam\u00e9rica, otro intento de reorganizaci\u00f3n pol\u00edtica que no incorpor\u00f3 a Guatemala.<\/p>\n\n\n\n<p class=\"wp-block-paragraph\">A finales del siglo XIX, Honduras, Nicaragua y El Salvador impulsaron entre 1896 y 1899 la\u00a0Gran Rep\u00fablica de Centroam\u00e9rica, tambi\u00e9n conocida como\u00a0Rep\u00fablica Mayor de Centroam\u00e9rica. El proyecto de unidad volvi\u00f3 a aparecer en el siglo XX. Entre 1921 y 1922, El Salvador, Guatemala y Honduras formaron una nueva Federaci\u00f3n Centroamericana.<\/p>\n\n\n\n<p class=\"wp-block-paragraph\">Estos sucesivos proyectos muestran que, incluso despu\u00e9s de la fragmentaci\u00f3n pol\u00edtica, la idea de una identidad y una organizaci\u00f3n regional continu\u00f3 presente.<\/p>\n\n\n\n<h4 class=\"wp-block-heading\"><strong>Panam\u00e1 y la consolidaci\u00f3n del concepto<\/strong><\/h4>\n\n\n\n<p class=\"wp-block-paragraph\">La incorporaci\u00f3n de Panam\u00e1 al concepto contempor\u00e1neo de Centroam\u00e9rica fue uno de los procesos que contribuy\u00f3 a definir la regi\u00f3n como se la conoce actualmente. Hasta 1903, Panam\u00e1 formaba parte de Colombia. Tras su independencia, comenz\u00f3 a ser incluido dentro de la concepci\u00f3n pol\u00edtica y geogr\u00e1fica de Centroam\u00e9rica.<\/p>\n\n\n\n<p class=\"wp-block-paragraph\">El proceso coincidi\u00f3 con el creciente inter\u00e9s de Estados Unidos por construir un canal interoce\u00e1nico que permitiera conectar los oc\u00e9anos Atl\u00e1ntico y Pac\u00edfico a trav\u00e9s del territorio paname\u00f1o. El acad\u00e9mico <strong>Santiago Bastos<\/strong>, investigador del Centro de Investigaciones y Estudios Superiores en Antropolog\u00eda Social (Ciesas), considera que estos acontecimientos tuvieron un papel importante en la consolidaci\u00f3n del concepto durante el siglo XX.<\/p>\n\n\n\n<p class=\"wp-block-paragraph\"><em>&#8220;En el siglo XX se crea la idea de Centroam\u00e9rica, que es una concepci\u00f3n m\u00e1s norteamericana.&#8221;<\/em><\/p>\n\n\n\n<p class=\"wp-block-paragraph\">Bastos tambi\u00e9n se\u00f1ala que la nueva concepci\u00f3n regional pas\u00f3 a incorporar a Panam\u00e1.<\/p>\n\n\n\n<p class=\"wp-block-paragraph\"><em>&#8220;Ya incluye a Panam\u00e1. Es una idea de la geopol\u00edtica como la conocemos.&#8221;<\/em><\/p>\n\n\n\n<p class=\"wp-block-paragraph\">La incorporaci\u00f3n de Panam\u00e1 ayud\u00f3 a establecer la configuraci\u00f3n territorial que actualmente se reconoce como Centroam\u00e9rica: Guatemala, Belice, El Salvador, Honduras, Nicaragua, Costa Rica y Panam\u00e1.<\/p>\n\n\n\n<h4 class=\"wp-block-heading\"><strong>Un nombre sin un decreto de origen<\/strong><\/h4>\n\n\n\n<p class=\"wp-block-paragraph\">No existe un \u00fanico decreto o acuerdo pol\u00edtico que haya establecido oficialmente el nombre Centroam\u00e9rica para toda la regi\u00f3n. El t\u00e9rmino fue consolid\u00e1ndose progresivamente a partir de su utilizaci\u00f3n geogr\u00e1fica, pol\u00edtica e hist\u00f3rica. Para <strong>P\u00e9rez Brignoli<\/strong>, la denominaci\u00f3n est\u00e1 vinculada con la posici\u00f3n del istmo dentro del continente americano.<\/p>\n\n\n\n<p class=\"wp-block-paragraph\"><em>&#8220;Enfatiza la idea de que esta regi\u00f3n es realmente el coraz\u00f3n de Am\u00e9rica.&#8221;<\/em><\/p>\n\n\n\n<p class=\"wp-block-paragraph\">El historiador explica que la expresi\u00f3n Centroam\u00e9rica surgi\u00f3 como una forma abreviada de una concepci\u00f3n anterior relacionada con la ubicaci\u00f3n de la regi\u00f3n.<\/p>\n\n\n\n<p class=\"wp-block-paragraph\"><em>&#8220;Esta idea del centro de Am\u00e9rica es la primera noci\u00f3n que luego se comprime en Centroam\u00e9rica.&#8221;<\/em><\/p>\n\n\n\n<p class=\"wp-block-paragraph\">El concepto termin\u00f3 adquiriendo una dimensi\u00f3n que va m\u00e1s all\u00e1 de la geograf\u00eda. En algunos pa\u00edses, incluso, la condici\u00f3n de centroamericano aparece diferenciada de la ciudadan\u00eda nacional.<\/p>\n\n\n\n<h4 class=\"wp-block-heading\"><strong>Integraci\u00f3n regional<\/strong><\/h4>\n\n\n\n<p class=\"wp-block-paragraph\">Durante el siglo XX, Centroam\u00e9rica dej\u00f3 de ser \u00fanicamente una referencia geogr\u00e1fica y pas\u00f3 a formar parte de diferentes proyectos de integraci\u00f3n econ\u00f3mica y pol\u00edtica. En 1960 fue creado el Mercado Com\u00fan Centroamericano, con el objetivo de fortalecer el intercambio y la integraci\u00f3n econ\u00f3mica entre los pa\u00edses de la regi\u00f3n.<\/p>\n\n\n\n<p class=\"wp-block-paragraph\">En 1991 surgieron el Sistema de la Integraci\u00f3n Centroamericana (SICA) y el Parlamento Centroamericano. El SICA incorpor\u00f3 posteriormente a Rep\u00fablica Dominicana dentro de su estructura regional. La cooperaci\u00f3n tambi\u00e9n se extendi\u00f3 al \u00e1mbito pol\u00edtico y diplom\u00e1tico.<\/p>\n\n\n\n<p class=\"wp-block-paragraph\">Durante la d\u00e9cada de 1980, Guatemala, Honduras, El Salvador, Nicaragua y Costa Rica participaron en iniciativas destinadas a buscar una salida a los conflictos armados que afectaban a Centroam\u00e9rica. Para P\u00e9rez Brignoli, la actuaci\u00f3n conjunta de los cinco pa\u00edses represent\u00f3 uno de los principales momentos de cooperaci\u00f3n regional.<\/p>\n\n\n\n<p class=\"wp-block-paragraph\"><em>&#8220;Fue el paso m\u00e1s espectacular, las cinco rep\u00fablicas actuaron en conjunto.&#8221;<\/em><\/p>\n\n\n\n<p class=\"wp-block-paragraph\">La denominaci\u00f3n Centroam\u00e9rica es, as\u00ed, el resultado de un proceso hist\u00f3rico que combina geograf\u00eda, independencia, conflictos pol\u00edticos y sucesivos intentos de integraci\u00f3n. La regi\u00f3n que hoy re\u00fane a siete pa\u00edses independientes fue, durante un per\u00edodo de su historia, una sola rep\u00fablica y posteriormente protagoniz\u00f3 numerosos proyectos destinados a recuperar alg\u00fan grado de unidad.<\/p>\n\n\n\n<p class=\"wp-block-paragraph\">Por eso, el nombre Centroam\u00e9rica no representa \u00fanicamente la posici\u00f3n del istmo entre las dos grandes masas continentales. Tambi\u00e9n concentra parte de la historia pol\u00edtica compartida de los territorios que lo conforman.<\/p>\n","protected":false},"excerpt":{"rendered":"<p>Centroam\u00e9rica &#8211; Centroam\u00e9rica es actualmente una regi\u00f3n formada por siete pa\u00edses: Guatemala, Belice, El Salvador, Honduras, Nicaragua, Costa Rica y Panam\u00e1. Ubicada entre Am\u00e9rica del Norte y Am\u00e9rica del Sur, ocupa el istmo que conecta geogr\u00e1ficamente ambas partes del continente.<\/p>\n","protected":false},"author":7,"featured_media":827,"comment_status":"open","ping_status":"open","sticky":false,"template":"","format":"standard","meta":{"_sub_headline":"Los siete pa\u00edses que forman actualmente Centroam\u00e9rica tuvieron diferentes nombres y proyectos de unidad pol\u00edtica desde la independencia de Espa\u00f1a, en 1821","videourl":"","footnotes":""},"categories":[23],"tags":[1993,1242,72,1996,1760,1994,1995,1997],"class_list":["post-826","post","type-post","status-publish","format-standard","has-post-thumbnail","hentry","category-historia","tag-centroamerica","tag-conflictos-armados","tag-destaque","tag-estructura-politica","tag-identidad-cultural","tag-independencia-de-espana","tag-mesoamerica","tag-republica-federal-de-centro-america"],"yoast_head":"<!-- This site is optimized with the Yoast SEO plugin v28.3 - https:\/\/yoast.com\/product\/yoast-seo-wordpress\/ -->\n<title>\u00bfPor qu\u00e9 se llama Centroam\u00e9rica? La historia de su nombre - Fronteira Livre<\/title>\n<meta name=\"description\" content=\"Centroam\u00e9rica no siempre se llam\u00f3 as\u00ed. Conozca c\u00f3mo surgi\u00f3 el nombre de la regi\u00f3n y los principales cambios pol\u00edticos desde la independencia\" \/>\n<meta name=\"robots\" content=\"index, follow, max-snippet:-1, max-image-preview:large, max-video-preview:-1\" \/>\n<link rel=\"canonical\" href=\"https:\/\/fronteiralivre.com.br\/es\/por-que-se-llama-centroamerica-la-historia-de-su-nombre\/\" \/>\n<meta property=\"og:locale\" content=\"es_ES\" \/>\n<meta property=\"og:type\" content=\"article\" \/>\n<meta property=\"og:title\" content=\"\u00bfPor qu\u00e9 se llama Centroam\u00e9rica? La historia de su nombre - Fronteira Livre\" \/>\n<meta property=\"og:description\" content=\"Centroam\u00e9rica no siempre se llam\u00f3 as\u00ed. Conozca c\u00f3mo surgi\u00f3 el nombre de la regi\u00f3n y los principales cambios pol\u00edticos desde la independencia\" \/>\n<meta property=\"og:url\" content=\"https:\/\/fronteiralivre.com.br\/es\/por-que-se-llama-centroamerica-la-historia-de-su-nombre\/\" \/>\n<meta property=\"og:site_name\" content=\"Fronteira Livre\" \/>\n<meta property=\"article:published_time\" content=\"2026-08-29T20:10:24+00:00\" \/>\n<meta property=\"og:image\" content=\"https:\/\/fronteiralivre.com.br\/es\/wp-content\/uploads\/2026\/08\/Untitled-design-1-2.webp\" \/>\n\t<meta property=\"og:image:width\" content=\"1140\" \/>\n\t<meta property=\"og:image:height\" content=\"570\" \/>\n\t<meta property=\"og:image:type\" content=\"image\/webp\" \/>\n<meta name=\"author\" content=\"Steve Rodr\u00edguez\" \/>\n<meta name=\"twitter:card\" content=\"summary_large_image\" \/>\n<meta name=\"twitter:label1\" content=\"Escrito por\" \/>\n\t<meta name=\"twitter:data1\" content=\"Steve Rodr\u00edguez\" \/>\n\t<meta name=\"twitter:label2\" content=\"Tiempo de lectura\" \/>\n\t<meta name=\"twitter:data2\" content=\"6 minutos\" \/>\n<script type=\"application\/ld+json\" class=\"yoast-schema-graph\">{\"@context\":\"https:\\\/\\\/schema.org\",\"@graph\":[{\"@type\":\"Article\",\"@id\":\"https:\\\/\\\/fronteiralivre.com.br\\\/es\\\/por-que-se-llama-centroamerica-la-historia-de-su-nombre\\\/#article\",\"isPartOf\":{\"@id\":\"https:\\\/\\\/fronteiralivre.com.br\\\/es\\\/por-que-se-llama-centroamerica-la-historia-de-su-nombre\\\/\"},\"author\":{\"name\":\"Steve Rodr\u00edguez\",\"@id\":\"https:\\\/\\\/fronteiralivre.com.br\\\/es\\\/#\\\/schema\\\/person\\\/3c3ddfa3b04a2720a84b3f9bdf3dbd6b\"},\"headline\":\"\u00bfPor qu\u00e9 se llama Centroam\u00e9rica? La historia de su nombre\",\"datePublished\":\"2026-08-29T20:10:24+00:00\",\"mainEntityOfPage\":{\"@id\":\"https:\\\/\\\/fronteiralivre.com.br\\\/es\\\/por-que-se-llama-centroamerica-la-historia-de-su-nombre\\\/\"},\"wordCount\":1398,\"commentCount\":0,\"image\":{\"@id\":\"https:\\\/\\\/fronteiralivre.com.br\\\/es\\\/por-que-se-llama-centroamerica-la-historia-de-su-nombre\\\/#primaryimage\"},\"thumbnailUrl\":\"https:\\\/\\\/fronteiralivre.com.br\\\/es\\\/wp-content\\\/uploads\\\/2026\\\/08\\\/Untitled-design-1-2.webp\",\"keywords\":[\"Centroam\u00e9rica\",\"conflictos armados\",\"Destaque\",\"estructura pol\u00edtica\",\"Identidad Cultural\",\"independencia de Espa\u00f1a\",\"Mesoam\u00e9rica\",\"Rep\u00fablica Federal de Centro Am\u00e9rica\"],\"articleSection\":[\"Historia\"],\"inLanguage\":\"es-AR\",\"potentialAction\":[{\"@type\":\"CommentAction\",\"name\":\"Comment\",\"target\":[\"https:\\\/\\\/fronteiralivre.com.br\\\/es\\\/por-que-se-llama-centroamerica-la-historia-de-su-nombre\\\/#respond\"]}]},{\"@type\":\"WebPage\",\"@id\":\"https:\\\/\\\/fronteiralivre.com.br\\\/es\\\/por-que-se-llama-centroamerica-la-historia-de-su-nombre\\\/\",\"url\":\"https:\\\/\\\/fronteiralivre.com.br\\\/es\\\/por-que-se-llama-centroamerica-la-historia-de-su-nombre\\\/\",\"name\":\"\u00bfPor qu\u00e9 se llama Centroam\u00e9rica? La historia de su nombre - Fronteira Livre\",\"isPartOf\":{\"@id\":\"https:\\\/\\\/fronteiralivre.com.br\\\/es\\\/#website\"},\"primaryImageOfPage\":{\"@id\":\"https:\\\/\\\/fronteiralivre.com.br\\\/es\\\/por-que-se-llama-centroamerica-la-historia-de-su-nombre\\\/#primaryimage\"},\"image\":{\"@id\":\"https:\\\/\\\/fronteiralivre.com.br\\\/es\\\/por-que-se-llama-centroamerica-la-historia-de-su-nombre\\\/#primaryimage\"},\"thumbnailUrl\":\"https:\\\/\\\/fronteiralivre.com.br\\\/es\\\/wp-content\\\/uploads\\\/2026\\\/08\\\/Untitled-design-1-2.webp\",\"datePublished\":\"2026-08-29T20:10:24+00:00\",\"author\":{\"@id\":\"https:\\\/\\\/fronteiralivre.com.br\\\/es\\\/#\\\/schema\\\/person\\\/3c3ddfa3b04a2720a84b3f9bdf3dbd6b\"},\"description\":\"Centroam\u00e9rica no siempre se llam\u00f3 as\u00ed. Conozca c\u00f3mo surgi\u00f3 el nombre de la regi\u00f3n y los principales cambios pol\u00edticos desde la independencia\",\"breadcrumb\":{\"@id\":\"https:\\\/\\\/fronteiralivre.com.br\\\/es\\\/por-que-se-llama-centroamerica-la-historia-de-su-nombre\\\/#breadcrumb\"},\"inLanguage\":\"es-AR\",\"potentialAction\":[{\"@type\":\"ReadAction\",\"target\":[\"https:\\\/\\\/fronteiralivre.com.br\\\/es\\\/por-que-se-llama-centroamerica-la-historia-de-su-nombre\\\/\"]}]},{\"@type\":\"ImageObject\",\"inLanguage\":\"es-AR\",\"@id\":\"https:\\\/\\\/fronteiralivre.com.br\\\/es\\\/por-que-se-llama-centroamerica-la-historia-de-su-nombre\\\/#primaryimage\",\"url\":\"https:\\\/\\\/fronteiralivre.com.br\\\/es\\\/wp-content\\\/uploads\\\/2026\\\/08\\\/Untitled-design-1-2.webp\",\"contentUrl\":\"https:\\\/\\\/fronteiralivre.com.br\\\/es\\\/wp-content\\\/uploads\\\/2026\\\/08\\\/Untitled-design-1-2.webp\",\"width\":1140,\"height\":570,\"caption\":\"Foto: Banco de Im\u00e1genes de Pinterest.\"},{\"@type\":\"BreadcrumbList\",\"@id\":\"https:\\\/\\\/fronteiralivre.com.br\\\/es\\\/por-que-se-llama-centroamerica-la-historia-de-su-nombre\\\/#breadcrumb\",\"itemListElement\":[{\"@type\":\"ListItem\",\"position\":1,\"name\":\"Home\",\"item\":\"https:\\\/\\\/fronteiralivre.com.br\\\/es\\\/\"},{\"@type\":\"ListItem\",\"position\":2,\"name\":\"\u00bfPor qu\u00e9 se llama Centroam\u00e9rica? La historia de su nombre\"}]},{\"@type\":\"WebSite\",\"@id\":\"https:\\\/\\\/fronteiralivre.com.br\\\/es\\\/#website\",\"url\":\"https:\\\/\\\/fronteiralivre.com.br\\\/es\\\/\",\"name\":\"Fronteira Livre\",\"description\":\"De Foz do Igua\u00e7u para el mundo.\",\"potentialAction\":[{\"@type\":\"SearchAction\",\"target\":{\"@type\":\"EntryPoint\",\"urlTemplate\":\"https:\\\/\\\/fronteiralivre.com.br\\\/es\\\/?s={search_term_string}\"},\"query-input\":{\"@type\":\"PropertyValueSpecification\",\"valueRequired\":true,\"valueName\":\"search_term_string\"}}],\"inLanguage\":\"es-AR\"},{\"@type\":\"Person\",\"@id\":\"https:\\\/\\\/fronteiralivre.com.br\\\/es\\\/#\\\/schema\\\/person\\\/3c3ddfa3b04a2720a84b3f9bdf3dbd6b\",\"name\":\"Steve Rodr\u00edguez\",\"image\":{\"@type\":\"ImageObject\",\"inLanguage\":\"es-AR\",\"@id\":\"https:\\\/\\\/secure.gravatar.com\\\/avatar\\\/fc4acaf4a72962ec0c75e1dba58041dba48457881f6bce3b14ad81e35610c6f3?s=96&d=mm&r=g\",\"url\":\"https:\\\/\\\/secure.gravatar.com\\\/avatar\\\/fc4acaf4a72962ec0c75e1dba58041dba48457881f6bce3b14ad81e35610c6f3?s=96&d=mm&r=g\",\"contentUrl\":\"https:\\\/\\\/secure.gravatar.com\\\/avatar\\\/fc4acaf4a72962ec0c75e1dba58041dba48457881f6bce3b14ad81e35610c6f3?s=96&d=mm&r=g\",\"caption\":\"Steve Rodr\u00edguez\"},\"description\":\"Steve Rodr\u00edguez es reportero de Fronteira Livre, investigador y doctorando en la Universidad Federal de Integraci\u00f3n Latinoamericana (UNILA). Posee una formaci\u00f3n interdisciplinaria en narrativa audiovisual, estudios culturales latinoamericanos y pr\u00e1cticas pedag\u00f3gicas anticoloniales. Su trayectoria articula la creaci\u00f3n art\u00edstica en \u00e1mbitos como el teatro, el cine y la cultura visual con la reflexi\u00f3n cr\u00edtica y la investigaci\u00f3n acad\u00e9mica, desde una perspectiva inspirada en los estudios visuales desarrollados por Nicholas Mirzoeff.\",\"url\":\"https:\\\/\\\/fronteiralivre.com.br\\\/es\\\/author\\\/steverodrigues\\\/\"}]}<\/script>\n<!-- \/ Yoast SEO plugin. -->","yoast_head_json":{"title":"\u00bfPor qu\u00e9 se llama Centroam\u00e9rica? La historia de su nombre - Fronteira Livre","description":"Centroam\u00e9rica no siempre se llam\u00f3 as\u00ed. Conozca c\u00f3mo surgi\u00f3 el nombre de la regi\u00f3n y los principales cambios pol\u00edticos desde la independencia","robots":{"index":"index","follow":"follow","max-snippet":"max-snippet:-1","max-image-preview":"max-image-preview:large","max-video-preview":"max-video-preview:-1"},"canonical":"https:\/\/fronteiralivre.com.br\/es\/por-que-se-llama-centroamerica-la-historia-de-su-nombre\/","og_locale":"es_ES","og_type":"article","og_title":"\u00bfPor qu\u00e9 se llama Centroam\u00e9rica? La historia de su nombre - Fronteira Livre","og_description":"Centroam\u00e9rica no siempre se llam\u00f3 as\u00ed. Conozca c\u00f3mo surgi\u00f3 el nombre de la regi\u00f3n y los principales cambios pol\u00edticos desde la independencia","og_url":"https:\/\/fronteiralivre.com.br\/es\/por-que-se-llama-centroamerica-la-historia-de-su-nombre\/","og_site_name":"Fronteira Livre","article_published_time":"2026-08-29T20:10:24+00:00","og_image":[{"width":1140,"height":570,"url":"https:\/\/fronteiralivre.com.br\/es\/wp-content\/uploads\/2026\/08\/Untitled-design-1-2.webp","type":"image\/webp"}],"author":"Steve Rodr\u00edguez","twitter_card":"summary_large_image","twitter_misc":{"Escrito por":"Steve Rodr\u00edguez","Tiempo de lectura":"6 minutos"},"schema":{"@context":"https:\/\/schema.org","@graph":[{"@type":"Article","@id":"https:\/\/fronteiralivre.com.br\/es\/por-que-se-llama-centroamerica-la-historia-de-su-nombre\/#article","isPartOf":{"@id":"https:\/\/fronteiralivre.com.br\/es\/por-que-se-llama-centroamerica-la-historia-de-su-nombre\/"},"author":{"name":"Steve Rodr\u00edguez","@id":"https:\/\/fronteiralivre.com.br\/es\/#\/schema\/person\/3c3ddfa3b04a2720a84b3f9bdf3dbd6b"},"headline":"\u00bfPor qu\u00e9 se llama Centroam\u00e9rica? La historia de su nombre","datePublished":"2026-08-29T20:10:24+00:00","mainEntityOfPage":{"@id":"https:\/\/fronteiralivre.com.br\/es\/por-que-se-llama-centroamerica-la-historia-de-su-nombre\/"},"wordCount":1398,"commentCount":0,"image":{"@id":"https:\/\/fronteiralivre.com.br\/es\/por-que-se-llama-centroamerica-la-historia-de-su-nombre\/#primaryimage"},"thumbnailUrl":"https:\/\/fronteiralivre.com.br\/es\/wp-content\/uploads\/2026\/08\/Untitled-design-1-2.webp","keywords":["Centroam\u00e9rica","conflictos armados","Destaque","estructura pol\u00edtica","Identidad Cultural","independencia de Espa\u00f1a","Mesoam\u00e9rica","Rep\u00fablica Federal de Centro Am\u00e9rica"],"articleSection":["Historia"],"inLanguage":"es-AR","potentialAction":[{"@type":"CommentAction","name":"Comment","target":["https:\/\/fronteiralivre.com.br\/es\/por-que-se-llama-centroamerica-la-historia-de-su-nombre\/#respond"]}]},{"@type":"WebPage","@id":"https:\/\/fronteiralivre.com.br\/es\/por-que-se-llama-centroamerica-la-historia-de-su-nombre\/","url":"https:\/\/fronteiralivre.com.br\/es\/por-que-se-llama-centroamerica-la-historia-de-su-nombre\/","name":"\u00bfPor qu\u00e9 se llama Centroam\u00e9rica? La historia de su nombre - Fronteira Livre","isPartOf":{"@id":"https:\/\/fronteiralivre.com.br\/es\/#website"},"primaryImageOfPage":{"@id":"https:\/\/fronteiralivre.com.br\/es\/por-que-se-llama-centroamerica-la-historia-de-su-nombre\/#primaryimage"},"image":{"@id":"https:\/\/fronteiralivre.com.br\/es\/por-que-se-llama-centroamerica-la-historia-de-su-nombre\/#primaryimage"},"thumbnailUrl":"https:\/\/fronteiralivre.com.br\/es\/wp-content\/uploads\/2026\/08\/Untitled-design-1-2.webp","datePublished":"2026-08-29T20:10:24+00:00","author":{"@id":"https:\/\/fronteiralivre.com.br\/es\/#\/schema\/person\/3c3ddfa3b04a2720a84b3f9bdf3dbd6b"},"description":"Centroam\u00e9rica no siempre se llam\u00f3 as\u00ed. Conozca c\u00f3mo surgi\u00f3 el nombre de la regi\u00f3n y los principales cambios pol\u00edticos desde la independencia","breadcrumb":{"@id":"https:\/\/fronteiralivre.com.br\/es\/por-que-se-llama-centroamerica-la-historia-de-su-nombre\/#breadcrumb"},"inLanguage":"es-AR","potentialAction":[{"@type":"ReadAction","target":["https:\/\/fronteiralivre.com.br\/es\/por-que-se-llama-centroamerica-la-historia-de-su-nombre\/"]}]},{"@type":"ImageObject","inLanguage":"es-AR","@id":"https:\/\/fronteiralivre.com.br\/es\/por-que-se-llama-centroamerica-la-historia-de-su-nombre\/#primaryimage","url":"https:\/\/fronteiralivre.com.br\/es\/wp-content\/uploads\/2026\/08\/Untitled-design-1-2.webp","contentUrl":"https:\/\/fronteiralivre.com.br\/es\/wp-content\/uploads\/2026\/08\/Untitled-design-1-2.webp","width":1140,"height":570,"caption":"Foto: Banco de Im\u00e1genes de Pinterest."},{"@type":"BreadcrumbList","@id":"https:\/\/fronteiralivre.com.br\/es\/por-que-se-llama-centroamerica-la-historia-de-su-nombre\/#breadcrumb","itemListElement":[{"@type":"ListItem","position":1,"name":"Home","item":"https:\/\/fronteiralivre.com.br\/es\/"},{"@type":"ListItem","position":2,"name":"\u00bfPor qu\u00e9 se llama Centroam\u00e9rica? La historia de su nombre"}]},{"@type":"WebSite","@id":"https:\/\/fronteiralivre.com.br\/es\/#website","url":"https:\/\/fronteiralivre.com.br\/es\/","name":"Fronteira Livre","description":"De Foz do Igua\u00e7u para el mundo.","potentialAction":[{"@type":"SearchAction","target":{"@type":"EntryPoint","urlTemplate":"https:\/\/fronteiralivre.com.br\/es\/?s={search_term_string}"},"query-input":{"@type":"PropertyValueSpecification","valueRequired":true,"valueName":"search_term_string"}}],"inLanguage":"es-AR"},{"@type":"Person","@id":"https:\/\/fronteiralivre.com.br\/es\/#\/schema\/person\/3c3ddfa3b04a2720a84b3f9bdf3dbd6b","name":"Steve Rodr\u00edguez","image":{"@type":"ImageObject","inLanguage":"es-AR","@id":"https:\/\/secure.gravatar.com\/avatar\/fc4acaf4a72962ec0c75e1dba58041dba48457881f6bce3b14ad81e35610c6f3?s=96&d=mm&r=g","url":"https:\/\/secure.gravatar.com\/avatar\/fc4acaf4a72962ec0c75e1dba58041dba48457881f6bce3b14ad81e35610c6f3?s=96&d=mm&r=g","contentUrl":"https:\/\/secure.gravatar.com\/avatar\/fc4acaf4a72962ec0c75e1dba58041dba48457881f6bce3b14ad81e35610c6f3?s=96&d=mm&r=g","caption":"Steve Rodr\u00edguez"},"description":"Steve Rodr\u00edguez es reportero de Fronteira Livre, investigador y doctorando en la Universidad Federal de Integraci\u00f3n Latinoamericana (UNILA). Posee una formaci\u00f3n interdisciplinaria en narrativa audiovisual, estudios culturales latinoamericanos y pr\u00e1cticas pedag\u00f3gicas anticoloniales. Su trayectoria articula la creaci\u00f3n art\u00edstica en \u00e1mbitos como el teatro, el cine y la cultura visual con la reflexi\u00f3n cr\u00edtica y la investigaci\u00f3n acad\u00e9mica, desde una perspectiva inspirada en los estudios visuales desarrollados por Nicholas Mirzoeff.","url":"https:\/\/fronteiralivre.com.br\/es\/author\/steverodrigues\/"}]}},"_links":{"self":[{"href":"https:\/\/fronteiralivre.com.br\/es\/wp-json\/wp\/v2\/posts\/826","targetHints":{"allow":["GET"]}}],"collection":[{"href":"https:\/\/fronteiralivre.com.br\/es\/wp-json\/wp\/v2\/posts"}],"about":[{"href":"https:\/\/fronteiralivre.com.br\/es\/wp-json\/wp\/v2\/types\/post"}],"author":[{"embeddable":true,"href":"https:\/\/fronteiralivre.com.br\/es\/wp-json\/wp\/v2\/users\/7"}],"replies":[{"embeddable":true,"href":"https:\/\/fronteiralivre.com.br\/es\/wp-json\/wp\/v2\/comments?post=826"}],"version-history":[{"count":1,"href":"https:\/\/fronteiralivre.com.br\/es\/wp-json\/wp\/v2\/posts\/826\/revisions"}],"predecessor-version":[{"id":828,"href":"https:\/\/fronteiralivre.com.br\/es\/wp-json\/wp\/v2\/posts\/826\/revisions\/828"}],"wp:featuredmedia":[{"embeddable":true,"href":"https:\/\/fronteiralivre.com.br\/es\/wp-json\/wp\/v2\/media\/827"}],"wp:attachment":[{"href":"https:\/\/fronteiralivre.com.br\/es\/wp-json\/wp\/v2\/media?parent=826"}],"wp:term":[{"taxonomy":"category","embeddable":true,"href":"https:\/\/fronteiralivre.com.br\/es\/wp-json\/wp\/v2\/categories?post=826"},{"taxonomy":"post_tag","embeddable":true,"href":"https:\/\/fronteiralivre.com.br\/es\/wp-json\/wp\/v2\/tags?post=826"}],"curies":[{"name":"wp","href":"https:\/\/api.w.org\/{rel}","templated":true}]}}