{"id":823,"date":"2026-08-29T16:41:04","date_gmt":"2026-08-29T19:41:04","guid":{"rendered":"https:\/\/fronteiralivre.com.br\/es\/?p=823"},"modified":"2026-08-29T16:41:04","modified_gmt":"2026-08-29T19:41:04","slug":"el-nino-obliga-al-canal-de-panama-a-reducir-el-transito-de-buques","status":"publish","type":"post","link":"https:\/\/fronteiralivre.com.br\/es\/el-nino-obliga-al-canal-de-panama-a-reducir-el-transito-de-buques\/","title":{"rendered":"El Ni\u00f1o obliga al Canal de Panam\u00e1 a reducir el tr\u00e1nsito de buques"},"content":{"rendered":"\n<p class=\"wp-block-paragraph\"><strong>Ciudad de Panam\u00e1, PAN <\/strong>&#8211; La Autoridad del Canal de Panam\u00e1 (ACP) inform\u00f3 que reducir\u00e1 el n\u00famero de buques autorizados a transitar diariamente por esta importante v\u00eda mar\u00edtima debido a la sequ\u00eda asociada al fen\u00f3meno de El Ni\u00f1o.<\/p>\n\n\n\n<p class=\"wp-block-paragraph\">A partir del 15 de septiembre, podr\u00e1n transitar hasta 32 buques por d\u00eda, frente a los 36 autorizados actualmente. Las nuevas medidas comenzar\u00e1n a implementarse de manera gradual desde el 3 de septiembre.<\/p>\n\n\n\n<p class=\"wp-block-paragraph\">El fen\u00f3meno de El Ni\u00f1o se caracteriza por un calentamiento peri\u00f3dico de la superficie del oc\u00e9ano y puede alterar los patrones meteorol\u00f3gicos en distintas regiones del mundo. Las previsiones apuntan a que este a\u00f1o podr\u00eda alcanzar una intensidad significativa, en un contexto marcado adem\u00e1s por los efectos del cambio clim\u00e1tico.<\/p>\n\n\n\n<h4 class=\"wp-block-heading\"><strong>Medidas para preservar el agua<\/strong><\/h4>\n\n\n\n<p class=\"wp-block-paragraph\">La Autoridad del Canal de Panam\u00e1 se\u00f1al\u00f3 que las restricciones buscan preservar la confiabilidad del servicio y garantizar la disponibilidad de recursos h\u00eddricos destinados al consumo humano.<\/p>\n\n\n\n<p class=\"wp-block-paragraph\">La entidad explic\u00f3 que, pese a la llegada de la temporada de lluvias a Centroam\u00e9rica y a las medidas de ahorro de agua implementadas previamente, es necesario adoptar nuevas acciones\u00a0<\/p>\n\n\n\n<p class=\"wp-block-paragraph\"><em>&#8220;para respaldar la sostenibilidad a largo plazo de las operaciones de tr\u00e1nsito&#8221;.<\/em><\/p>\n\n\n\n<p class=\"wp-block-paragraph\">El Canal de Panam\u00e1 permite reducir considerablemente el tiempo y la distancia que deben recorrer los buques entre los oc\u00e9anos Atl\u00e1ntico y Pac\u00edfico.<\/p>\n\n\n\n<p class=\"wp-block-paragraph\">La v\u00eda navegable artificial es utilizada por unos 14.000 buques al a\u00f1o y opera las 24 horas del d\u00eda durante todo el a\u00f1o. Adem\u00e1s de su importancia para el comercio internacional, representa una fuente fundamental de ingresos para Panam\u00e1, con una generaci\u00f3n aproximada de US$3.000 millones anuales. En 2023, la autoridad paname\u00f1a ya hab\u00eda reducido el n\u00famero de buques autorizados a utilizar el canal durante otro episodio de El Ni\u00f1o. En ese per\u00edodo, Panam\u00e1 registr\u00f3 el octubre m\u00e1s seco desde el inicio de las mediciones, en 1950.<\/p>\n\n\n\n<p class=\"wp-block-paragraph\">Desde entonces, la ACP ha implementado diferentes medidas destinadas a reducir el consumo de agua. Las previsiones sobre El Ni\u00f1o tambi\u00e9n advierten sobre posibles impactos en los sistemas clim\u00e1ticos, el suministro de alimentos y la actividad econ\u00f3mica.<\/p>\n\n\n\n<h4 class=\"wp-block-heading\"><strong>Mayor demanda por las rutas mar\u00edtimas<\/strong><\/h4>\n\n\n\n<p class=\"wp-block-paragraph\">La reducci\u00f3n del tr\u00e1nsito se produce adem\u00e1s en un momento de mayor presi\u00f3n sobre el Canal de Panam\u00e1 debido a los cambios registrados en otras rutas estrat\u00e9gicas del comercio internacional.<\/p>\n\n\n\n<p class=\"wp-block-paragraph\">El n\u00famero de tr\u00e1nsitos por el canal aument\u00f3 un 8% interanual y alcanz\u00f3 un promedio diario de 38 buques a finales de mayo, cerca de la capacidad m\u00e1xima de la v\u00eda, seg\u00fan datos del Consejo Mar\u00edtimo Internacional y del B\u00e1ltico (Bimco).<\/p>\n\n\n\n<p class=\"wp-block-paragraph\">Durante las cinco semanas posteriores al inicio de la guerra con Ir\u00e1n, el incremento lleg\u00f3 al 16% respecto del mismo per\u00edodo del a\u00f1o anterior. Uno de los factores que contribuyeron al aumento de la demanda fue la situaci\u00f3n en el Estrecho de Ormuz, por donde circula aproximadamente una quinta parte del petr\u00f3leo comercializado a nivel mundial.<\/p>\n\n\n\n<p class=\"wp-block-paragraph\">Las dificultades para atravesar esa ruta llevaron a compradores asi\u00e1ticos a incrementar sus adquisiciones de petr\u00f3leo crudo y combustibles refinados procedentes de proveedores de la costa estadounidense del Golfo de M\u00e9xico. Parte de estos cargamentos utiliza el Canal de Panam\u00e1 para trasladarse entre los oc\u00e9anos Atl\u00e1ntico y Pac\u00edfico, lo que increment\u00f3 la demanda de espacios de tr\u00e1nsito.<\/p>\n\n\n\n<p class=\"wp-block-paragraph\">El aumento del flujo de embarcaciones tambi\u00e9n gener\u00f3 mayores tiempos de espera y una competencia creciente entre las compa\u00f1\u00edas navieras para conseguir reservas. Algunos operadores llegaron a pagar millones de d\u00f3lares en subastas para obtener prioridad de paso.<\/p>\n\n\n\n<h4 class=\"wp-block-heading\"><strong>Disputa por la influencia sobre el canal<\/strong><\/h4>\n\n\n\n<p class=\"wp-block-paragraph\">El Canal de Panam\u00e1 concentra aproximadamente el 5% del comercio mar\u00edtimo mundial y tiene una importancia estrat\u00e9gica para Estados Unidos. Cerca del 40% del tr\u00e1fico de contenedores de ese pa\u00eds pasa por esta v\u00eda.<\/p>\n\n\n\n<p class=\"wp-block-paragraph\">La presi\u00f3n sobre el canal coincide adem\u00e1s con la creciente disputa entre Estados Unidos y China por la influencia estrat\u00e9gica en torno a esta infraestructura. Washington ha expresado preocupaci\u00f3n por la presencia de empresas vinculadas a China en puertos e infraestructuras log\u00edsticas de Panam\u00e1, aunque estas compa\u00f1\u00edas no administran directamente el canal.<\/p>\n\n\n\n<p class=\"wp-block-paragraph\">Durante d\u00e9cadas, la empresa con sede en Hong Kong CK Hutchison, a trav\u00e9s de Panama Ports Company, oper\u00f3 los puertos de Balboa y Crist\u00f3bal, ubicados en los accesos del Pac\u00edfico y el Atl\u00e1ntico. La tensi\u00f3n aument\u00f3 este a\u00f1o despu\u00e9s de que la Corte Suprema de Panam\u00e1 declarara inconstitucional el marco legal que sustentaba esa concesi\u00f3n.<\/p>\n\n\n\n<p class=\"wp-block-paragraph\">Estados Unidos tambi\u00e9n plante\u00f3 ante Naciones Unidas su preocupaci\u00f3n por una eventual ampliaci\u00f3n de la influencia china sobre el canal y sus posibles efectos sobre el comercio y la seguridad internacional. China rechaz\u00f3 esas acusaciones y sostuvo que respeta la soberan\u00eda paname\u00f1a y la neutralidad de la v\u00eda.<\/p>\n\n\n\n<p class=\"wp-block-paragraph\">El Gobierno de Panam\u00e1, por su parte, reiter\u00f3 que el pa\u00eds mantiene plena soberan\u00eda sobre el Canal de Panam\u00e1, administrado por la Autoridad del Canal de Panam\u00e1 y sujeto a tratados internacionales que garantizan su neutralidad y el acceso de la navegaci\u00f3n internacional.<\/p>\n","protected":false},"excerpt":{"rendered":"<p>Ciudad de Panam\u00e1, PAN &#8211; La Autoridad del Canal de Panam\u00e1 (ACP) inform\u00f3 que reducir\u00e1 el n\u00famero de buques autorizados a transitar diariamente por esta importante v\u00eda mar\u00edtima debido a la sequ\u00eda asociada al fen\u00f3meno de El Ni\u00f1o.<\/p>\n","protected":false},"author":7,"featured_media":824,"comment_status":"open","ping_status":"open","sticky":false,"template":"","format":"standard","meta":{"_sub_headline":"La medida responde a la sequ\u00eda asociada al fen\u00f3meno de El Ni\u00f1o y reducir\u00e1 de 36 a 32 los buques autorizados por d\u00eda desde el 15 de septiembre","videourl":"","footnotes":""},"categories":[24],"tags":[1990,378,285,72,98,47,1991,1989,1992],"class_list":["post-823","post","type-post","status-publish","format-standard","has-post-thumbnail","hentry","category-internacional","tag-buques","tag-canal-de-panama","tag-china","tag-destaque","tag-el-nino","tag-estados-unidos","tag-ruta-comercial","tag-sequia","tag-transito-maritimo"],"yoast_head":"<!-- This site is optimized with the Yoast SEO plugin v28.3 - https:\/\/yoast.com\/product\/yoast-seo-wordpress\/ -->\n<title>El Ni\u00f1o obliga al Canal de Panam\u00e1 a reducir el tr\u00e1nsito de buques - Fronteira Livre<\/title>\n<meta name=\"description\" content=\"El Canal de Panam\u00e1 reducir\u00e1 de 36 a 32 los buques diarios por la sequ\u00eda asociada a El Ni\u00f1o, mientras aumenta la demanda de esta ruta\" \/>\n<meta name=\"robots\" content=\"index, follow, max-snippet:-1, max-image-preview:large, max-video-preview:-1\" \/>\n<link rel=\"canonical\" href=\"https:\/\/fronteiralivre.com.br\/es\/el-nino-obliga-al-canal-de-panama-a-reducir-el-transito-de-buques\/\" \/>\n<meta property=\"og:locale\" content=\"es_ES\" \/>\n<meta property=\"og:type\" content=\"article\" \/>\n<meta property=\"og:title\" content=\"El Ni\u00f1o obliga al Canal de Panam\u00e1 a reducir el tr\u00e1nsito de buques - Fronteira Livre\" \/>\n<meta property=\"og:description\" content=\"El Canal de Panam\u00e1 reducir\u00e1 de 36 a 32 los buques diarios por la sequ\u00eda asociada a El Ni\u00f1o, mientras aumenta la demanda de esta ruta\" \/>\n<meta property=\"og:url\" content=\"https:\/\/fronteiralivre.com.br\/es\/el-nino-obliga-al-canal-de-panama-a-reducir-el-transito-de-buques\/\" \/>\n<meta property=\"og:site_name\" content=\"Fronteira Livre\" \/>\n<meta property=\"article:published_time\" content=\"2026-08-29T19:41:04+00:00\" \/>\n<meta property=\"og:image\" content=\"https:\/\/fronteiralivre.com.br\/es\/wp-content\/uploads\/2026\/08\/Untitled-design-3-1.webp\" \/>\n\t<meta property=\"og:image:width\" content=\"1140\" \/>\n\t<meta property=\"og:image:height\" content=\"570\" \/>\n\t<meta property=\"og:image:type\" content=\"image\/webp\" \/>\n<meta name=\"author\" content=\"Steve Rodr\u00edguez\" \/>\n<meta name=\"twitter:card\" content=\"summary_large_image\" \/>\n<meta name=\"twitter:label1\" content=\"Escrito por\" \/>\n\t<meta name=\"twitter:data1\" content=\"Steve Rodr\u00edguez\" \/>\n\t<meta name=\"twitter:label2\" content=\"Tiempo de lectura\" \/>\n\t<meta name=\"twitter:data2\" content=\"4 minutos\" \/>\n<script type=\"application\/ld+json\" class=\"yoast-schema-graph\">{\"@context\":\"https:\\\/\\\/schema.org\",\"@graph\":[{\"@type\":\"Article\",\"@id\":\"https:\\\/\\\/fronteiralivre.com.br\\\/es\\\/el-nino-obliga-al-canal-de-panama-a-reducir-el-transito-de-buques\\\/#article\",\"isPartOf\":{\"@id\":\"https:\\\/\\\/fronteiralivre.com.br\\\/es\\\/el-nino-obliga-al-canal-de-panama-a-reducir-el-transito-de-buques\\\/\"},\"author\":{\"name\":\"Steve Rodr\u00edguez\",\"@id\":\"https:\\\/\\\/fronteiralivre.com.br\\\/es\\\/#\\\/schema\\\/person\\\/3c3ddfa3b04a2720a84b3f9bdf3dbd6b\"},\"headline\":\"El Ni\u00f1o obliga al Canal de Panam\u00e1 a reducir el tr\u00e1nsito de buques\",\"datePublished\":\"2026-08-29T19:41:04+00:00\",\"mainEntityOfPage\":{\"@id\":\"https:\\\/\\\/fronteiralivre.com.br\\\/es\\\/el-nino-obliga-al-canal-de-panama-a-reducir-el-transito-de-buques\\\/\"},\"wordCount\":909,\"commentCount\":0,\"image\":{\"@id\":\"https:\\\/\\\/fronteiralivre.com.br\\\/es\\\/el-nino-obliga-al-canal-de-panama-a-reducir-el-transito-de-buques\\\/#primaryimage\"},\"thumbnailUrl\":\"https:\\\/\\\/fronteiralivre.com.br\\\/es\\\/wp-content\\\/uploads\\\/2026\\\/08\\\/Untitled-design-3-1.webp\",\"keywords\":[\"buques\",\"Canal de Panam\u00e1\",\"china\",\"Destaque\",\"El Ni\u00f1o\",\"Estados Unidos\",\"ruta comercial\",\"sequ\u00eda\",\"tr\u00e1nsito mar\u00edtimo\"],\"articleSection\":[\"Internacional\"],\"inLanguage\":\"es-AR\",\"potentialAction\":[{\"@type\":\"CommentAction\",\"name\":\"Comment\",\"target\":[\"https:\\\/\\\/fronteiralivre.com.br\\\/es\\\/el-nino-obliga-al-canal-de-panama-a-reducir-el-transito-de-buques\\\/#respond\"]}]},{\"@type\":\"WebPage\",\"@id\":\"https:\\\/\\\/fronteiralivre.com.br\\\/es\\\/el-nino-obliga-al-canal-de-panama-a-reducir-el-transito-de-buques\\\/\",\"url\":\"https:\\\/\\\/fronteiralivre.com.br\\\/es\\\/el-nino-obliga-al-canal-de-panama-a-reducir-el-transito-de-buques\\\/\",\"name\":\"El Ni\u00f1o obliga al Canal de Panam\u00e1 a reducir el tr\u00e1nsito de buques - Fronteira Livre\",\"isPartOf\":{\"@id\":\"https:\\\/\\\/fronteiralivre.com.br\\\/es\\\/#website\"},\"primaryImageOfPage\":{\"@id\":\"https:\\\/\\\/fronteiralivre.com.br\\\/es\\\/el-nino-obliga-al-canal-de-panama-a-reducir-el-transito-de-buques\\\/#primaryimage\"},\"image\":{\"@id\":\"https:\\\/\\\/fronteiralivre.com.br\\\/es\\\/el-nino-obliga-al-canal-de-panama-a-reducir-el-transito-de-buques\\\/#primaryimage\"},\"thumbnailUrl\":\"https:\\\/\\\/fronteiralivre.com.br\\\/es\\\/wp-content\\\/uploads\\\/2026\\\/08\\\/Untitled-design-3-1.webp\",\"datePublished\":\"2026-08-29T19:41:04+00:00\",\"author\":{\"@id\":\"https:\\\/\\\/fronteiralivre.com.br\\\/es\\\/#\\\/schema\\\/person\\\/3c3ddfa3b04a2720a84b3f9bdf3dbd6b\"},\"description\":\"El Canal de Panam\u00e1 reducir\u00e1 de 36 a 32 los buques diarios por la sequ\u00eda asociada a El Ni\u00f1o, mientras aumenta la demanda de esta ruta\",\"breadcrumb\":{\"@id\":\"https:\\\/\\\/fronteiralivre.com.br\\\/es\\\/el-nino-obliga-al-canal-de-panama-a-reducir-el-transito-de-buques\\\/#breadcrumb\"},\"inLanguage\":\"es-AR\",\"potentialAction\":[{\"@type\":\"ReadAction\",\"target\":[\"https:\\\/\\\/fronteiralivre.com.br\\\/es\\\/el-nino-obliga-al-canal-de-panama-a-reducir-el-transito-de-buques\\\/\"]}]},{\"@type\":\"ImageObject\",\"inLanguage\":\"es-AR\",\"@id\":\"https:\\\/\\\/fronteiralivre.com.br\\\/es\\\/el-nino-obliga-al-canal-de-panama-a-reducir-el-transito-de-buques\\\/#primaryimage\",\"url\":\"https:\\\/\\\/fronteiralivre.com.br\\\/es\\\/wp-content\\\/uploads\\\/2026\\\/08\\\/Untitled-design-3-1.webp\",\"contentUrl\":\"https:\\\/\\\/fronteiralivre.com.br\\\/es\\\/wp-content\\\/uploads\\\/2026\\\/08\\\/Untitled-design-3-1.webp\",\"width\":1140,\"height\":570,\"caption\":\"Restricciones en el Canal de Panam\u00e1 tensionan el comercio mar\u00edtimo. Foto: GETTY IMAGES.\"},{\"@type\":\"BreadcrumbList\",\"@id\":\"https:\\\/\\\/fronteiralivre.com.br\\\/es\\\/el-nino-obliga-al-canal-de-panama-a-reducir-el-transito-de-buques\\\/#breadcrumb\",\"itemListElement\":[{\"@type\":\"ListItem\",\"position\":1,\"name\":\"Home\",\"item\":\"https:\\\/\\\/fronteiralivre.com.br\\\/es\\\/\"},{\"@type\":\"ListItem\",\"position\":2,\"name\":\"El Ni\u00f1o obliga al Canal de Panam\u00e1 a reducir el tr\u00e1nsito de buques\"}]},{\"@type\":\"WebSite\",\"@id\":\"https:\\\/\\\/fronteiralivre.com.br\\\/es\\\/#website\",\"url\":\"https:\\\/\\\/fronteiralivre.com.br\\\/es\\\/\",\"name\":\"Fronteira Livre\",\"description\":\"De Foz do Igua\u00e7u para el mundo.\",\"potentialAction\":[{\"@type\":\"SearchAction\",\"target\":{\"@type\":\"EntryPoint\",\"urlTemplate\":\"https:\\\/\\\/fronteiralivre.com.br\\\/es\\\/?s={search_term_string}\"},\"query-input\":{\"@type\":\"PropertyValueSpecification\",\"valueRequired\":true,\"valueName\":\"search_term_string\"}}],\"inLanguage\":\"es-AR\"},{\"@type\":\"Person\",\"@id\":\"https:\\\/\\\/fronteiralivre.com.br\\\/es\\\/#\\\/schema\\\/person\\\/3c3ddfa3b04a2720a84b3f9bdf3dbd6b\",\"name\":\"Steve Rodr\u00edguez\",\"image\":{\"@type\":\"ImageObject\",\"inLanguage\":\"es-AR\",\"@id\":\"https:\\\/\\\/secure.gravatar.com\\\/avatar\\\/fc4acaf4a72962ec0c75e1dba58041dba48457881f6bce3b14ad81e35610c6f3?s=96&d=mm&r=g\",\"url\":\"https:\\\/\\\/secure.gravatar.com\\\/avatar\\\/fc4acaf4a72962ec0c75e1dba58041dba48457881f6bce3b14ad81e35610c6f3?s=96&d=mm&r=g\",\"contentUrl\":\"https:\\\/\\\/secure.gravatar.com\\\/avatar\\\/fc4acaf4a72962ec0c75e1dba58041dba48457881f6bce3b14ad81e35610c6f3?s=96&d=mm&r=g\",\"caption\":\"Steve Rodr\u00edguez\"},\"description\":\"Steve Rodr\u00edguez es reportero de Fronteira Livre, investigador y doctorando en la Universidad Federal de Integraci\u00f3n Latinoamericana (UNILA). Posee una formaci\u00f3n interdisciplinaria en narrativa audiovisual, estudios culturales latinoamericanos y pr\u00e1cticas pedag\u00f3gicas anticoloniales. Su trayectoria articula la creaci\u00f3n art\u00edstica en \u00e1mbitos como el teatro, el cine y la cultura visual con la reflexi\u00f3n cr\u00edtica y la investigaci\u00f3n acad\u00e9mica, desde una perspectiva inspirada en los estudios visuales desarrollados por Nicholas Mirzoeff.\",\"url\":\"https:\\\/\\\/fronteiralivre.com.br\\\/es\\\/author\\\/steverodrigues\\\/\"}]}<\/script>\n<!-- \/ Yoast SEO plugin. -->","yoast_head_json":{"title":"El Ni\u00f1o obliga al Canal de Panam\u00e1 a reducir el tr\u00e1nsito de buques - Fronteira Livre","description":"El Canal de Panam\u00e1 reducir\u00e1 de 36 a 32 los buques diarios por la sequ\u00eda asociada a El Ni\u00f1o, mientras aumenta la demanda de esta ruta","robots":{"index":"index","follow":"follow","max-snippet":"max-snippet:-1","max-image-preview":"max-image-preview:large","max-video-preview":"max-video-preview:-1"},"canonical":"https:\/\/fronteiralivre.com.br\/es\/el-nino-obliga-al-canal-de-panama-a-reducir-el-transito-de-buques\/","og_locale":"es_ES","og_type":"article","og_title":"El Ni\u00f1o obliga al Canal de Panam\u00e1 a reducir el tr\u00e1nsito de buques - Fronteira Livre","og_description":"El Canal de Panam\u00e1 reducir\u00e1 de 36 a 32 los buques diarios por la sequ\u00eda asociada a El Ni\u00f1o, mientras aumenta la demanda de esta ruta","og_url":"https:\/\/fronteiralivre.com.br\/es\/el-nino-obliga-al-canal-de-panama-a-reducir-el-transito-de-buques\/","og_site_name":"Fronteira Livre","article_published_time":"2026-08-29T19:41:04+00:00","og_image":[{"width":1140,"height":570,"url":"https:\/\/fronteiralivre.com.br\/es\/wp-content\/uploads\/2026\/08\/Untitled-design-3-1.webp","type":"image\/webp"}],"author":"Steve Rodr\u00edguez","twitter_card":"summary_large_image","twitter_misc":{"Escrito por":"Steve Rodr\u00edguez","Tiempo de lectura":"4 minutos"},"schema":{"@context":"https:\/\/schema.org","@graph":[{"@type":"Article","@id":"https:\/\/fronteiralivre.com.br\/es\/el-nino-obliga-al-canal-de-panama-a-reducir-el-transito-de-buques\/#article","isPartOf":{"@id":"https:\/\/fronteiralivre.com.br\/es\/el-nino-obliga-al-canal-de-panama-a-reducir-el-transito-de-buques\/"},"author":{"name":"Steve Rodr\u00edguez","@id":"https:\/\/fronteiralivre.com.br\/es\/#\/schema\/person\/3c3ddfa3b04a2720a84b3f9bdf3dbd6b"},"headline":"El Ni\u00f1o obliga al Canal de Panam\u00e1 a reducir el tr\u00e1nsito de buques","datePublished":"2026-08-29T19:41:04+00:00","mainEntityOfPage":{"@id":"https:\/\/fronteiralivre.com.br\/es\/el-nino-obliga-al-canal-de-panama-a-reducir-el-transito-de-buques\/"},"wordCount":909,"commentCount":0,"image":{"@id":"https:\/\/fronteiralivre.com.br\/es\/el-nino-obliga-al-canal-de-panama-a-reducir-el-transito-de-buques\/#primaryimage"},"thumbnailUrl":"https:\/\/fronteiralivre.com.br\/es\/wp-content\/uploads\/2026\/08\/Untitled-design-3-1.webp","keywords":["buques","Canal de Panam\u00e1","china","Destaque","El Ni\u00f1o","Estados Unidos","ruta comercial","sequ\u00eda","tr\u00e1nsito mar\u00edtimo"],"articleSection":["Internacional"],"inLanguage":"es-AR","potentialAction":[{"@type":"CommentAction","name":"Comment","target":["https:\/\/fronteiralivre.com.br\/es\/el-nino-obliga-al-canal-de-panama-a-reducir-el-transito-de-buques\/#respond"]}]},{"@type":"WebPage","@id":"https:\/\/fronteiralivre.com.br\/es\/el-nino-obliga-al-canal-de-panama-a-reducir-el-transito-de-buques\/","url":"https:\/\/fronteiralivre.com.br\/es\/el-nino-obliga-al-canal-de-panama-a-reducir-el-transito-de-buques\/","name":"El Ni\u00f1o obliga al Canal de Panam\u00e1 a reducir el tr\u00e1nsito de buques - Fronteira Livre","isPartOf":{"@id":"https:\/\/fronteiralivre.com.br\/es\/#website"},"primaryImageOfPage":{"@id":"https:\/\/fronteiralivre.com.br\/es\/el-nino-obliga-al-canal-de-panama-a-reducir-el-transito-de-buques\/#primaryimage"},"image":{"@id":"https:\/\/fronteiralivre.com.br\/es\/el-nino-obliga-al-canal-de-panama-a-reducir-el-transito-de-buques\/#primaryimage"},"thumbnailUrl":"https:\/\/fronteiralivre.com.br\/es\/wp-content\/uploads\/2026\/08\/Untitled-design-3-1.webp","datePublished":"2026-08-29T19:41:04+00:00","author":{"@id":"https:\/\/fronteiralivre.com.br\/es\/#\/schema\/person\/3c3ddfa3b04a2720a84b3f9bdf3dbd6b"},"description":"El Canal de Panam\u00e1 reducir\u00e1 de 36 a 32 los buques diarios por la sequ\u00eda asociada a El Ni\u00f1o, mientras aumenta la demanda de esta ruta","breadcrumb":{"@id":"https:\/\/fronteiralivre.com.br\/es\/el-nino-obliga-al-canal-de-panama-a-reducir-el-transito-de-buques\/#breadcrumb"},"inLanguage":"es-AR","potentialAction":[{"@type":"ReadAction","target":["https:\/\/fronteiralivre.com.br\/es\/el-nino-obliga-al-canal-de-panama-a-reducir-el-transito-de-buques\/"]}]},{"@type":"ImageObject","inLanguage":"es-AR","@id":"https:\/\/fronteiralivre.com.br\/es\/el-nino-obliga-al-canal-de-panama-a-reducir-el-transito-de-buques\/#primaryimage","url":"https:\/\/fronteiralivre.com.br\/es\/wp-content\/uploads\/2026\/08\/Untitled-design-3-1.webp","contentUrl":"https:\/\/fronteiralivre.com.br\/es\/wp-content\/uploads\/2026\/08\/Untitled-design-3-1.webp","width":1140,"height":570,"caption":"Restricciones en el Canal de Panam\u00e1 tensionan el comercio mar\u00edtimo. Foto: GETTY IMAGES."},{"@type":"BreadcrumbList","@id":"https:\/\/fronteiralivre.com.br\/es\/el-nino-obliga-al-canal-de-panama-a-reducir-el-transito-de-buques\/#breadcrumb","itemListElement":[{"@type":"ListItem","position":1,"name":"Home","item":"https:\/\/fronteiralivre.com.br\/es\/"},{"@type":"ListItem","position":2,"name":"El Ni\u00f1o obliga al Canal de Panam\u00e1 a reducir el tr\u00e1nsito de buques"}]},{"@type":"WebSite","@id":"https:\/\/fronteiralivre.com.br\/es\/#website","url":"https:\/\/fronteiralivre.com.br\/es\/","name":"Fronteira Livre","description":"De Foz do Igua\u00e7u para el mundo.","potentialAction":[{"@type":"SearchAction","target":{"@type":"EntryPoint","urlTemplate":"https:\/\/fronteiralivre.com.br\/es\/?s={search_term_string}"},"query-input":{"@type":"PropertyValueSpecification","valueRequired":true,"valueName":"search_term_string"}}],"inLanguage":"es-AR"},{"@type":"Person","@id":"https:\/\/fronteiralivre.com.br\/es\/#\/schema\/person\/3c3ddfa3b04a2720a84b3f9bdf3dbd6b","name":"Steve Rodr\u00edguez","image":{"@type":"ImageObject","inLanguage":"es-AR","@id":"https:\/\/secure.gravatar.com\/avatar\/fc4acaf4a72962ec0c75e1dba58041dba48457881f6bce3b14ad81e35610c6f3?s=96&d=mm&r=g","url":"https:\/\/secure.gravatar.com\/avatar\/fc4acaf4a72962ec0c75e1dba58041dba48457881f6bce3b14ad81e35610c6f3?s=96&d=mm&r=g","contentUrl":"https:\/\/secure.gravatar.com\/avatar\/fc4acaf4a72962ec0c75e1dba58041dba48457881f6bce3b14ad81e35610c6f3?s=96&d=mm&r=g","caption":"Steve Rodr\u00edguez"},"description":"Steve Rodr\u00edguez es reportero de Fronteira Livre, investigador y doctorando en la Universidad Federal de Integraci\u00f3n Latinoamericana (UNILA). Posee una formaci\u00f3n interdisciplinaria en narrativa audiovisual, estudios culturales latinoamericanos y pr\u00e1cticas pedag\u00f3gicas anticoloniales. Su trayectoria articula la creaci\u00f3n art\u00edstica en \u00e1mbitos como el teatro, el cine y la cultura visual con la reflexi\u00f3n cr\u00edtica y la investigaci\u00f3n acad\u00e9mica, desde una perspectiva inspirada en los estudios visuales desarrollados por Nicholas Mirzoeff.","url":"https:\/\/fronteiralivre.com.br\/es\/author\/steverodrigues\/"}]}},"_links":{"self":[{"href":"https:\/\/fronteiralivre.com.br\/es\/wp-json\/wp\/v2\/posts\/823","targetHints":{"allow":["GET"]}}],"collection":[{"href":"https:\/\/fronteiralivre.com.br\/es\/wp-json\/wp\/v2\/posts"}],"about":[{"href":"https:\/\/fronteiralivre.com.br\/es\/wp-json\/wp\/v2\/types\/post"}],"author":[{"embeddable":true,"href":"https:\/\/fronteiralivre.com.br\/es\/wp-json\/wp\/v2\/users\/7"}],"replies":[{"embeddable":true,"href":"https:\/\/fronteiralivre.com.br\/es\/wp-json\/wp\/v2\/comments?post=823"}],"version-history":[{"count":1,"href":"https:\/\/fronteiralivre.com.br\/es\/wp-json\/wp\/v2\/posts\/823\/revisions"}],"predecessor-version":[{"id":825,"href":"https:\/\/fronteiralivre.com.br\/es\/wp-json\/wp\/v2\/posts\/823\/revisions\/825"}],"wp:featuredmedia":[{"embeddable":true,"href":"https:\/\/fronteiralivre.com.br\/es\/wp-json\/wp\/v2\/media\/824"}],"wp:attachment":[{"href":"https:\/\/fronteiralivre.com.br\/es\/wp-json\/wp\/v2\/media?parent=823"}],"wp:term":[{"taxonomy":"category","embeddable":true,"href":"https:\/\/fronteiralivre.com.br\/es\/wp-json\/wp\/v2\/categories?post=823"},{"taxonomy":"post_tag","embeddable":true,"href":"https:\/\/fronteiralivre.com.br\/es\/wp-json\/wp\/v2\/tags?post=823"}],"curies":[{"name":"wp","href":"https:\/\/api.w.org\/{rel}","templated":true}]}}