{"id":816,"date":"2026-08-28T20:26:22","date_gmt":"2026-08-28T23:26:22","guid":{"rendered":"https:\/\/fronteiralivre.com.br\/es\/?p=816"},"modified":"2026-08-28T20:30:14","modified_gmt":"2026-08-28T23:30:14","slug":"foro-de-la-triple-frontera-cuestiona-injerencia-extranjera-y-conflictos-territoriales","status":"publish","type":"post","link":"https:\/\/fronteiralivre.com.br\/es\/foro-de-la-triple-frontera-cuestiona-injerencia-extranjera-y-conflictos-territoriales\/","title":{"rendered":"Foro de la Triple Frontera cuestiona injerencia extranjera y conflictos territoriales"},"content":{"rendered":"\n<p class=\"wp-block-paragraph\"><strong>S\u00e3o Miguel do Igua\u00e7u, BR<\/strong> &#8211; La defensa de los territorios, la soberan\u00eda alimentaria y los derechos de las comunidades fueron algunos de los principales temas abordados durante el VI Foro Social y Popular de la Triple Frontera, realizado en S\u00e3o Miguel do Igua\u00e7u. Al finalizar el encuentro, organizaciones sociales y populares de Argentina, Brasil y Paraguay difundieron una declaraci\u00f3n en la que reunieron sus principales preocupaciones y denuncias sobre la situaci\u00f3n de la regi\u00f3n.<\/p>\n\n\n\n<p class=\"wp-block-paragraph\">El documento cuestiona el avance de intereses extranjeros sobre los territorios y, en particular, los acuerdos establecidos por los gobiernos de Paraguay y Argentina con Estados Unidos. Las organizaciones consideran que estas pol\u00edticas pueden profundizar la p\u00e9rdida de soberan\u00eda y favorecer procesos de extranjerizaci\u00f3n de tierras y desplazamiento de comunidades.<\/p>\n\n\n\n<p class=\"wp-block-paragraph\">Uno de los reclamos centrales estuvo relacionado con los conflictos por la tierra y el avance del agronegocio. Seg\u00fan la declaraci\u00f3n, comunidades campesinas de los tres pa\u00edses que participaron de procesos de recuperaci\u00f3n de tierras contin\u00faan enfrentando conflictos vinculados al uso de agrot\u00f3xicos, la contaminaci\u00f3n, la expansi\u00f3n de monocultivos y la concentraci\u00f3n del sistema alimentario y de la log\u00edstica.<\/p>\n\n\n\n<p class=\"wp-block-paragraph\">Las organizaciones tambi\u00e9n se\u00f1alaron su preocupaci\u00f3n por la apropiaci\u00f3n y modificaci\u00f3n de semillas y por los conflictos de tierras que persisten en distintos puntos de la regi\u00f3n. Frente a esta situaci\u00f3n, reivindicaron la soberan\u00eda alimentaria, la agroecolog\u00eda y una reforma agraria integral.<\/p>\n\n\n\n<h4 class=\"wp-block-heading\"><strong>Reclamos por la situaci\u00f3n de comunidades ind\u00edgenas<\/strong><\/h4>\n\n\n\n<p class=\"wp-block-paragraph\">Entre las denuncias m\u00e1s concretas presentadas durante el foro se encuentran las relacionadas con comunidades ind\u00edgenas de Argentina y Paraguay. Las organizaciones denunciaron la violencia judicial y estatal contra la comunidad de&nbsp;Puente Quemado II, en la provincia argentina de Misiones, as\u00ed como el acoso que, seg\u00fan se\u00f1alaron, enfrenta la comunidad guaran\u00ed de&nbsp;Akaraymi, en Paraguay.<\/p>\n\n\n\n<p class=\"wp-block-paragraph\">El documento tambi\u00e9n menciona el asesinato del l\u00edder ind\u00edgena&nbsp;<strong>Antonio Carrillo<\/strong>&nbsp;y del docente&nbsp;<strong>Catalino Correa<\/strong>, ocurrido en el&nbsp;<strong>Tekoha Yapo<\/strong>, Paraguay. A partir de estos casos, los participantes reclamaron el respeto y la recuperaci\u00f3n de los territorios ind\u00edgenas de la regi\u00f3n.<\/p>\n\n\n\n<p class=\"wp-block-paragraph\"><em><strong>\u201cBasta de acorralamiento y exclusi\u00f3n\u201d<\/strong>, expresaron las organizaciones en la declaraci\u00f3n, en la que plantearon la necesidad de mantener la defensa de las comunidades y sus territorios como una agenda com\u00fan entre los tres pa\u00edses.<\/em><\/p>\n\n\n\n<h4 class=\"wp-block-heading\"><strong>Trabajo y nuevas formas de precarizaci\u00f3n<\/strong><\/h4>\n\n\n\n<p class=\"wp-block-paragraph\">La situaci\u00f3n laboral tambi\u00e9n ocup\u00f3 un lugar importante en las discusiones. Las organizaciones cuestionaron las pol\u00edticas que, seg\u00fan sostienen, han debilitado los derechos de los trabajadores y contribuido al aumento del desempleo.<\/p>\n\n\n\n<p class=\"wp-block-paragraph\">En particular, se\u00f1alaron el crecimiento del trabajo mediante aplicaciones como una nueva forma de flexibilizaci\u00f3n de las relaciones laborales. Tambi\u00e9n manifestaron preocupaci\u00f3n por la situaci\u00f3n de los trabajadores de la econom\u00eda popular, quienes, de acuerdo con el documento, enfrentan mayores dificultades para acceder a condiciones de trabajo estables.<\/p>\n\n\n\n<p class=\"wp-block-paragraph\">El foro tambi\u00e9n plante\u00f3 una posici\u00f3n cr\u00edtica frente al uso de nuevas tecnolog\u00edas. Las organizaciones afirmaron que estas pueden contribuir a facilitar y dignificar el trabajo, pero advirtieron sobre sus efectos cuando son utilizadas en detrimento de la tierra, el ambiente, los derechos laborales y los conocimientos de las comunidades.<\/p>\n\n\n\n<h4 class=\"wp-block-heading\"><strong>Cuestionamientos a la pol\u00edtica exterior<\/strong><\/h4>\n\n\n\n<p class=\"wp-block-paragraph\">La declaraci\u00f3n incluy\u00f3 adem\u00e1s una serie de posicionamientos sobre la pol\u00edtica internacional. Las organizaciones expresaron su solidaridad con Cuba y Venezuela frente a los bloqueos que ambos pa\u00edses enfrentan y condenaron la situaci\u00f3n en Palestina.<\/p>\n\n\n\n<p class=\"wp-block-paragraph\">Tambi\u00e9n cuestionaron la intervenci\u00f3n de Estados Unidos en los asuntos internos y procesos electorales de Am\u00e9rica Latina, as\u00ed como las posiciones adoptadas por los gobiernos de Argentina y Paraguay en relaci\u00f3n con Washington.<\/p>\n\n\n\n<p class=\"wp-block-paragraph\">M\u00e1s all\u00e1 de las diferencias entre las organizaciones participantes, el encuentro busc\u00f3 consolidar un espacio com\u00fan entre movimientos campesinos, ind\u00edgenas, sindicales, estudiantiles, de mujeres y de derechos humanos de los tres pa\u00edses.<\/p>\n\n\n\n<p class=\"wp-block-paragraph\">La declaraci\u00f3n concluye con el compromiso de mantener esta articulaci\u00f3n y fortalecer el Foro Social y Popular como un espacio permanente de organizaci\u00f3n en torno a la defensa de los territorios, los derechos sociales y la soberan\u00eda de los pueblos de la Triple Frontera.<\/p>\n\n\n<div class=\"wp-block-image\">\n<figure class=\"aligncenter size-large\"><img loading=\"lazy\" decoding=\"async\" width=\"724\" height=\"1024\" src=\"https:\/\/fronteiralivre.com.br\/es\/wp-content\/uploads\/2026\/08\/DDeclaracion-VI-Foro-Social-y-Popular-de-la-Triple-Frontera_page-0001-724x1024.webp\" alt=\"\" class=\"wp-image-819\" srcset=\"https:\/\/fronteiralivre.com.br\/es\/wp-content\/uploads\/2026\/08\/DDeclaracion-VI-Foro-Social-y-Popular-de-la-Triple-Frontera_page-0001-724x1024.webp 724w, https:\/\/fronteiralivre.com.br\/es\/wp-content\/uploads\/2026\/08\/DDeclaracion-VI-Foro-Social-y-Popular-de-la-Triple-Frontera_page-0001-212x300.webp 212w, https:\/\/fronteiralivre.com.br\/es\/wp-content\/uploads\/2026\/08\/DDeclaracion-VI-Foro-Social-y-Popular-de-la-Triple-Frontera_page-0001-768x1086.webp 768w, https:\/\/fronteiralivre.com.br\/es\/wp-content\/uploads\/2026\/08\/DDeclaracion-VI-Foro-Social-y-Popular-de-la-Triple-Frontera_page-0001-1086x1536.webp 1086w, https:\/\/fronteiralivre.com.br\/es\/wp-content\/uploads\/2026\/08\/DDeclaracion-VI-Foro-Social-y-Popular-de-la-Triple-Frontera_page-0001.webp 1241w\" sizes=\"auto, (max-width: 724px) 100vw, 724px\" \/><figcaption class=\"wp-element-caption\">Foto: Divulgaci\u00f3n. <\/figcaption><\/figure>\n<\/div>\n\n\n<p class=\"wp-block-paragraph\"><\/p>\n\n\n<blockquote class=\"instagram-media\" style=\"background: #FFF; border: 0; border-radius: 3px; box-shadow: 0 0 1px 0 rgba(0,0,0,0.5),0 1px 10px 0 rgba(0,0,0,0.15); margin: 1px; max-width: 540px; min-width: 326px; padding: 0; width: calc(100% - 2px);\" data-instgrm-captioned=\"\" data-instgrm-permalink=\"https:\/\/www.instagram.com\/reel\/DcJxR2GMt3G\/?utm_source=ig_embed&amp;utm_campaign=loading\" data-instgrm-version=\"14\">\n<div style=\"padding: 16px;\">\n<div style=\"display: flex; flex-direction: row; align-items: center;\">\n<div style=\"background-color: #f4f4f4; border-radius: 50%; flex-grow: 0; height: 40px; margin-right: 14px; width: 40px;\">\u00a0<\/div>\n<div style=\"display: flex; flex-direction: column; flex-grow: 1; justify-content: center;\">\n<div style=\"background-color: #f4f4f4; border-radius: 4px; flex-grow: 0; height: 14px; margin-bottom: 6px; width: 100px;\">\u00a0<\/div>\n<div style=\"background-color: #f4f4f4; border-radius: 4px; flex-grow: 0; height: 14px; width: 60px;\">\u00a0<\/div>\n<\/div>\n<\/div>\n<div style=\"padding: 19% 0;\">\u00a0<\/div>\n<div style=\"display: block; height: 50px; margin: 0 auto 12px; width: 50px;\">\u00a0<\/div>\n<div style=\"padding-top: 8px;\">\n<div style=\"color: #3897f0; font-family: Arial,sans-serif; font-size: 14px; font-style: normal; font-weight: 550; line-height: 18px;\">Voir cette publication sur Instagram<\/div>\n<\/div>\n<div style=\"padding: 12.5% 0;\">\u00a0<\/div>\n<div style=\"display: flex; flex-direction: row; margin-bottom: 14px; align-items: center;\">\n<div>\n<div style=\"background-color: #f4f4f4; border-radius: 50%; height: 12.5px; width: 12.5px; transform: translateX(0px) translateY(7px);\">\u00a0<\/div>\n<div style=\"background-color: #f4f4f4; height: 12.5px; transform: rotate(-45deg) translateX(3px) translateY(1px); width: 12.5px; flex-grow: 0; margin-right: 14px; margin-left: 2px;\">\u00a0<\/div>\n<div style=\"background-color: #f4f4f4; border-radius: 50%; height: 12.5px; width: 12.5px; transform: translateX(9px) translateY(-18px);\">\u00a0<\/div>\n<\/div>\n<div style=\"margin-left: 8px;\">\n<div style=\"background-color: #f4f4f4; border-radius: 50%; flex-grow: 0; height: 20px; width: 20px;\">\u00a0<\/div>\n<div style=\"width: 0; height: 0; border-top: 2px solid transparent; border-left: 6px solid #f4f4f4; border-bottom: 2px solid transparent; transform: translateX(16px) translateY(-4px) rotate(30deg);\">\u00a0<\/div>\n<\/div>\n<div style=\"margin-left: auto;\">\n<div style=\"width: 0px; border-top: 8px solid #F4F4F4; border-right: 8px solid transparent; transform: translateY(16px);\">\u00a0<\/div>\n<div style=\"background-color: #f4f4f4; flex-grow: 0; height: 12px; width: 16px; transform: translateY(-4px);\">\u00a0<\/div>\n<div style=\"width: 0; height: 0; border-top: 8px solid #F4F4F4; border-left: 8px solid transparent; transform: translateY(-4px) translateX(8px);\">\u00a0<\/div>\n<\/div>\n<\/div>\n<div style=\"display: flex; flex-direction: column; flex-grow: 1; justify-content: center; margin-bottom: 24px;\">\n<div style=\"background-color: #f4f4f4; border-radius: 4px; flex-grow: 0; height: 14px; margin-bottom: 6px; width: 224px;\">\u00a0<\/div>\n<div style=\"background-color: #f4f4f4; border-radius: 4px; flex-grow: 0; height: 14px; width: 144px;\">\u00a0<\/div>\n<\/div>\n<p>&nbsp;<\/p>\n<p style=\"color: #c9c8cd; font-family: Arial, sans-serif; font-size: 14px; line-height: 17px; margin-bottom: 0px; margin-top: 8px; overflow: hidden; padding: 8px 0px 7px; text-overflow: ellipsis; white-space: nowrap;\"><a style=\"color: #c9c8cd; font-family: Arial,sans-serif; font-size: 14px; font-style: normal; font-weight: normal; line-height: 17px; text-decoration: none;\" href=\"https:\/\/www.instagram.com\/reel\/DcJxR2GMt3G\/?utm_source=ig_embed&amp;utm_campaign=loading\" target=\"_blank\" rel=\"noopener\">Une publication partag\u00e9e par Campanha Contra os Agrot\u00f3xicos (@contraosagrotoxicos)<\/a><\/p>\n<\/div>\n<\/blockquote>\n<p><script async src=\"\/\/www.instagram.com\/embed.js\"><\/script><\/p>","protected":false},"excerpt":{"rendered":"<p>S\u00e3o Miguel do Igua\u00e7u, BR\u2014 La defensa de los territorios, la soberan\u00eda alimentaria y los derechos de las comunidades fueron algunos de los principales temas abordados durante el VI Foro Social y Popular de la Triple Frontera, realizado en S\u00e3o Miguel do Igua\u00e7u. Al finalizar el encuentro, organizaciones sociales y populares de Argentina, Brasil y Paraguay difundieron una declaraci\u00f3n en la que reunieron sus principales preocupaciones y denuncias sobre la situaci\u00f3n de la regi\u00f3n.<\/p>\n","protected":false},"author":7,"featured_media":817,"comment_status":"open","ping_status":"open","sticky":false,"template":"","format":"standard","meta":{"_sub_headline":"Organizaciones de Argentina, Brasil y Paraguay cuestionaron el avance del agronegocio, la precarizaci\u00f3n laboral y la situaci\u00f3n de comunidades ind\u00edgenas de la regi\u00f3n. Tambi\u00e9n expresaron su rechazo a la injerencia de Estados Unidos en Am\u00e9rica Latina","videourl":"","footnotes":""},"categories":[19],"tags":[195,1988,203,250,79,1987,1986,199,72,530,83,1652,1741,130],"class_list":["post-816","post","type-post","status-publish","format-standard","has-post-thumbnail","hentry","category-foro-social-y-popular-de-la-triple-frontera","tag-agronegocio","tag-agrotoxicos","tag-america-latina","tag-argentina","tag-brasil","tag-campesinos","tag-comunidades-indigenas","tag-derechos-humanos","tag-destaque","tag-movimientos-sociales","tag-paraguay","tag-soberania-alimentaria","tag-territorios-ancestrales","tag-unila"],"yoast_head":"<!-- This site is optimized with the Yoast SEO plugin v28.3 - https:\/\/yoast.com\/product\/yoast-seo-wordpress\/ -->\n<title>Foro de la Triple Frontera cuestiona injerencia extranjera y conflictos territoriales - Fronteira Livre<\/title>\n<meta name=\"description\" content=\"Organizaciones sociales de Argentina, Brasil y Paraguay se reunieron en el VI Foro Social y Popular de la Triple Frontera para abordar\" \/>\n<meta name=\"robots\" content=\"index, follow, max-snippet:-1, max-image-preview:large, max-video-preview:-1\" \/>\n<link rel=\"canonical\" href=\"https:\/\/fronteiralivre.com.br\/es\/foro-de-la-triple-frontera-cuestiona-injerencia-extranjera-y-conflictos-territoriales\/\" \/>\n<meta property=\"og:locale\" content=\"es_ES\" \/>\n<meta property=\"og:type\" content=\"article\" \/>\n<meta property=\"og:title\" content=\"Foro de la Triple Frontera cuestiona injerencia extranjera y conflictos territoriales - Fronteira Livre\" \/>\n<meta property=\"og:description\" content=\"Organizaciones sociales de Argentina, Brasil y Paraguay se reunieron en el VI Foro Social y Popular de la Triple Frontera para abordar\" \/>\n<meta property=\"og:url\" content=\"https:\/\/fronteiralivre.com.br\/es\/foro-de-la-triple-frontera-cuestiona-injerencia-extranjera-y-conflictos-territoriales\/\" \/>\n<meta property=\"og:site_name\" content=\"Fronteira Livre\" \/>\n<meta property=\"article:published_time\" content=\"2026-08-28T23:26:22+00:00\" \/>\n<meta property=\"article:modified_time\" content=\"2026-08-28T23:30:14+00:00\" \/>\n<meta property=\"og:image\" content=\"https:\/\/fronteiralivre.com.br\/es\/wp-content\/uploads\/2026\/08\/Untitled-design-3.webp\" \/>\n\t<meta property=\"og:image:width\" content=\"1140\" \/>\n\t<meta property=\"og:image:height\" content=\"570\" \/>\n\t<meta property=\"og:image:type\" content=\"image\/webp\" \/>\n<meta name=\"author\" content=\"Steve Rodr\u00edguez\" \/>\n<meta name=\"twitter:card\" content=\"summary_large_image\" \/>\n<meta name=\"twitter:label1\" content=\"Escrito por\" \/>\n\t<meta name=\"twitter:data1\" content=\"Steve Rodr\u00edguez\" \/>\n\t<meta name=\"twitter:label2\" content=\"Tiempo de lectura\" \/>\n\t<meta name=\"twitter:data2\" content=\"4 minutos\" \/>\n<script type=\"application\/ld+json\" class=\"yoast-schema-graph\">{\"@context\":\"https:\\\/\\\/schema.org\",\"@graph\":[{\"@type\":\"Article\",\"@id\":\"https:\\\/\\\/fronteiralivre.com.br\\\/es\\\/foro-de-la-triple-frontera-cuestiona-injerencia-extranjera-y-conflictos-territoriales\\\/#article\",\"isPartOf\":{\"@id\":\"https:\\\/\\\/fronteiralivre.com.br\\\/es\\\/foro-de-la-triple-frontera-cuestiona-injerencia-extranjera-y-conflictos-territoriales\\\/\"},\"author\":{\"name\":\"Steve Rodr\u00edguez\",\"@id\":\"https:\\\/\\\/fronteiralivre.com.br\\\/es\\\/#\\\/schema\\\/person\\\/3c3ddfa3b04a2720a84b3f9bdf3dbd6b\"},\"headline\":\"Foro de la Triple Frontera cuestiona injerencia extranjera y conflictos territoriales\",\"datePublished\":\"2026-08-28T23:26:22+00:00\",\"dateModified\":\"2026-08-28T23:30:14+00:00\",\"mainEntityOfPage\":{\"@id\":\"https:\\\/\\\/fronteiralivre.com.br\\\/es\\\/foro-de-la-triple-frontera-cuestiona-injerencia-extranjera-y-conflictos-territoriales\\\/\"},\"wordCount\":768,\"commentCount\":0,\"image\":{\"@id\":\"https:\\\/\\\/fronteiralivre.com.br\\\/es\\\/foro-de-la-triple-frontera-cuestiona-injerencia-extranjera-y-conflictos-territoriales\\\/#primaryimage\"},\"thumbnailUrl\":\"https:\\\/\\\/fronteiralivre.com.br\\\/es\\\/wp-content\\\/uploads\\\/2026\\\/08\\\/Untitled-design-3.webp\",\"keywords\":[\"Agroneg\u00f3cio\",\"agrotoxicos\",\"Am\u00e9rica Latina\",\"Argentina\",\"Brasil\",\"campesinos\",\"comunidades ind\u00edgenas\",\"derechos humanos\",\"Destaque\",\"Movimientos sociales\",\"Paraguay\",\"Soberan\u00eda Alimentaria\",\"territorios ancestrales\",\"Unila\"],\"articleSection\":[\"Foro Social y Popular de la Triple Frontera\"],\"inLanguage\":\"es-AR\",\"potentialAction\":[{\"@type\":\"CommentAction\",\"name\":\"Comment\",\"target\":[\"https:\\\/\\\/fronteiralivre.com.br\\\/es\\\/foro-de-la-triple-frontera-cuestiona-injerencia-extranjera-y-conflictos-territoriales\\\/#respond\"]}]},{\"@type\":\"WebPage\",\"@id\":\"https:\\\/\\\/fronteiralivre.com.br\\\/es\\\/foro-de-la-triple-frontera-cuestiona-injerencia-extranjera-y-conflictos-territoriales\\\/\",\"url\":\"https:\\\/\\\/fronteiralivre.com.br\\\/es\\\/foro-de-la-triple-frontera-cuestiona-injerencia-extranjera-y-conflictos-territoriales\\\/\",\"name\":\"Foro de la Triple Frontera cuestiona injerencia extranjera y conflictos territoriales - Fronteira Livre\",\"isPartOf\":{\"@id\":\"https:\\\/\\\/fronteiralivre.com.br\\\/es\\\/#website\"},\"primaryImageOfPage\":{\"@id\":\"https:\\\/\\\/fronteiralivre.com.br\\\/es\\\/foro-de-la-triple-frontera-cuestiona-injerencia-extranjera-y-conflictos-territoriales\\\/#primaryimage\"},\"image\":{\"@id\":\"https:\\\/\\\/fronteiralivre.com.br\\\/es\\\/foro-de-la-triple-frontera-cuestiona-injerencia-extranjera-y-conflictos-territoriales\\\/#primaryimage\"},\"thumbnailUrl\":\"https:\\\/\\\/fronteiralivre.com.br\\\/es\\\/wp-content\\\/uploads\\\/2026\\\/08\\\/Untitled-design-3.webp\",\"datePublished\":\"2026-08-28T23:26:22+00:00\",\"dateModified\":\"2026-08-28T23:30:14+00:00\",\"author\":{\"@id\":\"https:\\\/\\\/fronteiralivre.com.br\\\/es\\\/#\\\/schema\\\/person\\\/3c3ddfa3b04a2720a84b3f9bdf3dbd6b\"},\"description\":\"Organizaciones sociales de Argentina, Brasil y Paraguay se reunieron en el VI Foro Social y Popular de la Triple Frontera para abordar\",\"breadcrumb\":{\"@id\":\"https:\\\/\\\/fronteiralivre.com.br\\\/es\\\/foro-de-la-triple-frontera-cuestiona-injerencia-extranjera-y-conflictos-territoriales\\\/#breadcrumb\"},\"inLanguage\":\"es-AR\",\"potentialAction\":[{\"@type\":\"ReadAction\",\"target\":[\"https:\\\/\\\/fronteiralivre.com.br\\\/es\\\/foro-de-la-triple-frontera-cuestiona-injerencia-extranjera-y-conflictos-territoriales\\\/\"]}]},{\"@type\":\"ImageObject\",\"inLanguage\":\"es-AR\",\"@id\":\"https:\\\/\\\/fronteiralivre.com.br\\\/es\\\/foro-de-la-triple-frontera-cuestiona-injerencia-extranjera-y-conflictos-territoriales\\\/#primaryimage\",\"url\":\"https:\\\/\\\/fronteiralivre.com.br\\\/es\\\/wp-content\\\/uploads\\\/2026\\\/08\\\/Untitled-design-3.webp\",\"contentUrl\":\"https:\\\/\\\/fronteiralivre.com.br\\\/es\\\/wp-content\\\/uploads\\\/2026\\\/08\\\/Untitled-design-3.webp\",\"width\":1140,\"height\":570,\"caption\":\"Foto: Divulgaci\u00f3n.\"},{\"@type\":\"BreadcrumbList\",\"@id\":\"https:\\\/\\\/fronteiralivre.com.br\\\/es\\\/foro-de-la-triple-frontera-cuestiona-injerencia-extranjera-y-conflictos-territoriales\\\/#breadcrumb\",\"itemListElement\":[{\"@type\":\"ListItem\",\"position\":1,\"name\":\"Home\",\"item\":\"https:\\\/\\\/fronteiralivre.com.br\\\/es\\\/\"},{\"@type\":\"ListItem\",\"position\":2,\"name\":\"Foro de la Triple Frontera cuestiona injerencia extranjera y conflictos territoriales\"}]},{\"@type\":\"WebSite\",\"@id\":\"https:\\\/\\\/fronteiralivre.com.br\\\/es\\\/#website\",\"url\":\"https:\\\/\\\/fronteiralivre.com.br\\\/es\\\/\",\"name\":\"Fronteira Livre\",\"description\":\"De Foz do Igua\u00e7u para el mundo.\",\"potentialAction\":[{\"@type\":\"SearchAction\",\"target\":{\"@type\":\"EntryPoint\",\"urlTemplate\":\"https:\\\/\\\/fronteiralivre.com.br\\\/es\\\/?s={search_term_string}\"},\"query-input\":{\"@type\":\"PropertyValueSpecification\",\"valueRequired\":true,\"valueName\":\"search_term_string\"}}],\"inLanguage\":\"es-AR\"},{\"@type\":\"Person\",\"@id\":\"https:\\\/\\\/fronteiralivre.com.br\\\/es\\\/#\\\/schema\\\/person\\\/3c3ddfa3b04a2720a84b3f9bdf3dbd6b\",\"name\":\"Steve Rodr\u00edguez\",\"image\":{\"@type\":\"ImageObject\",\"inLanguage\":\"es-AR\",\"@id\":\"https:\\\/\\\/secure.gravatar.com\\\/avatar\\\/fc4acaf4a72962ec0c75e1dba58041dba48457881f6bce3b14ad81e35610c6f3?s=96&d=mm&r=g\",\"url\":\"https:\\\/\\\/secure.gravatar.com\\\/avatar\\\/fc4acaf4a72962ec0c75e1dba58041dba48457881f6bce3b14ad81e35610c6f3?s=96&d=mm&r=g\",\"contentUrl\":\"https:\\\/\\\/secure.gravatar.com\\\/avatar\\\/fc4acaf4a72962ec0c75e1dba58041dba48457881f6bce3b14ad81e35610c6f3?s=96&d=mm&r=g\",\"caption\":\"Steve Rodr\u00edguez\"},\"description\":\"Steve Rodr\u00edguez es reportero de Fronteira Livre, investigador y doctorando en la Universidad Federal de Integraci\u00f3n Latinoamericana (UNILA). Posee una formaci\u00f3n interdisciplinaria en narrativa audiovisual, estudios culturales latinoamericanos y pr\u00e1cticas pedag\u00f3gicas anticoloniales. Su trayectoria articula la creaci\u00f3n art\u00edstica en \u00e1mbitos como el teatro, el cine y la cultura visual con la reflexi\u00f3n cr\u00edtica y la investigaci\u00f3n acad\u00e9mica, desde una perspectiva inspirada en los estudios visuales desarrollados por Nicholas Mirzoeff.\",\"url\":\"https:\\\/\\\/fronteiralivre.com.br\\\/es\\\/author\\\/steverodrigues\\\/\"}]}<\/script>\n<!-- \/ Yoast SEO plugin. -->","yoast_head_json":{"title":"Foro de la Triple Frontera cuestiona injerencia extranjera y conflictos territoriales - Fronteira Livre","description":"Organizaciones sociales de Argentina, Brasil y Paraguay se reunieron en el VI Foro Social y Popular de la Triple Frontera para abordar","robots":{"index":"index","follow":"follow","max-snippet":"max-snippet:-1","max-image-preview":"max-image-preview:large","max-video-preview":"max-video-preview:-1"},"canonical":"https:\/\/fronteiralivre.com.br\/es\/foro-de-la-triple-frontera-cuestiona-injerencia-extranjera-y-conflictos-territoriales\/","og_locale":"es_ES","og_type":"article","og_title":"Foro de la Triple Frontera cuestiona injerencia extranjera y conflictos territoriales - Fronteira Livre","og_description":"Organizaciones sociales de Argentina, Brasil y Paraguay se reunieron en el VI Foro Social y Popular de la Triple Frontera para abordar","og_url":"https:\/\/fronteiralivre.com.br\/es\/foro-de-la-triple-frontera-cuestiona-injerencia-extranjera-y-conflictos-territoriales\/","og_site_name":"Fronteira Livre","article_published_time":"2026-08-28T23:26:22+00:00","article_modified_time":"2026-08-28T23:30:14+00:00","og_image":[{"width":1140,"height":570,"url":"https:\/\/fronteiralivre.com.br\/es\/wp-content\/uploads\/2026\/08\/Untitled-design-3.webp","type":"image\/webp"}],"author":"Steve Rodr\u00edguez","twitter_card":"summary_large_image","twitter_misc":{"Escrito por":"Steve Rodr\u00edguez","Tiempo de lectura":"4 minutos"},"schema":{"@context":"https:\/\/schema.org","@graph":[{"@type":"Article","@id":"https:\/\/fronteiralivre.com.br\/es\/foro-de-la-triple-frontera-cuestiona-injerencia-extranjera-y-conflictos-territoriales\/#article","isPartOf":{"@id":"https:\/\/fronteiralivre.com.br\/es\/foro-de-la-triple-frontera-cuestiona-injerencia-extranjera-y-conflictos-territoriales\/"},"author":{"name":"Steve Rodr\u00edguez","@id":"https:\/\/fronteiralivre.com.br\/es\/#\/schema\/person\/3c3ddfa3b04a2720a84b3f9bdf3dbd6b"},"headline":"Foro de la Triple Frontera cuestiona injerencia extranjera y conflictos territoriales","datePublished":"2026-08-28T23:26:22+00:00","dateModified":"2026-08-28T23:30:14+00:00","mainEntityOfPage":{"@id":"https:\/\/fronteiralivre.com.br\/es\/foro-de-la-triple-frontera-cuestiona-injerencia-extranjera-y-conflictos-territoriales\/"},"wordCount":768,"commentCount":0,"image":{"@id":"https:\/\/fronteiralivre.com.br\/es\/foro-de-la-triple-frontera-cuestiona-injerencia-extranjera-y-conflictos-territoriales\/#primaryimage"},"thumbnailUrl":"https:\/\/fronteiralivre.com.br\/es\/wp-content\/uploads\/2026\/08\/Untitled-design-3.webp","keywords":["Agroneg\u00f3cio","agrotoxicos","Am\u00e9rica Latina","Argentina","Brasil","campesinos","comunidades ind\u00edgenas","derechos humanos","Destaque","Movimientos sociales","Paraguay","Soberan\u00eda Alimentaria","territorios ancestrales","Unila"],"articleSection":["Foro Social y Popular de la Triple Frontera"],"inLanguage":"es-AR","potentialAction":[{"@type":"CommentAction","name":"Comment","target":["https:\/\/fronteiralivre.com.br\/es\/foro-de-la-triple-frontera-cuestiona-injerencia-extranjera-y-conflictos-territoriales\/#respond"]}]},{"@type":"WebPage","@id":"https:\/\/fronteiralivre.com.br\/es\/foro-de-la-triple-frontera-cuestiona-injerencia-extranjera-y-conflictos-territoriales\/","url":"https:\/\/fronteiralivre.com.br\/es\/foro-de-la-triple-frontera-cuestiona-injerencia-extranjera-y-conflictos-territoriales\/","name":"Foro de la Triple Frontera cuestiona injerencia extranjera y conflictos territoriales - Fronteira Livre","isPartOf":{"@id":"https:\/\/fronteiralivre.com.br\/es\/#website"},"primaryImageOfPage":{"@id":"https:\/\/fronteiralivre.com.br\/es\/foro-de-la-triple-frontera-cuestiona-injerencia-extranjera-y-conflictos-territoriales\/#primaryimage"},"image":{"@id":"https:\/\/fronteiralivre.com.br\/es\/foro-de-la-triple-frontera-cuestiona-injerencia-extranjera-y-conflictos-territoriales\/#primaryimage"},"thumbnailUrl":"https:\/\/fronteiralivre.com.br\/es\/wp-content\/uploads\/2026\/08\/Untitled-design-3.webp","datePublished":"2026-08-28T23:26:22+00:00","dateModified":"2026-08-28T23:30:14+00:00","author":{"@id":"https:\/\/fronteiralivre.com.br\/es\/#\/schema\/person\/3c3ddfa3b04a2720a84b3f9bdf3dbd6b"},"description":"Organizaciones sociales de Argentina, Brasil y Paraguay se reunieron en el VI Foro Social y Popular de la Triple Frontera para abordar","breadcrumb":{"@id":"https:\/\/fronteiralivre.com.br\/es\/foro-de-la-triple-frontera-cuestiona-injerencia-extranjera-y-conflictos-territoriales\/#breadcrumb"},"inLanguage":"es-AR","potentialAction":[{"@type":"ReadAction","target":["https:\/\/fronteiralivre.com.br\/es\/foro-de-la-triple-frontera-cuestiona-injerencia-extranjera-y-conflictos-territoriales\/"]}]},{"@type":"ImageObject","inLanguage":"es-AR","@id":"https:\/\/fronteiralivre.com.br\/es\/foro-de-la-triple-frontera-cuestiona-injerencia-extranjera-y-conflictos-territoriales\/#primaryimage","url":"https:\/\/fronteiralivre.com.br\/es\/wp-content\/uploads\/2026\/08\/Untitled-design-3.webp","contentUrl":"https:\/\/fronteiralivre.com.br\/es\/wp-content\/uploads\/2026\/08\/Untitled-design-3.webp","width":1140,"height":570,"caption":"Foto: Divulgaci\u00f3n."},{"@type":"BreadcrumbList","@id":"https:\/\/fronteiralivre.com.br\/es\/foro-de-la-triple-frontera-cuestiona-injerencia-extranjera-y-conflictos-territoriales\/#breadcrumb","itemListElement":[{"@type":"ListItem","position":1,"name":"Home","item":"https:\/\/fronteiralivre.com.br\/es\/"},{"@type":"ListItem","position":2,"name":"Foro de la Triple Frontera cuestiona injerencia extranjera y conflictos territoriales"}]},{"@type":"WebSite","@id":"https:\/\/fronteiralivre.com.br\/es\/#website","url":"https:\/\/fronteiralivre.com.br\/es\/","name":"Fronteira Livre","description":"De Foz do Igua\u00e7u para el mundo.","potentialAction":[{"@type":"SearchAction","target":{"@type":"EntryPoint","urlTemplate":"https:\/\/fronteiralivre.com.br\/es\/?s={search_term_string}"},"query-input":{"@type":"PropertyValueSpecification","valueRequired":true,"valueName":"search_term_string"}}],"inLanguage":"es-AR"},{"@type":"Person","@id":"https:\/\/fronteiralivre.com.br\/es\/#\/schema\/person\/3c3ddfa3b04a2720a84b3f9bdf3dbd6b","name":"Steve Rodr\u00edguez","image":{"@type":"ImageObject","inLanguage":"es-AR","@id":"https:\/\/secure.gravatar.com\/avatar\/fc4acaf4a72962ec0c75e1dba58041dba48457881f6bce3b14ad81e35610c6f3?s=96&d=mm&r=g","url":"https:\/\/secure.gravatar.com\/avatar\/fc4acaf4a72962ec0c75e1dba58041dba48457881f6bce3b14ad81e35610c6f3?s=96&d=mm&r=g","contentUrl":"https:\/\/secure.gravatar.com\/avatar\/fc4acaf4a72962ec0c75e1dba58041dba48457881f6bce3b14ad81e35610c6f3?s=96&d=mm&r=g","caption":"Steve Rodr\u00edguez"},"description":"Steve Rodr\u00edguez es reportero de Fronteira Livre, investigador y doctorando en la Universidad Federal de Integraci\u00f3n Latinoamericana (UNILA). Posee una formaci\u00f3n interdisciplinaria en narrativa audiovisual, estudios culturales latinoamericanos y pr\u00e1cticas pedag\u00f3gicas anticoloniales. Su trayectoria articula la creaci\u00f3n art\u00edstica en \u00e1mbitos como el teatro, el cine y la cultura visual con la reflexi\u00f3n cr\u00edtica y la investigaci\u00f3n acad\u00e9mica, desde una perspectiva inspirada en los estudios visuales desarrollados por Nicholas Mirzoeff.","url":"https:\/\/fronteiralivre.com.br\/es\/author\/steverodrigues\/"}]}},"_links":{"self":[{"href":"https:\/\/fronteiralivre.com.br\/es\/wp-json\/wp\/v2\/posts\/816","targetHints":{"allow":["GET"]}}],"collection":[{"href":"https:\/\/fronteiralivre.com.br\/es\/wp-json\/wp\/v2\/posts"}],"about":[{"href":"https:\/\/fronteiralivre.com.br\/es\/wp-json\/wp\/v2\/types\/post"}],"author":[{"embeddable":true,"href":"https:\/\/fronteiralivre.com.br\/es\/wp-json\/wp\/v2\/users\/7"}],"replies":[{"embeddable":true,"href":"https:\/\/fronteiralivre.com.br\/es\/wp-json\/wp\/v2\/comments?post=816"}],"version-history":[{"count":3,"href":"https:\/\/fronteiralivre.com.br\/es\/wp-json\/wp\/v2\/posts\/816\/revisions"}],"predecessor-version":[{"id":822,"href":"https:\/\/fronteiralivre.com.br\/es\/wp-json\/wp\/v2\/posts\/816\/revisions\/822"}],"wp:featuredmedia":[{"embeddable":true,"href":"https:\/\/fronteiralivre.com.br\/es\/wp-json\/wp\/v2\/media\/817"}],"wp:attachment":[{"href":"https:\/\/fronteiralivre.com.br\/es\/wp-json\/wp\/v2\/media?parent=816"}],"wp:term":[{"taxonomy":"category","embeddable":true,"href":"https:\/\/fronteiralivre.com.br\/es\/wp-json\/wp\/v2\/categories?post=816"},{"taxonomy":"post_tag","embeddable":true,"href":"https:\/\/fronteiralivre.com.br\/es\/wp-json\/wp\/v2\/tags?post=816"}],"curies":[{"name":"wp","href":"https:\/\/api.w.org\/{rel}","templated":true}]}}