{"id":336,"date":"2026-07-16T12:19:56","date_gmt":"2026-07-16T12:19:56","guid":{"rendered":"https:\/\/fronteiralivre.com.br\/es\/convivio-tabor-celebrara-la-16-a-edicion-del-risotto-de-ahumados\/"},"modified":"2026-07-16T12:19:56","modified_gmt":"2026-07-16T12:19:56","slug":"convivio-tabor-celebrara-la-16-a-edicion-del-risotto-de-ahumados","status":"publish","type":"post","link":"https:\/\/fronteiralivre.com.br\/es\/convivio-tabor-celebrara-la-16-a-edicion-del-risotto-de-ahumados\/","title":{"rendered":"Conv\u00edvio Tabor celebrar\u00e1 la 16.\u00aa edici\u00f3n del Risotto de Ahumados"},"content":{"rendered":"<p><strong>Foz do Iguaz\u00fa, PR<\/strong> &#8211; El Movimiento Conv\u00edvio Tabor celebrar\u00e1 el pr\u00f3ximo 15 de agosto la <strong>16.\u00aa edici\u00f3n del tradicional Risotto de Ahumados<\/strong>. La cena-baile se realizar\u00e1 en el CTG Charrua, en Foz do Igua\u00e7u, a partir de las 19:30, con la presentaci\u00f3n de la banda Gaud\u00e9rios D&#8217;Candieiro. Las entradas ya est\u00e1n disponibles y pueden adquirirse llamando al <strong data-start=\"986\" data-end=\"1009\">(+55 45) 99107-3302<\/strong>.<\/p>\n<p data-start=\"1012\" data-end=\"1451\">Los asistentes podr\u00e1n elegir entre dos modalidades de entrada. La mesa completa, con capacidad para seis personas, tiene un costo de US$ 81 (equivalente a R$ 450). Tambi\u00e9n est\u00e1 disponible la entrada individual por US$ 14 (equivalente a R$ 75), con asiento previamente asignado. Los ni\u00f1os de hasta 5 a\u00f1os ingresan gratuitamente, mientras que aquellos de entre 6 y 12 a\u00f1os pagan media entrada sobre el valor de la entrada individual.<\/p>\n<p data-start=\"1453\" data-end=\"1669\">Adem\u00e1s del tradicional risotto de ahumados, preparado con carne de cerdo y tocino, el men\u00fa incluir\u00e1 opciones de risotto de salame, pollo y vegetariano. La cena tambi\u00e9n contar\u00e1 con un buf\u00e9 de ensaladas y guarniciones.<\/p>\n<blockquote>\n<p data-start=\"1671\" data-end=\"1793\">&#8220;Invitamos a todas las familias a acompa\u00f1arnos y compartir una noche agradable, con buena comida y m\u00fasica de calidad.&#8221;<\/p>\n<\/blockquote>\n<p>Despu\u00e9s de la cena, la banda <strong data-start=\"1824\" data-end=\"1849\">Gaud\u00e9rios D&#8217;Candieiro<\/strong> animar\u00e1 la velada con un repertorio de m\u00fasica tradicional ga\u00facha y grandes cl\u00e1sicos que prometen mantener al p\u00fablico en la pista de baile. Todo lo recaudado durante el evento ser\u00e1 destinado a las actividades religiosas desarrolladas por el Movimiento Conv\u00edvio Tabor.<\/p>\n<p><em><strong>Nota:<\/strong> Los valores en d\u00f3lares son aproximados, calculados con un tipo de cambio cercano a 1 USD \u2248 5,55 BRL, \u00fanicamente con fines informativos para los lectores internacionales.<\/em><\/p>\n","protected":false},"excerpt":{"rendered":"<p>Foz do Iguaz\u00fa, PR &#8211; El Movimiento Conv\u00edvio Tabor celebrar\u00e1 el pr\u00f3ximo 15 de agosto la 16.\u00aa edici\u00f3n del tradicional Risotto de Ahumados. La cena-baile se realizar\u00e1 en el CTG Charrua, en Foz do Igua\u00e7u, a partir de las 19:30, con la presentaci\u00f3n de la banda Gaud\u00e9rios D&#8217;Candieiro. Las entradas ya est\u00e1n disponibles y pueden [&hellip;]<\/p>\n","protected":false},"author":7,"featured_media":337,"comment_status":"open","ping_status":"open","sticky":false,"template":"","format":"standard","meta":{"_sub_headline":"La tradicional cena-baile ofrecer\u00e1 cuatro opciones de risotto, presentaci\u00f3n de la banda Gaud\u00e9rios D'Candieiro y entradas ya disponibles para el p\u00fablico","videourl":"","footnotes":""},"categories":[28],"tags":[1120,1121,79,1122,1123,1124,1125,609,1027,613,1126,329,525],"class_list":["post-336","post","type-post","status-publish","format-standard","has-post-thumbnail","hentry","category-movida-latam","tag-artistas","tag-baile","tag-brasil","tag-cena","tag-comida-gaucha","tag-convivio-tabor","tag-entradas","tag-evento-cultural","tag-familia","tag-musica","tag-risotto","tag-triple-frontera","tag-turismo"],"yoast_head":"<!-- This site is optimized with the Yoast SEO plugin v28.3 - https:\/\/yoast.com\/product\/yoast-seo-wordpress\/ -->\n<title>Conv\u00edvio Tabor celebrar\u00e1 la 16.\u00aa edici\u00f3n del Risotto de Ahumados | Fronteira Livre<\/title>\n<meta name=\"description\" content=\"El Movimiento Conv\u00edvio Tabor realizar\u00e1 el 15 de agosto la 16.\u00aa edici\u00f3n del Risotto de Ahumados en Foz do Igua\u00e7u, con cena, m\u00fasica en vivo y\" \/>\n<meta name=\"robots\" content=\"index, follow, max-snippet:-1, max-image-preview:large, max-video-preview:-1\" \/>\n<link rel=\"canonical\" href=\"https:\/\/fronteiralivre.com.br\/es\/convivio-tabor-celebrara-la-16-a-edicion-del-risotto-de-ahumados\/\" \/>\n<meta property=\"og:locale\" content=\"es_ES\" \/>\n<meta property=\"og:type\" content=\"article\" \/>\n<meta property=\"og:title\" content=\"Conv\u00edvio Tabor celebrar\u00e1 la 16.\u00aa edici\u00f3n del Risotto de Ahumados | Fronteira Livre\" \/>\n<meta property=\"og:description\" content=\"El Movimiento Conv\u00edvio Tabor realizar\u00e1 el 15 de agosto la 16.\u00aa edici\u00f3n del Risotto de Ahumados en Foz do Igua\u00e7u, con cena, m\u00fasica en vivo y\" \/>\n<meta property=\"og:url\" content=\"https:\/\/fronteiralivre.com.br\/es\/convivio-tabor-celebrara-la-16-a-edicion-del-risotto-de-ahumados\/\" \/>\n<meta property=\"og:site_name\" content=\"Fronteira Livre\" \/>\n<meta property=\"article:published_time\" content=\"2026-07-16T12:19:56+00:00\" \/>\n<meta property=\"og:image\" content=\"https:\/\/fronteiralivre.com.br\/es\/wp-content\/uploads\/2026\/07\/q-2-7.webp\" \/>\n\t<meta property=\"og:image:width\" content=\"1140\" \/>\n\t<meta property=\"og:image:height\" content=\"570\" \/>\n\t<meta property=\"og:image:type\" content=\"image\/webp\" \/>\n<meta name=\"author\" content=\"Steve Rodr\u00edguez\" \/>\n<meta name=\"twitter:card\" content=\"summary_large_image\" \/>\n<meta name=\"twitter:label1\" content=\"Escrito por\" \/>\n\t<meta name=\"twitter:data1\" content=\"Steve Rodr\u00edguez\" \/>\n\t<meta name=\"twitter:label2\" content=\"Tiempo de lectura\" \/>\n\t<meta name=\"twitter:data2\" content=\"2 minutos\" \/>\n<script type=\"application\/ld+json\" class=\"yoast-schema-graph\">{\"@context\":\"https:\\\/\\\/schema.org\",\"@graph\":[{\"@type\":\"Article\",\"@id\":\"https:\\\/\\\/fronteiralivre.com.br\\\/es\\\/convivio-tabor-celebrara-la-16-a-edicion-del-risotto-de-ahumados\\\/#article\",\"isPartOf\":{\"@id\":\"https:\\\/\\\/fronteiralivre.com.br\\\/es\\\/convivio-tabor-celebrara-la-16-a-edicion-del-risotto-de-ahumados\\\/\"},\"author\":{\"name\":\"Steve Rodr\u00edguez\",\"@id\":\"https:\\\/\\\/fronteiralivre.com.br\\\/es\\\/#\\\/schema\\\/person\\\/3c3ddfa3b04a2720a84b3f9bdf3dbd6b\"},\"headline\":\"Conv\u00edvio Tabor celebrar\u00e1 la 16.\u00aa edici\u00f3n del Risotto de Ahumados\",\"datePublished\":\"2026-07-16T12:19:56+00:00\",\"mainEntityOfPage\":{\"@id\":\"https:\\\/\\\/fronteiralivre.com.br\\\/es\\\/convivio-tabor-celebrara-la-16-a-edicion-del-risotto-de-ahumados\\\/\"},\"wordCount\":284,\"commentCount\":0,\"image\":{\"@id\":\"https:\\\/\\\/fronteiralivre.com.br\\\/es\\\/convivio-tabor-celebrara-la-16-a-edicion-del-risotto-de-ahumados\\\/#primaryimage\"},\"thumbnailUrl\":\"https:\\\/\\\/fronteiralivre.com.br\\\/es\\\/wp-content\\\/uploads\\\/2026\\\/07\\\/q-2-7.webp\",\"keywords\":[\"Artistas\",\"baile\",\"Brasil\",\"Cena\",\"comida ga\u00facha\",\"Conv\u00edvio Tabor\",\"entradas\",\"evento cultural\",\"Fam\u00edlia\",\"M\u00fasica\",\"Risotto\",\"Triple Frontera\",\"Turismo\"],\"articleSection\":[\"Movida Latam\"],\"inLanguage\":\"es-AR\",\"potentialAction\":[{\"@type\":\"CommentAction\",\"name\":\"Comment\",\"target\":[\"https:\\\/\\\/fronteiralivre.com.br\\\/es\\\/convivio-tabor-celebrara-la-16-a-edicion-del-risotto-de-ahumados\\\/#respond\"]}]},{\"@type\":\"WebPage\",\"@id\":\"https:\\\/\\\/fronteiralivre.com.br\\\/es\\\/convivio-tabor-celebrara-la-16-a-edicion-del-risotto-de-ahumados\\\/\",\"url\":\"https:\\\/\\\/fronteiralivre.com.br\\\/es\\\/convivio-tabor-celebrara-la-16-a-edicion-del-risotto-de-ahumados\\\/\",\"name\":\"Conv\u00edvio Tabor celebrar\u00e1 la 16.\u00aa edici\u00f3n del Risotto de Ahumados | Fronteira Livre\",\"isPartOf\":{\"@id\":\"https:\\\/\\\/fronteiralivre.com.br\\\/es\\\/#website\"},\"primaryImageOfPage\":{\"@id\":\"https:\\\/\\\/fronteiralivre.com.br\\\/es\\\/convivio-tabor-celebrara-la-16-a-edicion-del-risotto-de-ahumados\\\/#primaryimage\"},\"image\":{\"@id\":\"https:\\\/\\\/fronteiralivre.com.br\\\/es\\\/convivio-tabor-celebrara-la-16-a-edicion-del-risotto-de-ahumados\\\/#primaryimage\"},\"thumbnailUrl\":\"https:\\\/\\\/fronteiralivre.com.br\\\/es\\\/wp-content\\\/uploads\\\/2026\\\/07\\\/q-2-7.webp\",\"datePublished\":\"2026-07-16T12:19:56+00:00\",\"author\":{\"@id\":\"https:\\\/\\\/fronteiralivre.com.br\\\/es\\\/#\\\/schema\\\/person\\\/3c3ddfa3b04a2720a84b3f9bdf3dbd6b\"},\"description\":\"El Movimiento Conv\u00edvio Tabor realizar\u00e1 el 15 de agosto la 16.\u00aa edici\u00f3n del Risotto de Ahumados en Foz do Igua\u00e7u, con cena, m\u00fasica en vivo y\",\"breadcrumb\":{\"@id\":\"https:\\\/\\\/fronteiralivre.com.br\\\/es\\\/convivio-tabor-celebrara-la-16-a-edicion-del-risotto-de-ahumados\\\/#breadcrumb\"},\"inLanguage\":\"es-AR\",\"potentialAction\":[{\"@type\":\"ReadAction\",\"target\":[\"https:\\\/\\\/fronteiralivre.com.br\\\/es\\\/convivio-tabor-celebrara-la-16-a-edicion-del-risotto-de-ahumados\\\/\"]}]},{\"@type\":\"ImageObject\",\"inLanguage\":\"es-AR\",\"@id\":\"https:\\\/\\\/fronteiralivre.com.br\\\/es\\\/convivio-tabor-celebrara-la-16-a-edicion-del-risotto-de-ahumados\\\/#primaryimage\",\"url\":\"https:\\\/\\\/fronteiralivre.com.br\\\/es\\\/wp-content\\\/uploads\\\/2026\\\/07\\\/q-2-7.webp\",\"contentUrl\":\"https:\\\/\\\/fronteiralivre.com.br\\\/es\\\/wp-content\\\/uploads\\\/2026\\\/07\\\/q-2-7.webp\",\"width\":1140,\"height\":570},{\"@type\":\"BreadcrumbList\",\"@id\":\"https:\\\/\\\/fronteiralivre.com.br\\\/es\\\/convivio-tabor-celebrara-la-16-a-edicion-del-risotto-de-ahumados\\\/#breadcrumb\",\"itemListElement\":[{\"@type\":\"ListItem\",\"position\":1,\"name\":\"Home\",\"item\":\"https:\\\/\\\/fronteiralivre.com.br\\\/es\\\/\"},{\"@type\":\"ListItem\",\"position\":2,\"name\":\"Conv\u00edvio Tabor celebrar\u00e1 la 16.\u00aa edici\u00f3n del Risotto de Ahumados\"}]},{\"@type\":\"WebSite\",\"@id\":\"https:\\\/\\\/fronteiralivre.com.br\\\/es\\\/#website\",\"url\":\"https:\\\/\\\/fronteiralivre.com.br\\\/es\\\/\",\"name\":\"Fronteira Livre\",\"description\":\"De Foz do Igua\u00e7u para el mundo.\",\"potentialAction\":[{\"@type\":\"SearchAction\",\"target\":{\"@type\":\"EntryPoint\",\"urlTemplate\":\"https:\\\/\\\/fronteiralivre.com.br\\\/es\\\/?s={search_term_string}\"},\"query-input\":{\"@type\":\"PropertyValueSpecification\",\"valueRequired\":true,\"valueName\":\"search_term_string\"}}],\"inLanguage\":\"es-AR\"},{\"@type\":\"Person\",\"@id\":\"https:\\\/\\\/fronteiralivre.com.br\\\/es\\\/#\\\/schema\\\/person\\\/3c3ddfa3b04a2720a84b3f9bdf3dbd6b\",\"name\":\"Steve Rodr\u00edguez\",\"image\":{\"@type\":\"ImageObject\",\"inLanguage\":\"es-AR\",\"@id\":\"https:\\\/\\\/secure.gravatar.com\\\/avatar\\\/fc4acaf4a72962ec0c75e1dba58041dba48457881f6bce3b14ad81e35610c6f3?s=96&d=mm&r=g\",\"url\":\"https:\\\/\\\/secure.gravatar.com\\\/avatar\\\/fc4acaf4a72962ec0c75e1dba58041dba48457881f6bce3b14ad81e35610c6f3?s=96&d=mm&r=g\",\"contentUrl\":\"https:\\\/\\\/secure.gravatar.com\\\/avatar\\\/fc4acaf4a72962ec0c75e1dba58041dba48457881f6bce3b14ad81e35610c6f3?s=96&d=mm&r=g\",\"caption\":\"Steve Rodr\u00edguez\"},\"description\":\"Steve Rodr\u00edguez es reportero de Fronteira Livre, investigador y doctorando en la Universidad Federal de Integraci\u00f3n Latinoamericana (UNILA). Posee una formaci\u00f3n interdisciplinaria en narrativa audiovisual, estudios culturales latinoamericanos y pr\u00e1cticas pedag\u00f3gicas anticoloniales. Su trayectoria articula la creaci\u00f3n art\u00edstica en \u00e1mbitos como el teatro, el cine y la cultura visual con la reflexi\u00f3n cr\u00edtica y la investigaci\u00f3n acad\u00e9mica, desde una perspectiva inspirada en los estudios visuales desarrollados por Nicholas Mirzoeff.\",\"url\":\"https:\\\/\\\/fronteiralivre.com.br\\\/es\\\/author\\\/steverodrigues\\\/\"}]}<\/script>\n<!-- \/ Yoast SEO plugin. -->","yoast_head_json":{"title":"Conv\u00edvio Tabor celebrar\u00e1 la 16.\u00aa edici\u00f3n del Risotto de Ahumados | Fronteira Livre","description":"El Movimiento Conv\u00edvio Tabor realizar\u00e1 el 15 de agosto la 16.\u00aa edici\u00f3n del Risotto de Ahumados en Foz do Igua\u00e7u, con cena, m\u00fasica en vivo y","robots":{"index":"index","follow":"follow","max-snippet":"max-snippet:-1","max-image-preview":"max-image-preview:large","max-video-preview":"max-video-preview:-1"},"canonical":"https:\/\/fronteiralivre.com.br\/es\/convivio-tabor-celebrara-la-16-a-edicion-del-risotto-de-ahumados\/","og_locale":"es_ES","og_type":"article","og_title":"Conv\u00edvio Tabor celebrar\u00e1 la 16.\u00aa edici\u00f3n del Risotto de Ahumados | Fronteira Livre","og_description":"El Movimiento Conv\u00edvio Tabor realizar\u00e1 el 15 de agosto la 16.\u00aa edici\u00f3n del Risotto de Ahumados en Foz do Igua\u00e7u, con cena, m\u00fasica en vivo y","og_url":"https:\/\/fronteiralivre.com.br\/es\/convivio-tabor-celebrara-la-16-a-edicion-del-risotto-de-ahumados\/","og_site_name":"Fronteira Livre","article_published_time":"2026-07-16T12:19:56+00:00","og_image":[{"width":1140,"height":570,"url":"https:\/\/fronteiralivre.com.br\/es\/wp-content\/uploads\/2026\/07\/q-2-7.webp","type":"image\/webp"}],"author":"Steve Rodr\u00edguez","twitter_card":"summary_large_image","twitter_misc":{"Escrito por":"Steve Rodr\u00edguez","Tiempo de lectura":"2 minutos"},"schema":{"@context":"https:\/\/schema.org","@graph":[{"@type":"Article","@id":"https:\/\/fronteiralivre.com.br\/es\/convivio-tabor-celebrara-la-16-a-edicion-del-risotto-de-ahumados\/#article","isPartOf":{"@id":"https:\/\/fronteiralivre.com.br\/es\/convivio-tabor-celebrara-la-16-a-edicion-del-risotto-de-ahumados\/"},"author":{"name":"Steve Rodr\u00edguez","@id":"https:\/\/fronteiralivre.com.br\/es\/#\/schema\/person\/3c3ddfa3b04a2720a84b3f9bdf3dbd6b"},"headline":"Conv\u00edvio Tabor celebrar\u00e1 la 16.\u00aa edici\u00f3n del Risotto de Ahumados","datePublished":"2026-07-16T12:19:56+00:00","mainEntityOfPage":{"@id":"https:\/\/fronteiralivre.com.br\/es\/convivio-tabor-celebrara-la-16-a-edicion-del-risotto-de-ahumados\/"},"wordCount":284,"commentCount":0,"image":{"@id":"https:\/\/fronteiralivre.com.br\/es\/convivio-tabor-celebrara-la-16-a-edicion-del-risotto-de-ahumados\/#primaryimage"},"thumbnailUrl":"https:\/\/fronteiralivre.com.br\/es\/wp-content\/uploads\/2026\/07\/q-2-7.webp","keywords":["Artistas","baile","Brasil","Cena","comida ga\u00facha","Conv\u00edvio Tabor","entradas","evento cultural","Fam\u00edlia","M\u00fasica","Risotto","Triple Frontera","Turismo"],"articleSection":["Movida Latam"],"inLanguage":"es-AR","potentialAction":[{"@type":"CommentAction","name":"Comment","target":["https:\/\/fronteiralivre.com.br\/es\/convivio-tabor-celebrara-la-16-a-edicion-del-risotto-de-ahumados\/#respond"]}]},{"@type":"WebPage","@id":"https:\/\/fronteiralivre.com.br\/es\/convivio-tabor-celebrara-la-16-a-edicion-del-risotto-de-ahumados\/","url":"https:\/\/fronteiralivre.com.br\/es\/convivio-tabor-celebrara-la-16-a-edicion-del-risotto-de-ahumados\/","name":"Conv\u00edvio Tabor celebrar\u00e1 la 16.\u00aa edici\u00f3n del Risotto de Ahumados | Fronteira Livre","isPartOf":{"@id":"https:\/\/fronteiralivre.com.br\/es\/#website"},"primaryImageOfPage":{"@id":"https:\/\/fronteiralivre.com.br\/es\/convivio-tabor-celebrara-la-16-a-edicion-del-risotto-de-ahumados\/#primaryimage"},"image":{"@id":"https:\/\/fronteiralivre.com.br\/es\/convivio-tabor-celebrara-la-16-a-edicion-del-risotto-de-ahumados\/#primaryimage"},"thumbnailUrl":"https:\/\/fronteiralivre.com.br\/es\/wp-content\/uploads\/2026\/07\/q-2-7.webp","datePublished":"2026-07-16T12:19:56+00:00","author":{"@id":"https:\/\/fronteiralivre.com.br\/es\/#\/schema\/person\/3c3ddfa3b04a2720a84b3f9bdf3dbd6b"},"description":"El Movimiento Conv\u00edvio Tabor realizar\u00e1 el 15 de agosto la 16.\u00aa edici\u00f3n del Risotto de Ahumados en Foz do Igua\u00e7u, con cena, m\u00fasica en vivo y","breadcrumb":{"@id":"https:\/\/fronteiralivre.com.br\/es\/convivio-tabor-celebrara-la-16-a-edicion-del-risotto-de-ahumados\/#breadcrumb"},"inLanguage":"es-AR","potentialAction":[{"@type":"ReadAction","target":["https:\/\/fronteiralivre.com.br\/es\/convivio-tabor-celebrara-la-16-a-edicion-del-risotto-de-ahumados\/"]}]},{"@type":"ImageObject","inLanguage":"es-AR","@id":"https:\/\/fronteiralivre.com.br\/es\/convivio-tabor-celebrara-la-16-a-edicion-del-risotto-de-ahumados\/#primaryimage","url":"https:\/\/fronteiralivre.com.br\/es\/wp-content\/uploads\/2026\/07\/q-2-7.webp","contentUrl":"https:\/\/fronteiralivre.com.br\/es\/wp-content\/uploads\/2026\/07\/q-2-7.webp","width":1140,"height":570},{"@type":"BreadcrumbList","@id":"https:\/\/fronteiralivre.com.br\/es\/convivio-tabor-celebrara-la-16-a-edicion-del-risotto-de-ahumados\/#breadcrumb","itemListElement":[{"@type":"ListItem","position":1,"name":"Home","item":"https:\/\/fronteiralivre.com.br\/es\/"},{"@type":"ListItem","position":2,"name":"Conv\u00edvio Tabor celebrar\u00e1 la 16.\u00aa edici\u00f3n del Risotto de Ahumados"}]},{"@type":"WebSite","@id":"https:\/\/fronteiralivre.com.br\/es\/#website","url":"https:\/\/fronteiralivre.com.br\/es\/","name":"Fronteira Livre","description":"De Foz do Igua\u00e7u para el mundo.","potentialAction":[{"@type":"SearchAction","target":{"@type":"EntryPoint","urlTemplate":"https:\/\/fronteiralivre.com.br\/es\/?s={search_term_string}"},"query-input":{"@type":"PropertyValueSpecification","valueRequired":true,"valueName":"search_term_string"}}],"inLanguage":"es-AR"},{"@type":"Person","@id":"https:\/\/fronteiralivre.com.br\/es\/#\/schema\/person\/3c3ddfa3b04a2720a84b3f9bdf3dbd6b","name":"Steve Rodr\u00edguez","image":{"@type":"ImageObject","inLanguage":"es-AR","@id":"https:\/\/secure.gravatar.com\/avatar\/fc4acaf4a72962ec0c75e1dba58041dba48457881f6bce3b14ad81e35610c6f3?s=96&d=mm&r=g","url":"https:\/\/secure.gravatar.com\/avatar\/fc4acaf4a72962ec0c75e1dba58041dba48457881f6bce3b14ad81e35610c6f3?s=96&d=mm&r=g","contentUrl":"https:\/\/secure.gravatar.com\/avatar\/fc4acaf4a72962ec0c75e1dba58041dba48457881f6bce3b14ad81e35610c6f3?s=96&d=mm&r=g","caption":"Steve Rodr\u00edguez"},"description":"Steve Rodr\u00edguez es reportero de Fronteira Livre, investigador y doctorando en la Universidad Federal de Integraci\u00f3n Latinoamericana (UNILA). Posee una formaci\u00f3n interdisciplinaria en narrativa audiovisual, estudios culturales latinoamericanos y pr\u00e1cticas pedag\u00f3gicas anticoloniales. Su trayectoria articula la creaci\u00f3n art\u00edstica en \u00e1mbitos como el teatro, el cine y la cultura visual con la reflexi\u00f3n cr\u00edtica y la investigaci\u00f3n acad\u00e9mica, desde una perspectiva inspirada en los estudios visuales desarrollados por Nicholas Mirzoeff.","url":"https:\/\/fronteiralivre.com.br\/es\/author\/steverodrigues\/"}]}},"_links":{"self":[{"href":"https:\/\/fronteiralivre.com.br\/es\/wp-json\/wp\/v2\/posts\/336","targetHints":{"allow":["GET"]}}],"collection":[{"href":"https:\/\/fronteiralivre.com.br\/es\/wp-json\/wp\/v2\/posts"}],"about":[{"href":"https:\/\/fronteiralivre.com.br\/es\/wp-json\/wp\/v2\/types\/post"}],"author":[{"embeddable":true,"href":"https:\/\/fronteiralivre.com.br\/es\/wp-json\/wp\/v2\/users\/7"}],"replies":[{"embeddable":true,"href":"https:\/\/fronteiralivre.com.br\/es\/wp-json\/wp\/v2\/comments?post=336"}],"version-history":[{"count":0,"href":"https:\/\/fronteiralivre.com.br\/es\/wp-json\/wp\/v2\/posts\/336\/revisions"}],"wp:featuredmedia":[{"embeddable":true,"href":"https:\/\/fronteiralivre.com.br\/es\/wp-json\/wp\/v2\/media\/337"}],"wp:attachment":[{"href":"https:\/\/fronteiralivre.com.br\/es\/wp-json\/wp\/v2\/media?parent=336"}],"wp:term":[{"taxonomy":"category","embeddable":true,"href":"https:\/\/fronteiralivre.com.br\/es\/wp-json\/wp\/v2\/categories?post=336"},{"taxonomy":"post_tag","embeddable":true,"href":"https:\/\/fronteiralivre.com.br\/es\/wp-json\/wp\/v2\/tags?post=336"}],"curies":[{"name":"wp","href":"https:\/\/api.w.org\/{rel}","templated":true}]}}